{"id":121918,"date":"2025-12-26T00:14:44","date_gmt":"2025-12-26T00:14:44","guid":{"rendered":"https:\/\/www.europesays.com\/no\/121918\/"},"modified":"2025-12-26T00:14:44","modified_gmt":"2025-12-26T00:14:44","slug":"kamikaze-tips-for-obos-ligaen-2026-vg","status":"publish","type":"post","link":"https:\/\/www.europesays.com\/no\/121918\/","title":{"rendered":"(+) Kamikaze-tips for Obos-ligaen 2026 &#8211; VG"},"content":{"rendered":"<ol>\n<li><a href=\"https:\/\/news.google.com\/rss\/articles\/CBMidkFVX3lxTFB3SVYtUXN5S2VtVDNLM2pjRHB2U3VfRmJxcDJ4SFlLMFk0OVMxaS1tQ2pwSjZqaXdiRVhHalFyeFVYMWdxOERNYnJUZGk4NVVpZ1FHaWJSN2pMYW85RFQ2ZEdMcXFoeVVpaEpuSWg2cUppTFlWdVE?oc=5\" target=\"_blank\" rel=\"nofollow noopener\">(+) Kamikaze-tips for Obos-ligaen 2026<\/a>&nbsp;&nbsp;VG<\/li>\n<li><a href=\"https:\/\/news.google.com\/rss\/articles\/CBMigAFBVV95cUxOVl9LNVppaVB4V1lwdTdaMTVRbzRfUXdUSDVmd25CLWRXb0lCOXN2LXRJcGU5MmpHbUpSZWpnSF9jcGYxRUFIejllS3BBSjhreUVFVXpuOEhMQ3B6VHIxUWY2V3MtZG9Mb0FyX0toeU4tWUlOTXRMMDhNWGg5dDB3Tg?oc=5\" target=\"_blank\" rel=\"nofollow noopener\">FKH, Sport | FKH \u00e5pner i Oslo &#8211; f\u00e5r hjemmekamp 16. mai<\/a>&nbsp;&nbsp;Haugesunds Avis<\/li>\n<li><a href=\"https:\/\/news.google.com\/rss\/articles\/CBMipgFBVV95cUxQdHgtQW9EV3BwSnZQaGQ1U0hxYy15QlBFcGtVVXpKUVN0Q1U3UEFkQnkzM0Y3cXNEdHRtUUhmNjVJTjY5RmhNWDRvdk90Y3VQTGpOQWNuUzJPb1VKMWxiVENzcUZET2doV0xaeWxmSmQwZS1KV0piS3l3YjJyZnFmZUI4WDN3WV9QdEhmQ2N6NDFmVU9ubjNNd09NbDlMcHpDNUx3ZlN3?oc=5\" target=\"_blank\" rel=\"nofollow noopener\">Slik spilles 1. divisjon i 2026: Knallt\u00f8ff serie\u00e5pning for Stab\u00e6k<\/a>&nbsp;&nbsp;Budstikka<\/li>\n<li><a href=\"https:\/\/news.google.com\/rss\/articles\/CBMihwFBVV95cUxPdEQtQ2ZUUUY3ZXJUV0JIb1A1amJFRURmc0Z6dlNTZ2Uwa2NrX0xlbjd4YjA5WnhsRVBzckEtSXluYzdBNDRPZGRmdHFnaEN0Rm1MT2ZzM1pTVTZZeXRIOUtESHNGSlBsY3U5ZEVOTVdGaFRNTVhfLWxEQ1k4N09yRkFzeE5vZXc?oc=5\" target=\"_blank\" rel=\"nofollow noopener\">KIL, Sport | M\u00f8ter gamle lagkamerater i serie\u00e5pningen<\/a>&nbsp;&nbsp;Gl\u00e5mdalen<\/li>\n<li><a href=\"https:\/\/news.google.com\/rss\/articles\/CBMif0FVX3lxTE5lYldVc1ZXR3l1cm40NnpTX2sxel9hc0F5bF80MHNsYVRSUk1PeFlTSGhZTFR0M1ZpOXVJSUlORlA2N0hERXlLcHd4T0MwUzNVN2JBbzFGMXIxcmxqckttdmRpLVdSU2s4REVCaWlBOW50SFlxX0VsZFFvUHhfbWs?oc=5\" target=\"_blank\" rel=\"nofollow noopener\">Her er spilleplanen for OBOS-ligaen 2026<\/a>&nbsp;&nbsp;Sandnes Ulf<\/li>\n<\/ol>\n","protected":false},"excerpt":{"rendered":"(+) Kamikaze-tips for Obos-ligaen 2026&nbsp;&nbsp;VG FKH, Sport | FKH \u00e5pner i Oslo &#8211; f\u00e5r hjemmekamp 16. mai&nbsp;&nbsp;Haugesunds Avis&hellip;\n","protected":false},"author":2,"featured_media":121919,"comment_status":"","ping_status":"","sticky":false,"template":"","format":"standard","meta":{"footnotes":""},"categories":[59],"tags":[30,28,29,337,83,82],"class_list":{"0":"post-121918","1":"post","2":"type-post","3":"status-publish","4":"format-standard","5":"has-post-thumbnail","7":"category-sport","8":"tag-no","9":"tag-norge","10":"tag-norway","11":"tag-obos-ligaen","12":"tag-sport","13":"tag-sports"},"share_on_mastodon":{"url":"https:\/\/pubeurope.com\/@no\/115782986180042495","error":""},"_links":{"self":[{"href":"https:\/\/www.europesays.com\/no\/wp-json\/wp\/v2\/posts\/121918","targetHints":{"allow":["GET"]}}],"collection":[{"href":"https:\/\/www.europesays.com\/no\/wp-json\/wp\/v2\/posts"}],"about":[{"href":"https:\/\/www.europesays.com\/no\/wp-json\/wp\/v2\/types\/post"}],"author":[{"embeddable":true,"href":"https:\/\/www.europesays.com\/no\/wp-json\/wp\/v2\/users\/2"}],"replies":[{"embeddable":true,"href":"https:\/\/www.europesays.com\/no\/wp-json\/wp\/v2\/comments?post=121918"}],"version-history":[{"count":0,"href":"https:\/\/www.europesays.com\/no\/wp-json\/wp\/v2\/posts\/121918\/revisions"}],"wp:featuredmedia":[{"embeddable":true,"href":"https:\/\/www.europesays.com\/no\/wp-json\/wp\/v2\/media\/121919"}],"wp:attachment":[{"href":"https:\/\/www.europesays.com\/no\/wp-json\/wp\/v2\/media?parent=121918"}],"wp:term":[{"taxonomy":"category","embeddable":true,"href":"https:\/\/www.europesays.com\/no\/wp-json\/wp\/v2\/categories?post=121918"},{"taxonomy":"post_tag","embeddable":true,"href":"https:\/\/www.europesays.com\/no\/wp-json\/wp\/v2\/tags?post=121918"}],"curies":[{"name":"wp","href":"https:\/\/api.w.org\/{rel}","templated":true}]}}