{"id":121922,"date":"2025-12-26T00:33:18","date_gmt":"2025-12-26T00:33:18","guid":{"rendered":"https:\/\/www.europesays.com\/no\/121922\/"},"modified":"2025-12-26T00:33:18","modified_gmt":"2025-12-26T00:33:18","slug":"vaer-romjul-sol-sol-og-atter-sol-na-er-det-bare-a-komme-seg-ut-tonsbergs-blad","status":"publish","type":"post","link":"https:\/\/www.europesays.com\/no\/121922\/","title":{"rendered":"V\u00e6r, Romjul | Sol, sol og atter sol: \u2013 N\u00e5 er det bare \u00e5 komme seg ut &#8211; T\u00f8nsbergs Blad"},"content":{"rendered":"<ol>\n<li><a href=\"https:\/\/news.google.com\/rss\/articles\/CBMiiwFBVV95cUxPMTZHQXBKWGRrZzhMaHg0VHIyRXVpVHN1TWg2aGpRRGtjX1JwbTFJSkIxOTBROWV4TF9Qd1FCbVFYb2lkWTJHN3ExbDZIUnVPZjFneHZQaGt0VFVfaVpOWUR6YVo5RnVQNW9Kb0h0TU5OYk5vRDFndXA5WHN3bjM2MVBaVFRzdmpVVVlr?oc=5\" target=\"_blank\" rel=\"nofollow noopener\">V\u00e6r, Romjul | Sol, sol og atter sol: \u2013 N\u00e5 er det bare \u00e5 komme seg ut<\/a>&nbsp;&nbsp;T\u00f8nsbergs Blad<\/li>\n<li><a href=\"https:\/\/news.google.com\/rss\/articles\/CBMijgFBVV95cUxNbHFGNHdkdDhicWF5TUlEb1poYWJuT2NxS29mR0dua2w4TUdNUTVFSlk2Y0hCZEhKT01uQ0NsSkxQTFVhYzlWdGY0aDE4MEFHdkxYcnphdUN5cWlRby1KNjBObVlMekVVM0FlWkpZTElueURkQXpEUEE3dTBnSHFlZzRUSklqSHlDRURZTjFB?oc=5\" target=\"_blank\" rel=\"nofollow noopener\">V\u00e6r, Jul | Nydelig romjulsv\u00e6r i vente \u2013 \u00abnytt\u00e5rstrenden\u00bb fortsetter<\/a>&nbsp;&nbsp;\u00d8stlands-Posten<\/li>\n<li><a href=\"https:\/\/news.google.com\/rss\/articles\/CBMijAFBVV95cUxNOThrc2NfMXZzM015VS02aDNVZVBzTThjZW9CbVIxODBwdEZSNlpkTTVXTzdTRUlVNjZ2dGN1c2RmRHlKd2o0RHl2TUNtYjQ5Ym41cWZaSmZfcGtfcHdEMHJlbks1MnhpZGFTTmhtMDZ1T2JhVV9rVFdtVWphbDV2QkYwNGNOUVBJWnZLeA?oc=5\" target=\"_blank\" rel=\"nofollow noopener\">V\u00e6ret, Nyheter | Slik blir v\u00e6ret i romjula: &#8211; Kulda biter seg ikke fast<\/a>&nbsp;&nbsp;Drammens Tidende<\/li>\n<li><a href=\"https:\/\/news.google.com\/rss\/articles\/CBMijwFBVV95cUxOMGVpWDJ0ZVZOTUR1STVZdjNHRjVSRGZxZDR0cHFzTVA3b0VlVFRFMjZkSmRscUJRZzlpRlVCY1NxUDZaRE5QVHZLQnZhSEM4aTlwN1pHN19odlZQVWd4Ylo5YVFNdEdHZkVIYW1qRy1HT2pnWkpqN3BiLUlOVGU5Z1draTlLQ1dfWEpWOE1LOA?oc=5\" target=\"_blank\" rel=\"nofollow noopener\">V\u00e6ret, Namdalen | Slik blir romjulsv\u00e6ret: \u2013 Mildt, gr\u00e5tt og v\u00e5tt<\/a>&nbsp;&nbsp;Namdalsavisa<\/li>\n<li><a href=\"https:\/\/news.google.com\/rss\/articles\/CBMijAFBVV95cUxNaFJqVlFqXzB6NzlmN2dnODlob0cxYU9kcjRvUjJJZWs2dmk5cVY5LXA5ZVB3QURXek5Gb1JwOGpxOEF6RFVWQzkxR3pzNHNQNVFnNzFkeklQZmN4SGtjMDlBOFN5X1Frc2dxZ0ZIbWJpRk1tak50RXV1MHNHSVozbnBDeUxvbGw5R1FLOA?oc=5\" target=\"_blank\" rel=\"nofollow noopener\">V\u00e6r, Vinter | Slik blir v\u00e6ret i romjula og p\u00e5 nytt\u00e5rsaften<\/a>&nbsp;&nbsp;Budstikka<\/li>\n<\/ol>\n","protected":false},"excerpt":{"rendered":"V\u00e6r, Romjul | Sol, sol og atter sol: \u2013 N\u00e5 er det bare \u00e5 komme seg ut&nbsp;&nbsp;T\u00f8nsbergs Blad&hellip;\n","protected":false},"author":2,"featured_media":121923,"comment_status":"","ping_status":"","sticky":false,"template":"","format":"standard","meta":{"footnotes":""},"categories":[10],"tags":[20,21,24,25,15,22,23,13,30,28,29,14,16,26,27],"class_list":{"0":"post-121922","1":"post","2":"type-post","3":"status-publish","4":"format-standard","5":"has-post-thumbnail","7":"category-norge","8":"tag-breaking-news","9":"tag-breakingnews","10":"tag-featured-news","11":"tag-featurednews","12":"tag-headlines","13":"tag-latest-news","14":"tag-latestnews","15":"tag-news","16":"tag-no","17":"tag-norge","18":"tag-norway","19":"tag-nyheter","20":"tag-overskrifter","21":"tag-top-stories","22":"tag-topstories"},"share_on_mastodon":{"url":"https:\/\/pubeurope.com\/@no\/115783060864513324","error":""},"_links":{"self":[{"href":"https:\/\/www.europesays.com\/no\/wp-json\/wp\/v2\/posts\/121922","targetHints":{"allow":["GET"]}}],"collection":[{"href":"https:\/\/www.europesays.com\/no\/wp-json\/wp\/v2\/posts"}],"about":[{"href":"https:\/\/www.europesays.com\/no\/wp-json\/wp\/v2\/types\/post"}],"author":[{"embeddable":true,"href":"https:\/\/www.europesays.com\/no\/wp-json\/wp\/v2\/users\/2"}],"replies":[{"embeddable":true,"href":"https:\/\/www.europesays.com\/no\/wp-json\/wp\/v2\/comments?post=121922"}],"version-history":[{"count":0,"href":"https:\/\/www.europesays.com\/no\/wp-json\/wp\/v2\/posts\/121922\/revisions"}],"wp:featuredmedia":[{"embeddable":true,"href":"https:\/\/www.europesays.com\/no\/wp-json\/wp\/v2\/media\/121923"}],"wp:attachment":[{"href":"https:\/\/www.europesays.com\/no\/wp-json\/wp\/v2\/media?parent=121922"}],"wp:term":[{"taxonomy":"category","embeddable":true,"href":"https:\/\/www.europesays.com\/no\/wp-json\/wp\/v2\/categories?post=121922"},{"taxonomy":"post_tag","embeddable":true,"href":"https:\/\/www.europesays.com\/no\/wp-json\/wp\/v2\/tags?post=121922"}],"curies":[{"name":"wp","href":"https:\/\/api.w.org\/{rel}","templated":true}]}}