{"id":121924,"date":"2025-12-26T01:02:09","date_gmt":"2025-12-26T01:02:09","guid":{"rendered":"https:\/\/www.europesays.com\/no\/121924\/"},"modified":"2025-12-26T01:02:09","modified_gmt":"2025-12-26T01:02:09","slug":"putin-kritiker-domt-til-seks-ar-i-straffekoloni","status":"publish","type":"post","link":"https:\/\/www.europesays.com\/no\/121924\/","title":{"rendered":"Putin-kritiker d\u00f8mt til seks \u00e5r i straffekoloni"},"content":{"rendered":"\n<p class=\"_lead_o9xde_2 _lead_xtcu6_50 layout-component text-serif-m layout-normal text-serif-l layout-component layout-wide layout-padded _wide_17hqh_1 layout-padded\">Venstreaktivisten og Putin-kritikeren Sergej Udaltsov er d\u00f8mt til seks \u00e5r i en russisk straffekoloni for angivelig \u00e5 ha rettferdiggjort terrorisme.<\/p>\n<p><img alt=\"Sergej Udaltsov varslet f\u00f8r dommen mot ham at han ville innlede en sultestreik p\u00e5 ubestemt tid \u00abinntil d\u00f8den\u00bb dersom han ble d\u00f8mt. Foto. Pavel Bednjakov \/ AP \/ NTB\" class=\"_image_qp4xg_65 layout-component layout-wide\" data-fullscreen- data-track-element-type=\"Article image fullscreen\" data-track-name=\"ImageFullscreen\" fetchpriority=\"high\" decoding=\"sync\" loading=\"eager\" height=\"4435\" itemprop=\"image\"  src=\"https:\/\/www.europesays.com\/no\/wp-content\/uploads\/2025\/12\/7d3d5399-2a99-4004-a0ee-663acef73cbc\"  style=\"object-position:0% 0%\" width=\"6652\"\/>Sergej Udaltsov varslet f\u00f8r dommen mot ham at han ville innlede en sultestreik p\u00e5 ubestemt tid \u00abinntil d\u00f8den\u00bb dersom han ble d\u00f8mt. Foto. Pavel Bednjakov \/ AP \/ NTB<\/p>\n<ul aria-hidden=\"true\" class=\"_images_ntbth_112\">\n<li><a class=\"_link_ntbth_117\" href=\"https:\/\/www.vg.no\/forfatter\/ntb\" style=\"z-index:1\" title=\"NTB\" rel=\"nofollow noopener\" target=\"_blank\"><img alt=\"Bilde av NTB\" class=\"_image_ntbth_93\" fetchpriority=\"low\" loading=\"lazy\" decoding=\"async\" itemprop=\"image\"  src=\"https:\/\/www.europesays.com\/no\/wp-content\/uploads\/2025\/12\/1766710929_122_c33980b0-5d07-4027-84a1-813f90a7c8d6\"  width=\"480\"\/><\/a><\/li>\n<\/ul>\n<p> Oppdatert fredag 26. desember kl. 01:23     <\/p>\n<p class=\"_paragraph_o9xde_4 _paragraph_xtcu6_10 layout-component text-serif-m layout-normal text-serif-m layout-padded\">Dommen som falt i Moskva torsdag er ett \u00e5r kortere enn p\u00e5talemyndighetens p\u00e5stand. Kort tid f\u00f8r dommen var klar, erkl\u00e6rte Udaltsov at han ville innlede \u00absultestreik inntil d\u00f8den\u00bb dersom han ble d\u00f8mt.<\/p>\n<p class=\"_paragraph_o9xde_4 _paragraph_xtcu6_10 layout-component text-serif-m layout-normal text-serif-m layout-padded\">\u2013 En skammelig beslutning. Jeg h\u00e5per alle som har fattet den, vil bli holdt ansvarlig. Forbannede bikkjer, sa Udaltsov etter dommen, if\u00f8lge opposisjonsmediet Meduza.<\/p>\n<p class=\"_paragraph_o9xde_4 _paragraph_xtcu6_10 layout-component text-serif-m layout-normal text-serif-m layout-padded\">Udaltsovs kone Anastasia sitter i den russiske nasjonalforsamlingen, der hun representerer kommunistpartiet. Hun st\u00f8tter Russlands krigf\u00f8ring i Ukraina, men regnes som en Putin-kritiker.<\/p>\n<p class=\"_paragraph_o9xde_4 _paragraph_xtcu6_10 layout-component text-serif-m layout-normal text-serif-m layout-padded\">If\u00f8lge Meduza er artikkelen \u00abHvordan marxister ble gjort til terrorister\u00bb utgangspunktet for straffeforf\u00f8lgelsen av Udaltsov. Der uttrykte han st\u00f8tte til en annen gruppe aktivister som etterretningstjenesten anklaget for \u00e5 ha startet en terrororganisasjon. En milit\u00e6rdomstol d\u00f8mte tidligere i \u00e5r aktivisten e til mellom 16 og 22 \u00e5r i fengsel.<\/p>\n<p class=\"_paragraph_o9xde_4 _paragraph_xtcu6_10 layout-component text-serif-m layout-normal text-serif-m layout-padded\">Fra 2011 til 2013 var Udaltsov en prominent leder av en russisk protestbevegelse som motsatte seg at Putin skulle komme tilbake som landets president. I 2014 ble Udaltsov d\u00f8mt til fire og et halvt \u00e5rs fengsel for hans rolle i demonstrasjonene mot Putin. Han ble l\u00f8slatt i 2017.<\/p>\n","protected":false},"excerpt":{"rendered":"Venstreaktivisten og Putin-kritikeren Sergej Udaltsov er d\u00f8mt til seks \u00e5r i en russisk straffekoloni for angivelig \u00e5 ha&hellip;\n","protected":false},"author":2,"featured_media":121925,"comment_status":"","ping_status":"","sticky":false,"template":"","format":"standard","meta":{"footnotes":""},"categories":[5],"tags":[20,21,24,25,15,19,22,23,17,18,13,30,28,29,14,16,26,27],"class_list":{"0":"post-121924","1":"post","2":"type-post","3":"status-publish","4":"format-standard","5":"has-post-thumbnail","7":"category-overskrifter","8":"tag-breaking-news","9":"tag-breakingnews","10":"tag-featured-news","11":"tag-featurednews","12":"tag-headlines","13":"tag-hovedoppslag","14":"tag-latest-news","15":"tag-latestnews","16":"tag-main-news","17":"tag-mainnews","18":"tag-news","19":"tag-no","20":"tag-norge","21":"tag-norway","22":"tag-nyheter","23":"tag-overskrifter","24":"tag-top-stories","25":"tag-topstories"},"share_on_mastodon":{"url":"https:\/\/pubeurope.com\/@no\/115783175188463830","error":""},"_links":{"self":[{"href":"https:\/\/www.europesays.com\/no\/wp-json\/wp\/v2\/posts\/121924","targetHints":{"allow":["GET"]}}],"collection":[{"href":"https:\/\/www.europesays.com\/no\/wp-json\/wp\/v2\/posts"}],"about":[{"href":"https:\/\/www.europesays.com\/no\/wp-json\/wp\/v2\/types\/post"}],"author":[{"embeddable":true,"href":"https:\/\/www.europesays.com\/no\/wp-json\/wp\/v2\/users\/2"}],"replies":[{"embeddable":true,"href":"https:\/\/www.europesays.com\/no\/wp-json\/wp\/v2\/comments?post=121924"}],"version-history":[{"count":0,"href":"https:\/\/www.europesays.com\/no\/wp-json\/wp\/v2\/posts\/121924\/revisions"}],"wp:featuredmedia":[{"embeddable":true,"href":"https:\/\/www.europesays.com\/no\/wp-json\/wp\/v2\/media\/121925"}],"wp:attachment":[{"href":"https:\/\/www.europesays.com\/no\/wp-json\/wp\/v2\/media?parent=121924"}],"wp:term":[{"taxonomy":"category","embeddable":true,"href":"https:\/\/www.europesays.com\/no\/wp-json\/wp\/v2\/categories?post=121924"},{"taxonomy":"post_tag","embeddable":true,"href":"https:\/\/www.europesays.com\/no\/wp-json\/wp\/v2\/tags?post=121924"}],"curies":[{"name":"wp","href":"https:\/\/api.w.org\/{rel}","templated":true}]}}