{"id":121928,"date":"2025-12-26T01:21:09","date_gmt":"2025-12-26T01:21:09","guid":{"rendered":"https:\/\/www.europesays.com\/no\/121928\/"},"modified":"2025-12-26T01:21:09","modified_gmt":"2025-12-26T01:21:09","slug":"california-storm-tre-dode-etter-styrtflom","status":"publish","type":"post","link":"https:\/\/www.europesays.com\/no\/121928\/","title":{"rendered":"California, Storm | Tre d\u00f8de etter styrtflom"},"content":{"rendered":"\n<p>Ett av d\u00f8dsfallene skjedde da en mann ble truffet av et fallende tre, skriver Los Angeles Times.<\/p>\n<p>Tidlig p\u00e5 torsdag meldte National Weather Service (NWS) at det s\u00f8rlige California, inkludert USAs nest st\u00f8rste by Los Angeles kunne bli utsatt for sv\u00e6rt store nedb\u00f8rsmengder. <\/p>\n<p>\u2013 Det kan oppst\u00e5 styrtflom. I tillegg kan mange elver f\u00e5 over sine bredder, noe som ogs\u00e5 kan p\u00e5virke store elver. Flomvannet kan bringe med seg br\u00e5te i eller n\u00e6r omr\u00e5der som nylig har opplevd skogbranner, if\u00f8lge den nasjonale v\u00e6rvarslingen, som sier v\u00e6ret vil fortsette gjennom fredagen.<\/p>\n<p>Torsdag var det riktignok en pause i regnet, men NWS varslet samtidig kraftig vind, med hastigheter opp mot 25 meter per sekund.<\/p>\n<p>Det er erkl\u00e6rt unntakstilstand i flere fylker, inkludert Los Angeles. Flere steder har det kommet over 250 millimeter nedb\u00f8r i den f\u00f8rste delen av vinterstormen. <\/p>\n<p>Nedb\u00f8ren drives av sv\u00e6rt fuktige luftmasser som kommer inn fra Hawaii i en luftstr\u00f8m som omtales som \u00abananasekspressen\u00bb. Det er ventet at regn tilsvarende flere m\u00e5neders samlede nedb\u00f8r vil falle i l\u00f8pet av bare noen f\u00e5 dager i California.<\/p>\n<p>(\u00a9NTB)<\/p>\n","protected":false},"excerpt":{"rendered":"Ett av d\u00f8dsfallene skjedde da en mann ble truffet av et fallende tre, skriver Los Angeles Times. Tidlig&hellip;\n","protected":false},"author":2,"featured_media":121929,"comment_status":"","ping_status":"","sticky":false,"template":"","format":"standard","meta":{"footnotes":""},"categories":[12],"tags":[20,21,24,25,15,22,23,13,30,28,29,14,16,26,27,42,43,44,45],"class_list":{"0":"post-121928","1":"post","2":"type-post","3":"status-publish","4":"format-standard","5":"has-post-thumbnail","7":"category-verden","8":"tag-breaking-news","9":"tag-breakingnews","10":"tag-featured-news","11":"tag-featurednews","12":"tag-headlines","13":"tag-latest-news","14":"tag-latestnews","15":"tag-news","16":"tag-no","17":"tag-norge","18":"tag-norway","19":"tag-nyheter","20":"tag-overskrifter","21":"tag-top-stories","22":"tag-topstories","23":"tag-verden","24":"tag-world","25":"tag-world-news","26":"tag-worldnews"},"share_on_mastodon":{"url":"https:\/\/pubeurope.com\/@no\/115783249641500708","error":""},"_links":{"self":[{"href":"https:\/\/www.europesays.com\/no\/wp-json\/wp\/v2\/posts\/121928","targetHints":{"allow":["GET"]}}],"collection":[{"href":"https:\/\/www.europesays.com\/no\/wp-json\/wp\/v2\/posts"}],"about":[{"href":"https:\/\/www.europesays.com\/no\/wp-json\/wp\/v2\/types\/post"}],"author":[{"embeddable":true,"href":"https:\/\/www.europesays.com\/no\/wp-json\/wp\/v2\/users\/2"}],"replies":[{"embeddable":true,"href":"https:\/\/www.europesays.com\/no\/wp-json\/wp\/v2\/comments?post=121928"}],"version-history":[{"count":0,"href":"https:\/\/www.europesays.com\/no\/wp-json\/wp\/v2\/posts\/121928\/revisions"}],"wp:featuredmedia":[{"embeddable":true,"href":"https:\/\/www.europesays.com\/no\/wp-json\/wp\/v2\/media\/121929"}],"wp:attachment":[{"href":"https:\/\/www.europesays.com\/no\/wp-json\/wp\/v2\/media?parent=121928"}],"wp:term":[{"taxonomy":"category","embeddable":true,"href":"https:\/\/www.europesays.com\/no\/wp-json\/wp\/v2\/categories?post=121928"},{"taxonomy":"post_tag","embeddable":true,"href":"https:\/\/www.europesays.com\/no\/wp-json\/wp\/v2\/tags?post=121928"}],"curies":[{"name":"wp","href":"https:\/\/api.w.org\/{rel}","templated":true}]}}