{"id":121930,"date":"2025-12-26T01:28:08","date_gmt":"2025-12-26T01:28:08","guid":{"rendered":"https:\/\/www.europesays.com\/no\/121930\/"},"modified":"2025-12-26T01:28:08","modified_gmt":"2025-12-26T01:28:08","slug":"migranter-usa-oynasjon-skal-ta-imot-migranter-fra-usa","status":"publish","type":"post","link":"https:\/\/www.europesays.com\/no\/121930\/","title":{"rendered":"Migranter, USA | \u00d8ynasjon skal ta imot migranter fra USA"},"content":{"rendered":"\n<p>Som gjenytelse skal Palau, som har rundt 18.000 innbyggere og trenger arbeidskraft, f\u00e5 opptil 100.000 dollar per migrant de tar imot \u2013 til sammen 7,5 millioner dollar. Det tilsvarer dr\u00f8yt 75 millioner norske kroner.<\/p>\n<p>I tillegg vil USA bidra med 8 millioner dollar til sammen for \u00e5 styrke en pensjonsordning i Palau, samt \u00e5 styrke politivesenet. <\/p>\n<p>USA engasjerer seg videre for bygge et nytt sykehus og forbedre kapasiteten til \u00e5 h\u00e5ndtere katastrofer.<\/p>\n<p>Kan avvise<\/p>\n<p>\u2013 Gjennom dette partnerskapet tar USA og Palau konkrete skritt for \u00e5 styrke v\u00e5r sikkerhet og beskytte v\u00e5re samfunn, samtidig som vi fremmer en trygg, mer sikker og mer velst\u00e5ende Indo-Stillehavsregion, heter det i en uttalelse fra det amerikanske utenriksdepartementet.<\/p>\n<p>Migrantene straffeforf\u00f8lges ikke i USA. Palau forbeholder seg videre retten til \u00e5 avvise personer de ikke vil ha.<\/p>\n<p>USAs president Donald Trump har lovet \u00e5 sl\u00e5 ned p\u00e5 ulovlig innvandring. Siden han tok over som president i januar, har han blant annet gjennomf\u00f8rt massedeportasjoner. <\/p>\n<p>USA har inng\u00e5tt avtaler med en rekke land som har sagt seg villige til \u00e5 ta imot migranter. Blant landene er Kosovo, Eswatini, Ghana, Rwanda og S\u00f8r-Sudan. <\/p>\n<p>Erobret av USA<\/p>\n<p>Palau ligger omtrent 80 mil \u00f8st for Filippinene og best\u00e5r av en rekke vulkanske \u00f8yer, skj\u00e6r og korallrev. <\/p>\n<p>\u00d8ystaten var tidligere okkupert av Japan, men ble erobret av USA under andre verdenskrig. Fram til 1994, da de ble en selvstendig nasjon, var de en del av USAs tilsynsomr\u00e5de. Landet er fortsatt sterkt knyttet til USA, som bidrar med \u00f8konomisk bistand og mange tjenester, deriblant forsvar.<\/p>\n<p>Siden Surangel Whipps tok over som president i 2020, har USAs milit\u00e6re interesser blitt utvidet i Palau, deriblant et langdistanse radarsystem som er viktig for USA opp mot Kina. <\/p>\n<p>(\u00a9NTB)<\/p>\n","protected":false},"excerpt":{"rendered":"Som gjenytelse skal Palau, som har rundt 18.000 innbyggere og trenger arbeidskraft, f\u00e5 opptil 100.000 dollar per migrant&hellip;\n","protected":false},"author":2,"featured_media":121931,"comment_status":"","ping_status":"","sticky":false,"template":"","format":"standard","meta":{"footnotes":""},"categories":[12],"tags":[20,21,24,25,15,22,23,13,30,28,29,14,16,26,27,42,43,44,45],"class_list":{"0":"post-121930","1":"post","2":"type-post","3":"status-publish","4":"format-standard","5":"has-post-thumbnail","7":"category-verden","8":"tag-breaking-news","9":"tag-breakingnews","10":"tag-featured-news","11":"tag-featurednews","12":"tag-headlines","13":"tag-latest-news","14":"tag-latestnews","15":"tag-news","16":"tag-no","17":"tag-norge","18":"tag-norway","19":"tag-nyheter","20":"tag-overskrifter","21":"tag-top-stories","22":"tag-topstories","23":"tag-verden","24":"tag-world","25":"tag-world-news","26":"tag-worldnews"},"share_on_mastodon":{"url":"https:\/\/pubeurope.com\/@no\/115783277258468242","error":""},"_links":{"self":[{"href":"https:\/\/www.europesays.com\/no\/wp-json\/wp\/v2\/posts\/121930","targetHints":{"allow":["GET"]}}],"collection":[{"href":"https:\/\/www.europesays.com\/no\/wp-json\/wp\/v2\/posts"}],"about":[{"href":"https:\/\/www.europesays.com\/no\/wp-json\/wp\/v2\/types\/post"}],"author":[{"embeddable":true,"href":"https:\/\/www.europesays.com\/no\/wp-json\/wp\/v2\/users\/2"}],"replies":[{"embeddable":true,"href":"https:\/\/www.europesays.com\/no\/wp-json\/wp\/v2\/comments?post=121930"}],"version-history":[{"count":0,"href":"https:\/\/www.europesays.com\/no\/wp-json\/wp\/v2\/posts\/121930\/revisions"}],"wp:featuredmedia":[{"embeddable":true,"href":"https:\/\/www.europesays.com\/no\/wp-json\/wp\/v2\/media\/121931"}],"wp:attachment":[{"href":"https:\/\/www.europesays.com\/no\/wp-json\/wp\/v2\/media?parent=121930"}],"wp:term":[{"taxonomy":"category","embeddable":true,"href":"https:\/\/www.europesays.com\/no\/wp-json\/wp\/v2\/categories?post=121930"},{"taxonomy":"post_tag","embeddable":true,"href":"https:\/\/www.europesays.com\/no\/wp-json\/wp\/v2\/tags?post=121930"}],"curies":[{"name":"wp","href":"https:\/\/api.w.org\/{rel}","templated":true}]}}