{"id":121934,"date":"2025-12-26T01:30:23","date_gmt":"2025-12-26T01:30:23","guid":{"rendered":"https:\/\/www.europesays.com\/no\/121934\/"},"modified":"2025-12-26T01:30:23","modified_gmt":"2025-12-26T01:30:23","slug":"russiske-bombelfy-floy-planlagt-tokt","status":"publish","type":"post","link":"https:\/\/www.europesays.com\/no\/121934\/","title":{"rendered":"Russiske bombelfy fl\u00f8y \u00abplanlagt tokt\u00bb"},"content":{"rendered":"<p>  Russiske bombefly i nord utl\u00f8ste eskorte fra \u00abutenlandske jagerfly\u00bb, if\u00f8lge Russlands forsvarsdepartement. Det norske forsvaret satt derimot stille i b\u00e5ten.<\/p>\n<p>\n    Russlands forsvarsdepartement sier langtrekkende Tupolev TU-95-bombefly har fl\u00f8yet rutinetokt over Barentshavet og Norskehavet og at utenlandske kampfly fulgte dem p\u00e5 deler av turen. Bildet er tatt ved en tidligere anledning. Foto: Russlands forsvarsdepartement \/ AP \/ NTB\n  <\/p>\n<p>Uttalelsen om aktiviteten over Norskehavet og Barentshavet kom torsdag, if\u00f8lge statlige russiske nyhetsbyr\u00e5er, men det blir ikke opplyst n\u00e5r bombeflyene fl\u00f8y sitt tokt, skriver nyhetsbyr\u00e5et AFP.<\/p>\n<p>Ogs\u00e5 flere andre utenlandske medier meldte det samme torsdag. Det russiske forsvarsdepartementet sier heller ikke hvilket eller hvilke land som sendte fly p\u00e5 vingene for \u00e5 holde et \u00f8ye med bombeflyene, som i Nato g\u00e5r under betegnelsen Bear (bj\u00f8rn).<\/p>\n<p class=\"font-weight-bold m-font-weight-bold\" data-lab-font_weight=\"font-weight-bold\">If\u00f8lge det russiske forsvarsdepartementet var det langtrekkende bombefly som var sendt ut p\u00e5 en planlagt flygning.<\/p>\n<p>&#8211; Russiske Tu-95MS strategiske bombefly og rakettb\u00e6rere gjennomf\u00f8rte en planlagt flyging over Barentshavet og Norskehavet. P\u00e5 enkelte stadier underveis, ble de langtrekkende bombeflyene eskortert av utenlandske kampfly, heter det fra departementets side.<\/p>\n<p>        \u00d8DELEGGER KOLONNE: Ukrainske styrker hevder \u00e5 ha stanset et omfattende russisk mekanisert angrep i Dobropillja-sektoren \u00f8st i landet. Video: F\u00f8rste Azov-korps i Ukrainas nasjonalgarde.<\/p>\n<p>Ikke norske fly\t<\/p>\n<p>Det norske forsvaret bekrefter til NTB at russiske fly var i aktivitet i Barentshavet onsdag. Norsk luftrom ble imidlertid ikke krenket, og ingen Nato-fly eller norske beredskapsfly ble sendt ut.<\/p>\n<p>&#8211; Forsvaret er kjent med luftaktiviteten, men i dette tilfelle ble ikke norsk luftrom krenket, noe som betyr at de russiske flyene som opererte i Barentshavet i g\u00e5r, var innenfor gjeldende lovverk, sier talsperson Hanne Olafsen ved Forsvarets operative hovedkvarter (FOH) til NTB.<\/p>\n<p class=\"font-weight-bold m-font-weight-bold\" data-lab-font_weight=\"font-weight-bold\">&#8211; Derfor vurderte vi det dit hen at ingen tiltak i dette tilfellet var n\u00f8dvendig, sier hun videre.<\/p>\n<p>    <a itemprop=\"url\" href=\"https:\/\/www.dagbladet.no\/nyheter\/trump-med-trussel-siste-gang\/84026420\" rel=\"nofollow noopener\" target=\"_blank\"><\/p>\n<p>        <img loading=\"lazy\" decoding=\"async\" src=\"https:\/\/www.europesays.com\/no\/wp-content\/uploads\/2025\/12\/84021220.webp\" width=\"980\" height=\"441\" title=\"Trump med trussel: - Siste gang\" alt=\"\" class=\"lazyload\" style=\"--aspect-ratio-image: 2.22; \"\/><\/p>\n<p>        Trump med trussel: &#8211; Siste gang<\/p>\n<p>    <\/a><\/p>\n<p>50 ganger i \u00e5ret\t<\/p>\n<p>Gjennom det fellesopererte Joint Air Operations Centre (JAOC) kontrollerer Norge sammen med Nato det norske luftrommet d\u00f8gnet rundt. \u00c5rlig blir norske F-35-jagerfly fra Evenes sendt p\u00e5 vingene om lag 50 ganger for \u00e5 identifisere eller avskj\u00e6re eventuelle ukjente fly.<\/p>\n<p>Dette skjer hovedsakelig n\u00e5r russiske milit\u00e6rfly er p\u00e5 ulike oppdrag utenfor norsk kyst i Norskehavet eller Barentshavet. Jevnlig er russiske Tu-95-fly p\u00e5 tokt i n\u00e6rheten av norsk luftrom. De store russiske bombeflyene kan utstyres med atomv\u00e5pen.<\/p>\n<p class=\"font-weight-bold m-font-weight-bold\" data-lab-font_weight=\"font-weight-bold\">&#8211; Nato og Norge f\u00f8lger alltid godt med p\u00e5 russisk aktivitet og iverksetter tiltak der vi finner det n\u00f8dvendig, men her var de russiske flyene s\u00e5 langt ute og hadde en flyprofil som ikke gjorde det n\u00f8dvendig \u00e5 sende v\u00e5re Nato-beredskapsfly p\u00e5 vingene, sier Olafsen.<\/p>\n<p>I tr\u00e5d med folkeretten\t<\/p>\n<p>Russiske utenriksmyndigheter sier p\u00e5 samme m\u00e5te at slike flygninger skjer jevnlig i mange steder i verden og er i tr\u00e5d med folkeretten.<\/p>\n<p>Torsdag m\u00e5tte polske jagerfly avskj\u00e6re russiske rekognoseringsfly over \u00d8stersj\u00f8en fordi de kom for n\u00e6r landets luftrom. I l\u00f8pet av natten det ble ogs\u00e5 observert objekter flygende inn i Polens nord\u00f8stlige luftrom fra Belarus. Siviltrafikken nord\u00f8st i landet ble stanset som f\u00f8lge av observasjonen.<\/p>\n<p class=\"font-weight-bold m-font-weight-bold\" data-lab-font_weight=\"font-weight-bold\">Det polske forsvaret har siden konkludert med at det trolig var smuglerballonger.<\/p>\n<p>Tidligere denne m\u00e5neden kritiserte S\u00f8r-Korea og Japan tokt med russiske og kinesiske milit\u00e6rfly n\u00e6r deres territorium, noe som fikk s\u00f8rkoreanerne og japanerne til \u00e5 sende jagerfly p\u00e5 vingene.<\/p>\n","protected":false},"excerpt":{"rendered":"Russiske bombefly i nord utl\u00f8ste eskorte fra \u00abutenlandske jagerfly\u00bb, if\u00f8lge Russlands forsvarsdepartement. Det norske forsvaret satt derimot stille&hellip;\n","protected":false},"author":2,"featured_media":121935,"comment_status":"","ping_status":"","sticky":false,"template":"","format":"standard","meta":{"footnotes":""},"categories":[5],"tags":[20,21,24,25,15,19,22,23,17,18,13,30,28,29,14,16,26,27,412],"class_list":{"0":"post-121934","1":"post","2":"type-post","3":"status-publish","4":"format-standard","5":"has-post-thumbnail","7":"category-overskrifter","8":"tag-breaking-news","9":"tag-breakingnews","10":"tag-featured-news","11":"tag-featurednews","12":"tag-headlines","13":"tag-hovedoppslag","14":"tag-latest-news","15":"tag-latestnews","16":"tag-main-news","17":"tag-mainnews","18":"tag-news","19":"tag-no","20":"tag-norge","21":"tag-norway","22":"tag-nyheter","23":"tag-overskrifter","24":"tag-top-stories","25":"tag-topstories","26":"tag-utenriks"},"share_on_mastodon":{"url":"https:\/\/pubeurope.com\/@no\/115783285224025600","error":""},"_links":{"self":[{"href":"https:\/\/www.europesays.com\/no\/wp-json\/wp\/v2\/posts\/121934","targetHints":{"allow":["GET"]}}],"collection":[{"href":"https:\/\/www.europesays.com\/no\/wp-json\/wp\/v2\/posts"}],"about":[{"href":"https:\/\/www.europesays.com\/no\/wp-json\/wp\/v2\/types\/post"}],"author":[{"embeddable":true,"href":"https:\/\/www.europesays.com\/no\/wp-json\/wp\/v2\/users\/2"}],"replies":[{"embeddable":true,"href":"https:\/\/www.europesays.com\/no\/wp-json\/wp\/v2\/comments?post=121934"}],"version-history":[{"count":0,"href":"https:\/\/www.europesays.com\/no\/wp-json\/wp\/v2\/posts\/121934\/revisions"}],"wp:featuredmedia":[{"embeddable":true,"href":"https:\/\/www.europesays.com\/no\/wp-json\/wp\/v2\/media\/121935"}],"wp:attachment":[{"href":"https:\/\/www.europesays.com\/no\/wp-json\/wp\/v2\/media?parent=121934"}],"wp:term":[{"taxonomy":"category","embeddable":true,"href":"https:\/\/www.europesays.com\/no\/wp-json\/wp\/v2\/categories?post=121934"},{"taxonomy":"post_tag","embeddable":true,"href":"https:\/\/www.europesays.com\/no\/wp-json\/wp\/v2\/tags?post=121934"}],"curies":[{"name":"wp","href":"https:\/\/api.w.org\/{rel}","templated":true}]}}