{"id":121936,"date":"2025-12-26T01:35:43","date_gmt":"2025-12-26T01:35:43","guid":{"rendered":"https:\/\/www.europesays.com\/no\/121936\/"},"modified":"2025-12-26T01:35:43","modified_gmt":"2025-12-26T01:35:43","slug":"at-putin-gar-til-grunne-2","status":"publish","type":"post","link":"https:\/\/www.europesays.com\/no\/121936\/","title":{"rendered":"at Putin g\u00e5r til grunne"},"content":{"rendered":"<p>    I sin fjerde juletale til et Ukraina i krig sier president Volodymyr Zelenskyj at han \u00f8nsker at Russlands Vladimir Putin forlater denne verden.<\/p>\n<p>\n        \u00c5rets jul er den fjerde p\u00e5 rad som ukrainerne feirer mens landet er i krig. Det satte ogs\u00e5 preg p\u00e5 president Volodymyr Zelenskyjs juletale.<br \/>\n        Foto: Peter Dejong \/ AP \/ NTB\n    <\/p>\n<p class=\"kicker tertiary color_mobile_tertiary\" style=\"\">Verden<\/p>\n<p>\n\u2013 I dag deler vi alle den samme dr\u00f8mmen og det samme \u00f8nsket: M\u00e5tte han g\u00e5 til grunne, m\u00e5tte han endelig forsvinne fra denne verden, sa Volodymyr Zelenskyj i juletalen, med henvisning til Russlands president, <a href=\"https:\/\/www.vg.no\/nyheter\/i\/QJojVW\/\" target=\"_blank\" rel=\"nofollow noopener\">skriver VG<\/a>.<\/p>\n<p>Han ford\u00f8mte samtidig russiske angrep p\u00e5 julaften og sier Russland har brukte hundrevis av droner, ballistiske raketter og Kinzjal-raketter mot Ukraina det siste d\u00f8gnet.<\/p>\n<p>\u2013 Slik angriper de gudl\u00f8se. Slik handler de som ikke har noe til felles med kristendommen eller med noe menneskelig, sa presidenten.<\/p>\n<p>I talen ba Zelenskyj for soldatene som er ved fronten, for alle som holdes som fanger og for dem som er drept mens de forsvarte landet. <\/p>\n<p>\u2013 Fremfor alt ber vi om ekte og varig fred for v\u00e5rt land, Ukraina. For dette kjemper vi. For dette ber vi. Og dette fortjener vi, avsluttet presidenten.<\/p>\n<p>Selv datoen for juletalen markerer avstand til Russland. I 2023 gikk Ukrainas ortodokse kirke over til \u00e5 f\u00f8lge den gregorianske kalenderen og feire jul 24. desember, mens den russisk-ortodokse fortsatt forholder seg til den julianske kalenderen og feirer jul 7. januar.<\/p>\n","protected":false},"excerpt":{"rendered":"I sin fjerde juletale til et Ukraina i krig sier president Volodymyr Zelenskyj at han \u00f8nsker at Russlands&hellip;\n","protected":false},"author":2,"featured_media":121937,"comment_status":"","ping_status":"","sticky":false,"template":"","format":"standard","meta":{"footnotes":""},"categories":[12],"tags":[20,21,24,25,15,22,23,13,30,28,29,14,16,26,27,42,43,44,45],"class_list":{"0":"post-121936","1":"post","2":"type-post","3":"status-publish","4":"format-standard","5":"has-post-thumbnail","7":"category-verden","8":"tag-breaking-news","9":"tag-breakingnews","10":"tag-featured-news","11":"tag-featurednews","12":"tag-headlines","13":"tag-latest-news","14":"tag-latestnews","15":"tag-news","16":"tag-no","17":"tag-norge","18":"tag-norway","19":"tag-nyheter","20":"tag-overskrifter","21":"tag-top-stories","22":"tag-topstories","23":"tag-verden","24":"tag-world","25":"tag-world-news","26":"tag-worldnews"},"share_on_mastodon":{"url":"https:\/\/pubeurope.com\/@no\/115783304686174176","error":""},"_links":{"self":[{"href":"https:\/\/www.europesays.com\/no\/wp-json\/wp\/v2\/posts\/121936","targetHints":{"allow":["GET"]}}],"collection":[{"href":"https:\/\/www.europesays.com\/no\/wp-json\/wp\/v2\/posts"}],"about":[{"href":"https:\/\/www.europesays.com\/no\/wp-json\/wp\/v2\/types\/post"}],"author":[{"embeddable":true,"href":"https:\/\/www.europesays.com\/no\/wp-json\/wp\/v2\/users\/2"}],"replies":[{"embeddable":true,"href":"https:\/\/www.europesays.com\/no\/wp-json\/wp\/v2\/comments?post=121936"}],"version-history":[{"count":0,"href":"https:\/\/www.europesays.com\/no\/wp-json\/wp\/v2\/posts\/121936\/revisions"}],"wp:featuredmedia":[{"embeddable":true,"href":"https:\/\/www.europesays.com\/no\/wp-json\/wp\/v2\/media\/121937"}],"wp:attachment":[{"href":"https:\/\/www.europesays.com\/no\/wp-json\/wp\/v2\/media?parent=121936"}],"wp:term":[{"taxonomy":"category","embeddable":true,"href":"https:\/\/www.europesays.com\/no\/wp-json\/wp\/v2\/categories?post=121936"},{"taxonomy":"post_tag","embeddable":true,"href":"https:\/\/www.europesays.com\/no\/wp-json\/wp\/v2\/tags?post=121936"}],"curies":[{"name":"wp","href":"https:\/\/api.w.org\/{rel}","templated":true}]}}