{"id":121938,"date":"2025-12-26T01:57:38","date_gmt":"2025-12-26T01:57:38","guid":{"rendered":"https:\/\/www.europesays.com\/no\/121938\/"},"modified":"2025-12-26T01:57:38","modified_gmt":"2025-12-26T01:57:38","slug":"angrepet-pa-ferie-forkastelig","status":"publish","type":"post","link":"https:\/\/www.europesays.com\/no\/121938\/","title":{"rendered":"Angrepet p\u00e5 ferie: &#8211; Forkastelig"},"content":{"rendered":"<p class=\"kicker \" style=\"\">Nye angrep fra USA:<\/p>\n<p>  President Donald Trump sier USA har gjennomf\u00f8rt flere angrep mot terrorm\u00e5l i Nigeria f\u00f8rste juledag.<\/p>\n<p>\n    NY MELDING: Donald Trump sier han ga ordre om \u00e5 angripe det han omtaler som \u00abIS-terroravskum\u00bb i Nigeria. Foto: Nathan Howard \/ Reuters\n  <\/p>\n<p>    Kort fortalt<\/p>\n<ul lang=\"nb-NO\">\n<li>President Donald Trump har beordret angrep mot islamister i Nigeria.<\/li>\n<li>Angrepene var rettet mot IS-tilknyttede grupper i delstaten Sokoto.<\/li>\n<li>Trump hevder angrepene er en respons p\u00e5 forf\u00f8lgelse av kristne.<\/li>\n<\/ul>\n<p class=\"italic ai-disclaimer\" data-lab-italic=\"italic\">Sammendraget er laget av ChatGPT og godkjent av Dagbladet.<\/p>\n<p>      Vis mer<br \/>\n      Vis mindre<\/p>\n<p>President Donald Trump sier han som \u00f8verstkommanderende for USAs v\u00e6pnede styrker har gitt ordre om \u00abkraftig og d\u00f8dbringende\u00bb angrep mot islamister i Nigeria.<\/p>\n<p class=\"font-weight-bold m-font-weight-bold\" data-lab-font_weight=\"font-weight-bold\">&#8211; Krigsdepartementet har gjennomf\u00f8rt flere perfekte angrep, slik bare USA kan, skriver Trump p\u00e5\u00a0<a href=\"https:\/\/truthsocial.com\/@realDonaldTrump\/posts\/115782683955516402\" target=\"_blank\" rel=\"nofollow noopener\">Truth Social<\/a>.<\/p>\n<p>Han sier angrepene var rettet mot IS-tilknyttede islamister nordvest i Nigeria.<\/p>\n<p>&#8211; Jeg har tidligere advart disse terroristene om at de vil f\u00e5 et helvete om de ikke slutter \u00e5 slakte kristne. I dag skjedde det, fortsetter Trump.<\/p>\n<p>En tjenestemann sier angrepet skjedde i delstaten Sokoto, og at flere militante IS-medlemmer ble drept. If\u00f8lge tjenestemannen ble angrepet gjennomf\u00f8rt etter en foresp\u00f8rsel fra Nigerias myndigheter.<\/p>\n<p>    <a itemprop=\"url\" href=\"https:\/\/www.dagbladet.no\/nyheter\/truer-med-militaerangrep\/83799703\" rel=\"nofollow noopener\" target=\"_blank\"><\/p>\n<p>        <img loading=\"lazy\" decoding=\"async\" src=\"https:\/\/www.europesays.com\/no\/wp-content\/uploads\/2025\/12\/83792169.webp\" width=\"980\" height=\"441\" title=\"Truer med milit\u00e6rangrep\" alt=\"\" class=\"lazyload\" style=\"--aspect-ratio-image: 2.22; \"\/><\/p>\n<p>        Truer med milit\u00e6rangrep<\/p>\n<p>    <\/a><\/p>\n<p> Forsvarsminister Pete Hegseth <a href=\"https:\/\/x.com\/PeteHegseth\/status\/2004332431542022289\" rel=\"nofollow\">delte Trumps innlegg<\/a> p\u00e5 sin egen X-konto, og la til at han var \u00abtakknemlig for st\u00f8tte og samarbeid fra den nigerianske regjeringen\u00bb. <\/p>\n<p>Trump har flere ganger kommet med p\u00e5stander om at den\u00a0kristne befolkningen i landet er spesielt utsatt for forf\u00f8lgelse og drap, og at Nigerias myndigheter \u00abfortsetter \u00e5 tillate drap p\u00e5 kristne\u00bb. <\/p>\n<p>I starten av november ba han det amerikanske forsvars\u00addepartementet forberede seg p\u00e5 mulige milit\u00e6raksjoner i Nigeria, og truet med angrep.\u00a0<\/p>\n<p>    <a itemprop=\"url\" href=\"https:\/\/www.dagbladet.no\/nyheter\/fryser-samarbeid-med-usa\/83838841\" rel=\"nofollow noopener\" target=\"_blank\"><\/p>\n<p>        <img loading=\"lazy\" decoding=\"async\" src=\"https:\/\/www.europesays.com\/no\/wp-content\/uploads\/2025\/12\/83839319.webp\" width=\"980\" height=\"441\" title=\"Fryser samarbeid med USA\" alt=\"\" class=\"lazyload\" style=\"--aspect-ratio-image: 2.22; \"\/><\/p>\n<p>        Fryser samarbeid med USA<\/p>\n<p>    <\/a><\/p>\n<p> Nigerias regjering, samt eksperter og forskere, har tidligere sagt at Trumps fremstilling av sikkerhetssituasjonen i det vestafrikanske landet er misvisende.\u00a0<\/p>\n<p>De p\u00e5peker at medlemmer av alle religioner har lidd under islamistiske ekstremister og andre grupper. <\/p>\n<p>Trump bruker ogs\u00e5 innlegget til \u00e5 velsigne det amerikanske milit\u00e6ret, og \u00f8nske alle god jul.<\/p>\n<p>&#8211; Ogs\u00e5 de d\u00f8de terroristene, som det kommer til \u00e5 bli mange flere av om slaktingen av kristne fortsetter.<\/p>\n","protected":false},"excerpt":{"rendered":"Nye angrep fra USA: President Donald Trump sier USA har gjennomf\u00f8rt flere angrep mot terrorm\u00e5l i Nigeria f\u00f8rste&hellip;\n","protected":false},"author":2,"featured_media":121939,"comment_status":"","ping_status":"","sticky":false,"template":"","format":"standard","meta":{"footnotes":""},"categories":[10],"tags":[20,21,24,25,15,22,23,13,30,28,29,14,16,26,27,412],"class_list":{"0":"post-121938","1":"post","2":"type-post","3":"status-publish","4":"format-standard","5":"has-post-thumbnail","7":"category-norge","8":"tag-breaking-news","9":"tag-breakingnews","10":"tag-featured-news","11":"tag-featurednews","12":"tag-headlines","13":"tag-latest-news","14":"tag-latestnews","15":"tag-news","16":"tag-no","17":"tag-norge","18":"tag-norway","19":"tag-nyheter","20":"tag-overskrifter","21":"tag-top-stories","22":"tag-topstories","23":"tag-utenriks"},"share_on_mastodon":{"url":"https:\/\/pubeurope.com\/@no\/115783391420308493","error":""},"_links":{"self":[{"href":"https:\/\/www.europesays.com\/no\/wp-json\/wp\/v2\/posts\/121938","targetHints":{"allow":["GET"]}}],"collection":[{"href":"https:\/\/www.europesays.com\/no\/wp-json\/wp\/v2\/posts"}],"about":[{"href":"https:\/\/www.europesays.com\/no\/wp-json\/wp\/v2\/types\/post"}],"author":[{"embeddable":true,"href":"https:\/\/www.europesays.com\/no\/wp-json\/wp\/v2\/users\/2"}],"replies":[{"embeddable":true,"href":"https:\/\/www.europesays.com\/no\/wp-json\/wp\/v2\/comments?post=121938"}],"version-history":[{"count":0,"href":"https:\/\/www.europesays.com\/no\/wp-json\/wp\/v2\/posts\/121938\/revisions"}],"wp:featuredmedia":[{"embeddable":true,"href":"https:\/\/www.europesays.com\/no\/wp-json\/wp\/v2\/media\/121939"}],"wp:attachment":[{"href":"https:\/\/www.europesays.com\/no\/wp-json\/wp\/v2\/media?parent=121938"}],"wp:term":[{"taxonomy":"category","embeddable":true,"href":"https:\/\/www.europesays.com\/no\/wp-json\/wp\/v2\/categories?post=121938"},{"taxonomy":"post_tag","embeddable":true,"href":"https:\/\/www.europesays.com\/no\/wp-json\/wp\/v2\/tags?post=121938"}],"curies":[{"name":"wp","href":"https:\/\/api.w.org\/{rel}","templated":true}]}}