{"id":121940,"date":"2025-12-26T02:04:13","date_gmt":"2025-12-26T02:04:13","guid":{"rendered":"https:\/\/www.europesays.com\/no\/121940\/"},"modified":"2025-12-26T02:04:13","modified_gmt":"2025-12-26T02:04:13","slug":"mann-og-kvinne-hadde-sex-pa-bussholdeplass-pa-gardermoen","status":"publish","type":"post","link":"https:\/\/www.europesays.com\/no\/121940\/","title":{"rendered":"Mann og kvinne hadde sex p\u00e5 bussholdeplass p\u00e5 Gardermoen"},"content":{"rendered":"\n<p class=\"_lead_o9xde_2 _lead_xtcu6_50 layout-component text-serif-m layout-normal text-serif-l layout-component layout-wide layout-padded _wide_17hqh_1 layout-padded\">Mann i 20-\u00e5rene fra Nord-Norge og kvinnen i 40-\u00e5rene fra \u00d8stlandet ble avbrutt i akten. Natt til 2. juledag er travel for politiet.<\/p>\n<p><img alt=\" Foto: H\u00e5kon Mosvold Larsen \/ NTB\" class=\"_image_qp4xg_65 layout-component layout-wide\" data-fullscreen- data-track-element-type=\"Article image fullscreen\" data-track-name=\"ImageFullscreen\" fetchpriority=\"high\" decoding=\"sync\" loading=\"eager\" height=\"3265\" itemprop=\"image\"  src=\"https:\/\/www.europesays.com\/no\/wp-content\/uploads\/2025\/12\/3572483e-e071-48f6-a0c9-5162d38f3403\"  style=\"object-position:0% 0%\" width=\"4898\"\/> Foto: H\u00e5kon Mosvold Larsen \/ NTB<\/p>\n<ul aria-hidden=\"true\" class=\"_images_ntbth_112\">\n<li><a class=\"_link_ntbth_117\" href=\"https:\/\/www.vg.no\/forfatter\/anja-ariel-toernes-brekke\" style=\"z-index:1\" title=\"Anja A. T. Brekke\" rel=\"nofollow noopener\" target=\"_blank\"><img alt=\"Bilde av Anja A. T. Brekke\" class=\"_image_ntbth_93\" fetchpriority=\"low\" loading=\"lazy\" decoding=\"async\" itemprop=\"image\"  src=\"https:\/\/www.europesays.com\/no\/wp-content\/uploads\/2025\/12\/1766714649_390_064db0a6-f784-4fee-a84a-81e3f5807bb6\"  width=\"480\"\/><\/a><\/li>\n<\/ul>\n<p> Oppdatert fredag 26. desember kl. 03:03     <\/p>\n<p class=\"_paragraph_o9xde_4 _paragraph_xtcu6_10 layout-component text-serif-m layout-normal text-serif-m layout-padded\">\u2013 Politiet kontaktet om mann og dame som \u00e5penlyst har sex p\u00e5 bussholdeplassen, ankomstplattformen, Oslo lufthavn <a href=\"https:\/\/www.vg.no\/tag\/gardermoen?utm_source=vg-article&amp;utm_medium=auto-tagger&amp;utm_campaign=8pmR2d\" class=\"_link_o9xde_39\" rel=\"nofollow noopener\" target=\"_blank\">Gardermoen<\/a>. Politiet til stedet og kontakt med personene, skriver politiet i loggen klokken 02.30 natt til 2. juledag.<\/p>\n<p class=\"_paragraph_o9xde_4 _paragraph_xtcu6_10 layout-component text-serif-m layout-normal text-serif-m layout-padded\">De understreker at dette skjedde \u00e5penlyst og at det var mye trafikk og mennesker til stede. <\/p>\n<p class=\"_paragraph_o9xde_4 _paragraph_xtcu6_10 layout-component text-serif-m layout-normal text-serif-m layout-padded\">\u2013 Ingen opplysninger som tilsier at forholdet ikke har skjedd frivillig, men politiet oppretter sak da hendelsen har skjedd \u00e5penlyst p\u00e5 beferdet omr\u00e5de, skriver politiet videre. <\/p>\n<p class=\"_paragraph_o9xde_4 _paragraph_xtcu6_10 layout-component text-serif-m layout-normal text-serif-m layout-padded\">Om det var snakk om enorm gjensynsgelde etter en lang reise, kan ikke operasjonsleder Rune Isaksen svare p\u00e5.  <\/p>\n<p class=\"_paragraph_o9xde_4 _paragraph_xtcu6_10 layout-component text-serif-m layout-normal text-serif-m layout-padded\">\u2013 Vi ble kontaktet av vitner. Det var ingen fors\u00f8k p\u00e5 \u00e5 skjule seg, sier Isaksen til VG. <\/p>\n<p>Fyll, fanteri og biting<\/p>\n<p class=\"_paragraph_o9xde_4 _paragraph_xtcu6_10 layout-component text-serif-m layout-normal text-serif-m layout-padded\">Natt til 2. juledag tikker det inn meldinger om ordensforstyrrelser i det ganske land. <\/p>\n<p class=\"_paragraph_o9xde_4 _paragraph_xtcu6_10 layout-component text-serif-m layout-normal text-serif-m layout-padded\">Flere steder melder de om slossing og fulle folk som lager tr\u00f8bbel. <\/p>\n<ul class=\"_list_o9xde_3 _list_xtcu6_9 _unordered_o9xde_106 layout-component text-serif-m layout-normal text-serif-m layout-padded\">\n<li class=\"_item_o9xde_30\">En\u00a035 \u00e5r gammel mann ble bortvist fra et utested p\u00e5 Hitra i Tr\u00f8ndelag\u00a0etter d\u00e5rlig oppf\u00f8rsel, upassende ber\u00f8ring av flere kvinner og hatefulle ytringer mot politiet. Han var beruset, og det ventes trolig anmeldelser fra de forn\u00e6rmede. Politiet har opprettet sak p\u00e5 forholdene.<\/li>\n<li class=\"_item_o9xde_30\">En\u00a0mann i 20-\u00e5rene i Skien ble innbrakt til arresten\u00a0etter \u00e5 ha v\u00e6rt full og utagerende, da det ikke var mulig \u00e5 gi ham p\u00e5legg. Politiet har opprettet sak.<\/li>\n<li class=\"_item_o9xde_30\">To andre menn i Skien ble bortvist fra sentrum etter \u00e5 ha v\u00e6rt beruset og utvist hissig adferd mot andre. Politiet grep inn for \u00e5 roe situasjonen.<\/li>\n<li class=\"_item_o9xde_30\">To menn i 20-\u00e5rene ble ogs\u00e5 bortvist fra Time i Rogaland\u00a0etter \u00e5 ha v\u00e6rt beruset og utvist hissig adferd mot andre. <\/li>\n<li class=\"_item_o9xde_30\">En mann ble bortvist fra et utested i Ski etter \u00e5 ha bitt en dame.<\/li>\n<\/ul>\n<p>To menn med h\u00e5rspray<\/p>\n<p class=\"_paragraph_o9xde_4 _paragraph_xtcu6_10 layout-component text-serif-m layout-normal text-serif-m layout-padded\">Politiet i Tr\u00f8ndelag brukte drone for \u00e5 f\u00f8lge med p\u00e5 to mennene, som var ute med h\u00e5rspray natt til 2. juledag. <\/p>\n<p class=\"_paragraph_o9xde_4 _paragraph_xtcu6_10 layout-component text-serif-m layout-normal text-serif-m layout-padded\">\u2013 Ble meldt om h\u00f8ye smell i n\u00e6rheten av skiskytterstadion p\u00e5 skiskytterstadion p\u00e5 Saupstad, skriver operasjonsleder Bj\u00f8rnar Gaasvik i politiloggen klokken 02:18.<\/p>\n<p class=\"_paragraph_o9xde_4 _paragraph_xtcu6_10 layout-component text-serif-m layout-normal text-serif-m layout-padded\">Videre unders\u00f8kelser viser at de to menn i 20 \u00e5rene har sprengt flasker med h\u00e5rspray. <\/p>\n<p class=\"_paragraph_o9xde_4 _paragraph_xtcu6_10 layout-component text-serif-m layout-normal text-serif-m layout-padded\">\u2013 Ingen anmeldelse, men en streng pekefinger fra politiet p\u00e5 stedet. De to skj\u00f8nte tegninga, forsikrer Gaasvik. <\/p>\n<p>    <img decoding=\"async\" alt=\"Tips oss illustrasjon\" src=\"https:\/\/www.europesays.com\/no\/wp-content\/uploads\/2025\/10\/pssst-small.webp.webp\"\/>    <\/p>\n<p class=\"title-serif-s\">Har du tips?<\/p>\n<p class=\"text-sans-m\">Send oss informasjon, bilder eller video.<\/p>\n<p>  <a href=\"https:\/\/www.vg.no\/tips-oss\" rel=\"nofollow noopener\" target=\"_blank\"> Tips oss <\/a>      <\/p>\n","protected":false},"excerpt":{"rendered":"Mann i 20-\u00e5rene fra Nord-Norge og kvinnen i 40-\u00e5rene fra \u00d8stlandet ble avbrutt i akten. Natt til 2.&hellip;\n","protected":false},"author":2,"featured_media":121941,"comment_status":"","ping_status":"","sticky":false,"template":"","format":"standard","meta":{"footnotes":""},"categories":[10],"tags":[20,21,24,25,2380,15,22,23,13,30,28,29,14,16,254,26,27],"class_list":{"0":"post-121940","1":"post","2":"type-post","3":"status-publish","4":"format-standard","5":"has-post-thumbnail","7":"category-norge","8":"tag-breaking-news","9":"tag-breakingnews","10":"tag-featured-news","11":"tag-featurednews","12":"tag-gardermoen","13":"tag-headlines","14":"tag-latest-news","15":"tag-latestnews","16":"tag-news","17":"tag-no","18":"tag-norge","19":"tag-norway","20":"tag-nyheter","21":"tag-overskrifter","22":"tag-politi","23":"tag-top-stories","24":"tag-topstories"},"share_on_mastodon":{"url":"https:\/\/pubeurope.com\/@no\/115783419121984614","error":""},"_links":{"self":[{"href":"https:\/\/www.europesays.com\/no\/wp-json\/wp\/v2\/posts\/121940","targetHints":{"allow":["GET"]}}],"collection":[{"href":"https:\/\/www.europesays.com\/no\/wp-json\/wp\/v2\/posts"}],"about":[{"href":"https:\/\/www.europesays.com\/no\/wp-json\/wp\/v2\/types\/post"}],"author":[{"embeddable":true,"href":"https:\/\/www.europesays.com\/no\/wp-json\/wp\/v2\/users\/2"}],"replies":[{"embeddable":true,"href":"https:\/\/www.europesays.com\/no\/wp-json\/wp\/v2\/comments?post=121940"}],"version-history":[{"count":0,"href":"https:\/\/www.europesays.com\/no\/wp-json\/wp\/v2\/posts\/121940\/revisions"}],"wp:featuredmedia":[{"embeddable":true,"href":"https:\/\/www.europesays.com\/no\/wp-json\/wp\/v2\/media\/121941"}],"wp:attachment":[{"href":"https:\/\/www.europesays.com\/no\/wp-json\/wp\/v2\/media?parent=121940"}],"wp:term":[{"taxonomy":"category","embeddable":true,"href":"https:\/\/www.europesays.com\/no\/wp-json\/wp\/v2\/categories?post=121940"},{"taxonomy":"post_tag","embeddable":true,"href":"https:\/\/www.europesays.com\/no\/wp-json\/wp\/v2\/tags?post=121940"}],"curies":[{"name":"wp","href":"https:\/\/api.w.org\/{rel}","templated":true}]}}