{"id":121946,"date":"2025-12-26T02:12:31","date_gmt":"2025-12-26T02:12:31","guid":{"rendered":"https:\/\/www.europesays.com\/no\/121946\/"},"modified":"2025-12-26T02:12:31","modified_gmt":"2025-12-26T02:12:31","slug":"grevinnen-og-hovmesteren-jul-12-millioner-fikk-med-seg-klassikeren-i-gar","status":"publish","type":"post","link":"https:\/\/www.europesays.com\/no\/121946\/","title":{"rendered":"Grevinnen og hovmesteren, Jul | 1,2 millioner fikk med seg klassikeren i g\u00e5r"},"content":{"rendered":"\n<p>I snitt var det 986.000 som benket seg foran TV-en lille julaften, mens 10.000 s\u00e5 sendingen i NRK TV \u2013 til sammen 996.000 seere.<\/p>\n<p>Det opplyser NRK til <a href=\"https:\/\/www.dagbladet.no\/nyheter\/nrk-tallene-sa-mange-sa-pa\/84025456\" rel=\"nofollow noopener\" target=\"_blank\">Dagbladet<\/a>.<\/p>\n<p>NRK1-sendingen hadde en markedsandel p\u00e5 83,7 prosent, og litt over 1,7 millioner var innom sendingen og s\u00e5 minst ett minutt.<\/p>\n<p><b>\u2013 Vi er sv\u00e6rt forn\u00f8yd med \u00e5 samle nesten en million seere til \u00abKvelden f\u00f8r Kvelden\u00bb p\u00e5 lille julaften, sier medieanalytiker Kari Lome i NRK til Dagbladet.<\/b><\/p>\n<p>Seerstorm i &#8217;92<\/p>\n<p>Litt over 1,2 millioner s\u00e5 p\u00e5 \u00abKvelden f\u00f8r kvelden\u00bb p\u00e5 NRK1 mens \u00abGrevinnen og hovmesteren\u00bb ble sendt litt over klokka 21. Sketsjen har blitt sendt hvert \u00e5r siden 1980.<\/p>\n<p><b>For mange er dette selve startskuddet for julen, og den fungerer som et fast samlingspunkt i en ellers travel kveld med juletrepynting og matforberedelser. <\/b><\/p>\n<p>Tradisjonen st\u00e5r s\u00e5 sterkt at det ble seerstorm da NRK i 1992 valgte \u00e5 sende sketsjen 15 minutter tidligere enn planlagt. Folk som gikk glipp av starten ble s\u00e5 rasende at NRK ble nedringt, og kanalen s\u00e5 seg n\u00f8dt til \u00e5 sende hele sketsjen p\u00e5 nytt senere samme kveld.<\/p>\n<p>            Visste du dette om \u00abGrevinnen og hovmesteren\u00bb?<\/p>\n<ul>\n<li>\n<p><b>Svart-hvitt:<\/b> Selv om sketsjen finnes i farger, insisterer NRK (og de fleste seere) p\u00e5 \u00e5 vise den originale svart-hvitt-versjonen fra 1963.<\/p>\n<\/li>\n<li>\n<p><b>Ikke i Storbritannia:<\/b> Til tross for at skuespillerne er britiske og spr\u00e5ket er engelsk, er sketsjen nesten helt ukjent i Storbritannia. Den er derimot en enorm suksess i Tyskland, Skandinavia og deler av \u00d8st-Europa.<\/p>\n<\/li>\n<\/ul>\n<p>  \u00d8kning fra i fjor<\/p>\n<p>Tirsdagens seertall for \u00abKvelden f\u00f8r kvelden\u00bb \u00f8kte fra 974.000 seere i fjor, noe som gj\u00f8r programmet til et av \u00e5rets mest sette p\u00e5 NRK.<\/p>\n<p>If\u00f8lge <a href=\"https:\/\/www.kampanje.com\/medier\/kvelden-for-kvelden-droppet-til-under-en-million-seere-holder-seg-bra-i-et-fallende-marked\/435215\" rel=\"nofollow noopener\" target=\"_blank\">Kampanje <\/a> har imidlertid tallene falt de siste \u00e5ra \u2013 fra over \u00e9n million seere fra 2019 til 2023.<\/p>\n<p>Det var Silje Nordnes og K\u00e5re Magnus Bergh som var \u00e5rets programledere, med Robert Stoltenberg som kokk.<\/p>\n","protected":false},"excerpt":{"rendered":"I snitt var det 986.000 som benket seg foran TV-en lille julaften, mens 10.000 s\u00e5 sendingen i NRK&hellip;\n","protected":false},"author":2,"featured_media":121947,"comment_status":"","ping_status":"","sticky":false,"template":"","format":"standard","meta":{"footnotes":""},"categories":[5],"tags":[36,20,21,24,25,14356,15,19,5593,22,23,17,18,13,30,28,29,14,16,1510,26,27],"class_list":{"0":"post-121946","1":"post","2":"type-post","3":"status-publish","4":"format-standard","5":"has-post-thumbnail","7":"category-overskrifter","8":"tag-art","9":"tag-breaking-news","10":"tag-breakingnews","11":"tag-featured-news","12":"tag-featurednews","13":"tag-grevinnen-og-hovmesteren","14":"tag-headlines","15":"tag-hovedoppslag","16":"tag-jul","17":"tag-latest-news","18":"tag-latestnews","19":"tag-main-news","20":"tag-mainnews","21":"tag-news","22":"tag-no","23":"tag-norge","24":"tag-norway","25":"tag-nyheter","26":"tag-overskrifter","27":"tag-story","28":"tag-top-stories","29":"tag-topstories"},"share_on_mastodon":{"url":"https:\/\/pubeurope.com\/@no\/115783450146456917","error":""},"_links":{"self":[{"href":"https:\/\/www.europesays.com\/no\/wp-json\/wp\/v2\/posts\/121946","targetHints":{"allow":["GET"]}}],"collection":[{"href":"https:\/\/www.europesays.com\/no\/wp-json\/wp\/v2\/posts"}],"about":[{"href":"https:\/\/www.europesays.com\/no\/wp-json\/wp\/v2\/types\/post"}],"author":[{"embeddable":true,"href":"https:\/\/www.europesays.com\/no\/wp-json\/wp\/v2\/users\/2"}],"replies":[{"embeddable":true,"href":"https:\/\/www.europesays.com\/no\/wp-json\/wp\/v2\/comments?post=121946"}],"version-history":[{"count":0,"href":"https:\/\/www.europesays.com\/no\/wp-json\/wp\/v2\/posts\/121946\/revisions"}],"wp:featuredmedia":[{"embeddable":true,"href":"https:\/\/www.europesays.com\/no\/wp-json\/wp\/v2\/media\/121947"}],"wp:attachment":[{"href":"https:\/\/www.europesays.com\/no\/wp-json\/wp\/v2\/media?parent=121946"}],"wp:term":[{"taxonomy":"category","embeddable":true,"href":"https:\/\/www.europesays.com\/no\/wp-json\/wp\/v2\/categories?post=121946"},{"taxonomy":"post_tag","embeddable":true,"href":"https:\/\/www.europesays.com\/no\/wp-json\/wp\/v2\/tags?post=121946"}],"curies":[{"name":"wp","href":"https:\/\/api.w.org\/{rel}","templated":true}]}}