{"id":121948,"date":"2025-12-26T02:18:12","date_gmt":"2025-12-26T02:18:12","guid":{"rendered":"https:\/\/www.europesays.com\/no\/121948\/"},"modified":"2025-12-26T02:18:12","modified_gmt":"2025-12-26T02:18:12","slug":"vaer-yr-no-varsler-opp-til-full-storm-pa-kysten-fare-for-innstilte-avganger","status":"publish","type":"post","link":"https:\/\/www.europesays.com\/no\/121948\/","title":{"rendered":"V\u00e6r, Yr.no | Varsler opp til full storm p\u00e5 kysten \u2013 fare for innstilte avganger"},"content":{"rendered":"\n<p>En kraftig vinterstorm treffer Nord-Norge l\u00f8rdag 27. desember, varsler Meteorologisk institutt.<\/p>\n<p>Uv\u00e6ret gir ogs\u00e5 krevende v\u00e6rforhold flere steder p\u00e5 Helgeland.<\/p>\n<p>\u00abDet ventes lokalt kraftige vindkast p\u00e5 30\u201335 meter i sekundet fra nordvest og nordlig retning. Det ventes perioder med liten til full storm p\u00e5 kysten. Faren avtar l\u00f8rdag ettermiddag\u00bb, heter det i det gule farevarselet fra yr.no.<\/p>\n<p>Vinden vil \u00f8ke fra klokken 04 natt til l\u00f8rdag og avtal utover ettermiddagen.<\/p>\n<p>Stiv kuling og kraftige kast<\/p>\n<p>I Sandnessj\u00f8en er det ventet stiv kuling med middelvind p\u00e5 14\u201317 m\/s, og vindkast p\u00e5 26\u201328 m\/s fra nordvest og nord.<\/p>\n<p>Vindstyrken holder seg h\u00f8y i flere timer, samtidig som nedb\u00f8ren g\u00e5r over i sludd og sn\u00f8byger etter hvert som det blir minusgrader. Kombinasjonen kan gi krevende forhold, s\u00e6rlig for sj\u00f8trafikk.<\/p>\n<p><b>Meteorologene advarer om fare for innstilte ferjer og b\u00e5ter, samt lokalt h\u00f8ye b\u00f8lger langs kysten.<\/b><\/p>\n<p>Ogs\u00e5 i innlandet p\u00e5 Midt-Helgeland blir det kraftig vind l\u00f8rdag. Her viser prognosene liten til stiv kuling, med vindkast opp mot 29 m\/s i Mosj\u00f8en, sterkest sent p\u00e5 formiddagen rundt klokken 10\u201312.<\/p>\n<p>Fare for str\u00f8mbrudd<\/p>\n<p>Meteorologisk institutt ber folk sikre l\u00f8se gjenstander og v\u00e6re forberedt p\u00e5:<\/p>\n<ul>\n<li>Hindringer i veibanen<\/li>\n<li>Stengte bruer og utsatte veistrekninger<\/li>\n<li>Innstilte avganger p\u00e5 fly, b\u00e5t og kollektivtransport<\/li>\n<li>Risiko for str\u00f8mbrudd<\/li>\n<\/ul>\n<p>Samtidig ligger det inne oransje farevarsel for sn\u00f8skred p\u00e5 Helgeland. Varsom.no opplyser at ferdsel i skredterreng krever solid kunnskap, og at det generelt anbefales \u00e5 unng\u00e5 bratt terreng.<\/p>\n<p>  <a href=\"https:\/\/www.helg.no\/5-24-1126501\" class=\"related-teaser default-story-teaser article--c-eRUmMG article--c-eRUmMG-jKCPdD-design-default article--c-eRUmMG-kpKLOW-cv\" rel=\"nofollow noopener\" target=\"_blank\"><\/p>\n<p>\n            Les ogs\u00e5<\/p>\n<p>              Advarer om betydelig sn\u00f8skredfare p\u00e5 Helgeland\n        <\/p>\n<p>  <\/a><\/p>\n","protected":false},"excerpt":{"rendered":"En kraftig vinterstorm treffer Nord-Norge l\u00f8rdag 27. desember, varsler Meteorologisk institutt. Uv\u00e6ret gir ogs\u00e5 krevende v\u00e6rforhold flere steder&hellip;\n","protected":false},"author":2,"featured_media":121949,"comment_status":"","ping_status":"","sticky":false,"template":"","format":"standard","meta":{"footnotes":""},"categories":[10],"tags":[36,20,21,24,25,15,2551,22,23,13,30,28,29,14,16,1510,26,27,553,12745],"class_list":{"0":"post-121948","1":"post","2":"type-post","3":"status-publish","4":"format-standard","5":"has-post-thumbnail","7":"category-norge","8":"tag-art","9":"tag-breaking-news","10":"tag-breakingnews","11":"tag-featured-news","12":"tag-featurednews","13":"tag-headlines","14":"tag-helgeland","15":"tag-latest-news","16":"tag-latestnews","17":"tag-news","18":"tag-no","19":"tag-norge","20":"tag-norway","21":"tag-nyheter","22":"tag-overskrifter","23":"tag-story","24":"tag-top-stories","25":"tag-topstories","26":"tag-vaer","27":"tag-yr-no"},"share_on_mastodon":{"url":"https:\/\/pubeurope.com\/@no\/115783473720858305","error":""},"_links":{"self":[{"href":"https:\/\/www.europesays.com\/no\/wp-json\/wp\/v2\/posts\/121948","targetHints":{"allow":["GET"]}}],"collection":[{"href":"https:\/\/www.europesays.com\/no\/wp-json\/wp\/v2\/posts"}],"about":[{"href":"https:\/\/www.europesays.com\/no\/wp-json\/wp\/v2\/types\/post"}],"author":[{"embeddable":true,"href":"https:\/\/www.europesays.com\/no\/wp-json\/wp\/v2\/users\/2"}],"replies":[{"embeddable":true,"href":"https:\/\/www.europesays.com\/no\/wp-json\/wp\/v2\/comments?post=121948"}],"version-history":[{"count":0,"href":"https:\/\/www.europesays.com\/no\/wp-json\/wp\/v2\/posts\/121948\/revisions"}],"wp:featuredmedia":[{"embeddable":true,"href":"https:\/\/www.europesays.com\/no\/wp-json\/wp\/v2\/media\/121949"}],"wp:attachment":[{"href":"https:\/\/www.europesays.com\/no\/wp-json\/wp\/v2\/media?parent=121948"}],"wp:term":[{"taxonomy":"category","embeddable":true,"href":"https:\/\/www.europesays.com\/no\/wp-json\/wp\/v2\/categories?post=121948"},{"taxonomy":"post_tag","embeddable":true,"href":"https:\/\/www.europesays.com\/no\/wp-json\/wp\/v2\/tags?post=121948"}],"curies":[{"name":"wp","href":"https:\/\/api.w.org\/{rel}","templated":true}]}}