{"id":121959,"date":"2025-12-26T04:45:08","date_gmt":"2025-12-26T04:45:08","guid":{"rendered":"https:\/\/www.europesays.com\/no\/121959\/"},"modified":"2025-12-26T04:45:08","modified_gmt":"2025-12-26T04:45:08","slug":"usa-har-angrepet-mal-i-nigeria-nrk-urix-utenriksnyheter-og-dokumentarer","status":"publish","type":"post","link":"https:\/\/www.europesays.com\/no\/121959\/","title":{"rendered":"USA har angrepet m\u00e5l i Nigeria \u2013 NRK Urix \u2013 Utenriksnyheter og -dokumentarer"},"content":{"rendered":"<p>\u2013 Krigsdepartementet har gjennomf\u00f8rt flere perfekte angrep, slik bare USA kan, skriver Trump p\u00e5 <a href=\"https:\/\/truthsocial.com\/@realDonaldTrump\/posts\/115782683955516402\" ec-id=\"https:\/\/truthsocial.com\/@realDonaldTrump\/posts\/115782683955516402\" ec-name=\"Truth Social\" rel=\"nofollow noopener\" target=\"_blank\">Truth Social<\/a>. Han sier angrepene var rettet mot IS-tilknyttede islamister nordvest i Nigeria.<\/p>\n<p>\u2013 Jeg har tidligere advart disse terroristene om at de vil f\u00e5 et helvete om de ikke slutte \u00e5 slakte ned kristne. I dag skjedde det, fortsetter Trump.<\/p>\n<p>En tjenestemann sier angrepet skjedde i delstaten Sokoto, og at flere militante IS-medlemmer bel drept. If\u00f8lge tjenestemannen ble angrepet gjennomf\u00f8rt etter en foresp\u00f8rsel fra Nigerias myndigheter.<\/p>\n<p>USAs forsvarsdepartement har publisert en video som viser at et missil blir avfyrt under nattens angrep. <\/p>\n<p>Nigeria bekrefter angrepet<\/p>\n<p>Det nigerianske utenriksdepartementet bekrefter at de er i dialog med USA om \u00abstrukturert sikkerhetssamarbeid\u00bb, og at dette har f\u00f8rt fram til \u00abpresisjonsangrep mot terrorm\u00e5l\u00bb i form av luftangrep nordvest i landet.<\/p>\n<p>Trump bruker ogs\u00e5 innlegget sitt til \u00e5 velsigne det amerikanske milit\u00e6ret, og \u00f8nske alle god jul.<\/p>\n<p>\u2013 Ogs\u00e5 de d\u00f8de terroristene, som det kommer til \u00e5 bli mange flere av om slaktingen av kristne fortsetter.<\/p>\n<p>Nigerias regjering og uavhengige analytikere avviser fremstillingen av volden i landet som religionsforf\u00f8lgelse, en fortelling kristenkonservative i USA og Europa lenge har fremmet.<\/p>\n<p>Publisert<\/p>\n<p>26.12.2025, kl. 04.35<\/p>\n<p>Oppdatert<\/p>\n<p>26.12.2025, kl. 05.44<\/p>\n","protected":false},"excerpt":{"rendered":"\u2013 Krigsdepartementet har gjennomf\u00f8rt flere perfekte angrep, slik bare USA kan, skriver Trump p\u00e5 Truth Social. Han sier&hellip;\n","protected":false},"author":2,"featured_media":121960,"comment_status":"","ping_status":"","sticky":false,"template":"","format":"standard","meta":{"footnotes":""},"categories":[12],"tags":[20,21,24,25,15,22,23,13,30,28,29,14,16,26,27,42,43,44,45],"class_list":{"0":"post-121959","1":"post","2":"type-post","3":"status-publish","4":"format-standard","5":"has-post-thumbnail","7":"category-verden","8":"tag-breaking-news","9":"tag-breakingnews","10":"tag-featured-news","11":"tag-featurednews","12":"tag-headlines","13":"tag-latest-news","14":"tag-latestnews","15":"tag-news","16":"tag-no","17":"tag-norge","18":"tag-norway","19":"tag-nyheter","20":"tag-overskrifter","21":"tag-top-stories","22":"tag-topstories","23":"tag-verden","24":"tag-world","25":"tag-world-news","26":"tag-worldnews"},"share_on_mastodon":{"url":"https:\/\/pubeurope.com\/@no\/115784051800201099","error":""},"_links":{"self":[{"href":"https:\/\/www.europesays.com\/no\/wp-json\/wp\/v2\/posts\/121959","targetHints":{"allow":["GET"]}}],"collection":[{"href":"https:\/\/www.europesays.com\/no\/wp-json\/wp\/v2\/posts"}],"about":[{"href":"https:\/\/www.europesays.com\/no\/wp-json\/wp\/v2\/types\/post"}],"author":[{"embeddable":true,"href":"https:\/\/www.europesays.com\/no\/wp-json\/wp\/v2\/users\/2"}],"replies":[{"embeddable":true,"href":"https:\/\/www.europesays.com\/no\/wp-json\/wp\/v2\/comments?post=121959"}],"version-history":[{"count":0,"href":"https:\/\/www.europesays.com\/no\/wp-json\/wp\/v2\/posts\/121959\/revisions"}],"wp:featuredmedia":[{"embeddable":true,"href":"https:\/\/www.europesays.com\/no\/wp-json\/wp\/v2\/media\/121960"}],"wp:attachment":[{"href":"https:\/\/www.europesays.com\/no\/wp-json\/wp\/v2\/media?parent=121959"}],"wp:term":[{"taxonomy":"category","embeddable":true,"href":"https:\/\/www.europesays.com\/no\/wp-json\/wp\/v2\/categories?post=121959"},{"taxonomy":"post_tag","embeddable":true,"href":"https:\/\/www.europesays.com\/no\/wp-json\/wp\/v2\/tags?post=121959"}],"curies":[{"name":"wp","href":"https:\/\/api.w.org\/{rel}","templated":true}]}}