{"id":121965,"date":"2025-12-26T05:46:12","date_gmt":"2025-12-26T05:46:12","guid":{"rendered":"https:\/\/www.europesays.com\/no\/121965\/"},"modified":"2025-12-26T05:46:12","modified_gmt":"2025-12-26T05:46:12","slug":"russland-utenriks-putin-kritiker-domt-til-seks-ar-i-straffekoloni","status":"publish","type":"post","link":"https:\/\/www.europesays.com\/no\/121965\/","title":{"rendered":"Russland, Utenriks | Putin-kritiker d\u00f8mt til seks \u00e5r i straffekoloni"},"content":{"rendered":"\n<p>Dommen som falt i Moskva torsdag er ett \u00e5r kortere enn p\u00e5talemyndighetens p\u00e5stand. Kort tid f\u00f8r dommen var klar, erkl\u00e6rte Udaltsov at han ville innlede \u00absultestreik inntil d\u00f8den\u00bb dersom han ble d\u00f8mt.<\/p>\n<p>\u2013 En skammelig beslutning. Jeg h\u00e5per alle som har fattet den, vil bli holdt ansvarlig. Forbannede bikkjer, sa Udaltsov etter dommen, if\u00f8lge opposisjonsmediet Meduza.<\/p>\n<p>Udaltsovs kone Anastasia sitter i den russiske nasjonalforsamlingen, der hun representerer kommunistpartiet. Hun st\u00f8tter Russlands krigf\u00f8ring i Ukraina, men regnes som en Putin-kritiker.<\/p>\n<p>If\u00f8lge Meduza er artikkelen \u00abHvordan marxister ble gjort til terrorister\u00bb utgangspunktet for straffeforf\u00f8lgelsen av Udaltsov. Der uttrykte han st\u00f8tte til en annen gruppe aktivister som etterretningstjenesten anklaget for \u00e5 ha startet en terrororganisasjon. En milit\u00e6rdomstol d\u00f8mte tidligere i \u00e5r aktivisten e til mellom 16 og 22 \u00e5r i fengsel.<\/p>\n<p>Fra 2011 til 2013 var Udaltsov en prominent leder av en russisk protestbevegelse som motsatte seg at Putin skulle komme tilbake som landets president. I 2014 ble Udaltsov d\u00f8mt til fire og et halvt \u00e5rs fengsel for hans rolle i demonstrasjonene mot Putin. Han ble l\u00f8slatt i 2017.<\/p>\n<p>(\u00a9NTB)<\/p>\n","protected":false},"excerpt":{"rendered":"Dommen som falt i Moskva torsdag er ett \u00e5r kortere enn p\u00e5talemyndighetens p\u00e5stand. Kort tid f\u00f8r dommen var&hellip;\n","protected":false},"author":2,"featured_media":121966,"comment_status":"","ping_status":"","sticky":false,"template":"","format":"standard","meta":{"footnotes":""},"categories":[12],"tags":[20,21,24,25,15,22,23,13,30,28,29,14,16,26,27,42,43,44,45],"class_list":{"0":"post-121965","1":"post","2":"type-post","3":"status-publish","4":"format-standard","5":"has-post-thumbnail","7":"category-verden","8":"tag-breaking-news","9":"tag-breakingnews","10":"tag-featured-news","11":"tag-featurednews","12":"tag-headlines","13":"tag-latest-news","14":"tag-latestnews","15":"tag-news","16":"tag-no","17":"tag-norge","18":"tag-norway","19":"tag-nyheter","20":"tag-overskrifter","21":"tag-top-stories","22":"tag-topstories","23":"tag-verden","24":"tag-world","25":"tag-world-news","26":"tag-worldnews"},"share_on_mastodon":{"url":"https:\/\/pubeurope.com\/@no\/115784291669201067","error":""},"_links":{"self":[{"href":"https:\/\/www.europesays.com\/no\/wp-json\/wp\/v2\/posts\/121965","targetHints":{"allow":["GET"]}}],"collection":[{"href":"https:\/\/www.europesays.com\/no\/wp-json\/wp\/v2\/posts"}],"about":[{"href":"https:\/\/www.europesays.com\/no\/wp-json\/wp\/v2\/types\/post"}],"author":[{"embeddable":true,"href":"https:\/\/www.europesays.com\/no\/wp-json\/wp\/v2\/users\/2"}],"replies":[{"embeddable":true,"href":"https:\/\/www.europesays.com\/no\/wp-json\/wp\/v2\/comments?post=121965"}],"version-history":[{"count":0,"href":"https:\/\/www.europesays.com\/no\/wp-json\/wp\/v2\/posts\/121965\/revisions"}],"wp:featuredmedia":[{"embeddable":true,"href":"https:\/\/www.europesays.com\/no\/wp-json\/wp\/v2\/media\/121966"}],"wp:attachment":[{"href":"https:\/\/www.europesays.com\/no\/wp-json\/wp\/v2\/media?parent=121965"}],"wp:term":[{"taxonomy":"category","embeddable":true,"href":"https:\/\/www.europesays.com\/no\/wp-json\/wp\/v2\/categories?post=121965"},{"taxonomy":"post_tag","embeddable":true,"href":"https:\/\/www.europesays.com\/no\/wp-json\/wp\/v2\/tags?post=121965"}],"curies":[{"name":"wp","href":"https:\/\/api.w.org\/{rel}","templated":true}]}}