{"id":121996,"date":"2025-12-26T07:26:25","date_gmt":"2025-12-26T07:26:25","guid":{"rendered":"https:\/\/www.europesays.com\/no\/121996\/"},"modified":"2025-12-26T07:26:25","modified_gmt":"2025-12-26T07:26:25","slug":"linnea-ble-det-ukjente-offeret","status":"publish","type":"post","link":"https:\/\/www.europesays.com\/no\/121996\/","title":{"rendered":"Linn\u00e8a ble det ukjente offeret."},"content":{"rendered":"\n<ul class=\"_list_o9xde_3 _list_64s2r_85 _unordered_o9xde_106 text-sans-m\">\n<li class=\"_item_o9xde_30\">Espen Andersen Br\u00e5then drepte fem mennesker i Kongsberg. <\/li>\n<li class=\"_item_o9xde_30\">En av dem var Hanne Englund; hennes datter Linn\u00e8a slet tungt etter morens d\u00f8d. <\/li>\n<li class=\"_item_o9xde_30\">Linn\u00e8a kjempet med spiseforstyrrelser og psykiske problemer f\u00f8r hun tok sitt eget liv. <\/li>\n<li class=\"_item_o9xde_30\">Faren \u00d8ystein mener systemet sviktet b\u00e5de Br\u00e5then og Linn\u00e8a.<\/li>\n<\/ul>\n<p>Vis mer <\/p>\n<p class=\"_paragraph_o9xde_4 _paragraph_xtcu6_10 layout-component text-serif-m layout-normal text-serif-m layout-padded\"><strong class=\"_strong_o9xde_25\">Historien du n\u00e5 skal lese, har Linn\u00e8as pappa v\u00e6rt usikker p\u00e5 om han ville klare \u00e5 fortelle.<\/strong><\/p>\n<p class=\"_paragraph_o9xde_4 _paragraph_xtcu6_10 layout-component text-serif-m layout-normal text-serif-m layout-padded\">13. oktober 2021 beveger en mann seg rundt i Kongsberg \u2013 i sokkelesten.<\/p>\n<p class=\"_paragraph_o9xde_4 _paragraph_xtcu6_10 layout-component text-serif-m layout-normal text-serif-m layout-padded\">Espen Andersen Br\u00e5then (37) har paranoid schizofreniparanoid schizofreniEn form for schizofreni kjennetegnet av dominerende vrangforestillinger (ofte forf\u00f8lgelse, mistenksomhet) og hallusinasjoner (s\u00e6rlig stemmer i hodet) og f\u00f8ler seg forfulgt.<\/p>\n<p class=\"_paragraph_o9xde_4 _paragraph_xtcu6_10 layout-component text-serif-m layout-normal text-serif-m layout-padded\">Han har derfor satt skoene fra seg i gangen hjemme, f\u00f8r han <a href=\"https:\/\/www.vg.no\/spesial\/2021\/pil-og-bue-angrepet-i-kongsberg\/#manus\" class=\"_link_o9xde_39\" rel=\"nofollow noopener\" target=\"_blank\">g\u00e5r ut i byen med pil, bue og flere kniver.<\/a><\/p>\n<p><img alt=\"Dette bildet er tatt kl. 18.18 og viser f\u00f8rste politibil p\u00e5 stedet.  Foto: Knut Eirik Gustavsen \u00d8deg\u00e5rden\" class=\"_image_qp4xg_65 layout-component layout-normal\" data-fullscreen- data-track-element-type=\"Article image fullscreen\" data-track-name=\"ImageFullscreen\" decoding=\"async\" loading=\"lazy\" height=\"579\" itemprop=\"image\"  src=\"https:\/\/www.europesays.com\/no\/wp-content\/uploads\/2025\/12\/b7b7dccb-2ba7-41fc-9779-37815a97ea2b\"  style=\"object-position:0% 0%\" width=\"772\"\/>Dette bildet er tatt kl. 18.18 og viser f\u00f8rste politibil p\u00e5 stedet.  Foto: Knut Eirik Gustavsen \u00d8deg\u00e5rden<\/p>\n<p class=\"_paragraph_o9xde_4 _paragraph_xtcu6_10 layout-component text-serif-m layout-normal text-serif-m layout-padded\">Klokken har passert 18.30 og det er m\u00f8rkt ute. Men i Hanne Englunds vindu er det lys. Br\u00e5then g\u00e5r den bratte trappen opp til huset.<\/p>\n<p class=\"_paragraph_o9xde_4 _paragraph_xtcu6_10 layout-component text-serif-m layout-normal text-serif-m layout-padded\">Mens Englund st\u00e5r med ryggen til, knivstikker han den lokale kunstneren flere ganger. Hun faller og blir liggende p\u00e5 gulvet i atelieret sitt.<\/p>\n<p class=\"_paragraph_o9xde_4 _paragraph_xtcu6_10 layout-component text-serif-m layout-normal text-serif-m layout-padded\">Br\u00e5then g\u00e5r videre inn i huset. Han leter under sengene, i tilfelle noen har gjemt seg \u2013 og setter blodige h\u00e5ndavtrykk p\u00e5 senget\u00f8yet.<\/p>\n<p class=\"_paragraph_o9xde_4 _paragraph_xtcu6_10 layout-component text-serif-m layout-normal text-serif-m layout-padded\">Han drikker et glass vann fra springen, og setter glasset p\u00e5 kj\u00f8kkenbenken. S\u00e5 g\u00e5r han videre.<\/p>\n<p class=\"_paragraph_o9xde_4 _paragraph_xtcu6_10 layout-component text-serif-m layout-normal text-serif-m layout-padded\">Denne dagen blir fem mennesker drept i Hyttegata i Kongsberg:<\/p>\n<p><img alt=\"Hanne Merethe Englund (56), Gunnar Erling Sauve (75), Liv Borge (75), Andr\u00e9a Meyer (52) og Gun Marith Madsen (78).  Foto: Privat\/Politiet\" class=\"_image_qp4xg_65 layout-component layout-normal\" data-fullscreen- data-track-element-type=\"Article image fullscreen\" data-track-name=\"ImageFullscreen\" decoding=\"async\" loading=\"lazy\" height=\"2969\" itemprop=\"image\"  src=\"https:\/\/www.europesays.com\/no\/wp-content\/uploads\/2025\/12\/633ce92a-6835-4f81-a92a-ab1709b05d4b\"  style=\"object-position:0% 0%\" width=\"2376\"\/>Hanne Merethe Englund (56), Gunnar Erling Sauve (75), Liv Borge (75), Andr\u00e9a Meyer (52) og Gun Marith Madsen (78).  Foto: Privat\/Politiet<\/p>\n<p class=\"_paragraph_o9xde_4 _paragraph_xtcu6_10 layout-component text-serif-m layout-normal text-serif-m layout-padded\">F\u00f8r Br\u00e5then forlater Hyttegata 23 og Hanne Englund, knivstikker han henne igjen.<\/p>\n<p class=\"_paragraph_o9xde_4 _paragraph_xtcu6_10 layout-component text-serif-m layout-normal text-serif-m layout-padded\"><strong class=\"_strong_o9xde_25\">Selv om hun allerede er d\u00f8d.<\/strong><\/p>\n<p class=\"_paragraph_o9xde_4 _paragraph_xtcu6_10 layout-component text-serif-m layout-normal text-serif-m layout-padded\"><strong class=\"_strong_o9xde_25\">\u00d8ystein Kjennerud <\/strong>er i Oslo hos sitt yngste barn da pushmeldingene om Kongsberg-angrepet kommer fra flere nettaviser.<\/p>\n<p class=\"_paragraph_o9xde_4 _paragraph_xtcu6_10 layout-component text-serif-m layout-normal text-serif-m layout-padded\">F\u00f8rst tror han at det er en d\u00e5rlig karneval-sp\u00f8k. Kongsberg er jo en trygg by? <\/p>\n<p class=\"_paragraph_o9xde_4 _paragraph_xtcu6_10 layout-component text-serif-m layout-normal text-serif-m layout-padded\">Men s\u00e5 begynner telefonen \u00e5 ringe. <\/p>\n<p><img alt=\"\" class=\"_image_qp4xg_65 layout-component layout-normal\" data-fullscreen- data-track-element-type=\"Article image fullscreen\" data-track-name=\"ImageFullscreen\" decoding=\"async\" loading=\"lazy\" height=\"8256\" itemprop=\"image\"  src=\"https:\/\/www.europesays.com\/no\/wp-content\/uploads\/2025\/12\/217cea34-9114-405b-87e2-63bc4d0d0990\"  style=\"object-position:0% 0%\" width=\"5504\"\/><\/p>\n<p class=\"_paragraph_o9xde_4 _paragraph_xtcu6_10 layout-component text-serif-m layout-normal text-serif-m layout-padded\">Snart f\u00e5r \u00d8ystein vite at Hanne, som han tidligere var gift med, er drept.<\/p>\n<p class=\"_paragraph_o9xde_4 _paragraph_xtcu6_10 layout-component text-serif-m layout-normal text-serif-m layout-padded\">Det f\u00f8rste han tenker p\u00e5, er den eldste datteren sin \u2013 \u00d8ystein og Hannes felles barn. <\/p>\n<p class=\"_paragraph_o9xde_4 _paragraph_xtcu6_10 layout-component text-serif-m layout-normal text-serif-m layout-padded\">Linn\u00e8a Bernardine Englund er p\u00e5 dette tidspunktet 22 \u00e5r \u2013 og innlagt p\u00e5 Modum BadModum BadEn behandlingsinstitusjon i Norge som tilbyr terapi og behandling for psykiske lidelser. med spiseforstyrrelser.<\/p>\n<p class=\"_paragraph_o9xde_4 _paragraph_xtcu6_10 layout-component text-serif-m layout-normal text-serif-m layout-padded\">Mamma var Linn\u00e8as trygge havn, hennes beste venn.<\/p>\n<p class=\"_paragraph_o9xde_4 _paragraph_xtcu6_10 layout-component text-serif-m layout-normal text-serif-m layout-padded\">\u2013 Hanne var hennes klippe.<\/p>\n<p><img alt=\"\" class=\"_image_qp4xg_65 layout-component layout-wide\" data-fullscreen- data-track-element-type=\"Article image fullscreen\" data-track-name=\"ImageFullscreen\" decoding=\"async\" loading=\"lazy\" height=\"6750\" itemprop=\"image\"  src=\"https:\/\/www.europesays.com\/no\/wp-content\/uploads\/2025\/12\/5873abd0-7aa4-4c48-92d9-e09810299362\"  style=\"object-position:0% 0%\" width=\"4500\"\/><\/p>\n<p class=\"_paragraph_o9xde_4 _paragraph_xtcu6_10 layout-component text-serif-m layout-normal text-serif-m layout-padded\"><strong class=\"_strong_o9xde_25\">I november 2025 <\/strong>st\u00e5r<strong class=\"_strong_o9xde_25\"> <\/strong>Hannes atelier n\u00e6rmest ur\u00f8rt.<\/p>\n<p class=\"_paragraph_o9xde_4 _paragraph_xtcu6_10 layout-component text-serif-m layout-normal text-serif-m layout-padded\">En stund etter at politiet frigjorde \u00e5stedet etter drapene, ryddet \u00d8ystein tingene hennes p\u00e5 plass igjen.<\/p>\n<p class=\"_paragraph_o9xde_4 _paragraph_xtcu6_10 layout-component text-serif-m layout-normal text-serif-m layout-padded\">Notatb\u00f8ker med dikt og tegninger ligger p\u00e5 pulten. Keramikk og kunst fyller hyllene, det er litt rot her og der.<\/p>\n<p class=\"_paragraph_o9xde_4 _paragraph_xtcu6_10 layout-component text-serif-m layout-normal text-serif-m layout-padded\">I keramikkovnen st\u00e5r de siste koppene Hanne laget, de er gule med bl\u00e5 skrift p\u00e5. Der skal de bli st\u00e5ende, har \u00d8ystein bestemt.<\/p>\n<p class=\"_paragraph_o9xde_4 _paragraph_xtcu6_10 layout-component text-serif-m layout-normal text-serif-m layout-padded\">\u2013 Jeg merker at dette er t\u00f8ft \u00e5 snakke om, sier han.<\/p>\n<p><img alt=\"\" class=\"_image_qp4xg_65 layout-component layout-normal\" data-fullscreen- data-track-element-type=\"Article image fullscreen\" data-track-name=\"ImageFullscreen\" decoding=\"async\" loading=\"lazy\" height=\"8256\" itemprop=\"image\"  src=\"https:\/\/www.europesays.com\/no\/wp-content\/uploads\/2025\/12\/3ba4b65a-1a82-4bbd-a1e5-8f529b26e744\"  style=\"object-position:0% 0%\" width=\"5504\"\/><\/p>\n<p class=\"_paragraph_o9xde_4 _paragraph_xtcu6_10 layout-component text-serif-m layout-normal text-serif-m layout-padded\">Det var ikke gitt at \u00d8ystein skulle ende opp med \u00e5 bo her. I huset der Br\u00e5then drepte Hanne. Men det f\u00f8les riktig n\u00e5.<\/p>\n<p class=\"_paragraph_o9xde_4 _paragraph_xtcu6_10 layout-component text-serif-m layout-normal text-serif-m layout-padded\">\u2013 Jeg har tatt huset tilbake, sier han.<\/p>\n<p class=\"_paragraph_o9xde_4 _paragraph_xtcu6_10 layout-component text-serif-m layout-normal text-serif-m layout-padded\">P\u00e5 gulvet kan vi se hvordan politiet har skrapet bort maling og hakket av biter av murgulvet, for \u00e5 f\u00e5 bort blodet. <\/p>\n<p class=\"_paragraph_o9xde_4 _paragraph_xtcu6_10 layout-component text-serif-m layout-normal text-serif-m layout-padded\">Et omriss viser hvor Hanne ble liggende da hun falt om den kvelden.<\/p>\n<p><img alt=\"\" class=\"_image_qp4xg_65 layout-component layout-normal\" data-fullscreen- data-track-element-type=\"Article image fullscreen\" data-track-name=\"ImageFullscreen\" decoding=\"async\" loading=\"lazy\" height=\"9520\" itemprop=\"image\"  src=\"https:\/\/www.europesays.com\/no\/wp-content\/uploads\/2025\/12\/90122572-ba8c-4acd-817c-515327b322e0\"  style=\"object-position:0% 0%\" width=\"6336\"\/><\/p>\n<p class=\"_paragraph_o9xde_4 _paragraph_xtcu6_10 layout-component text-serif-m layout-normal text-serif-m layout-padded\"><strong class=\"_strong_o9xde_25\">Etter at Hanne <\/strong>blir funnet<strong class=\"_strong_o9xde_25\"> <\/strong>d\u00f8d i atelieret, g\u00e5r alt fort.<\/p>\n<p class=\"_paragraph_o9xde_4 _paragraph_xtcu6_10 layout-component text-serif-m layout-normal text-serif-m layout-padded\">\u00d8ystein handler p\u00e5 instinkt. Fremdeles forst\u00e5r han ikke ringvirkningene av det som har skjedd.<\/p>\n<p class=\"_paragraph_o9xde_4 _paragraph_xtcu6_10 layout-component text-serif-m layout-normal text-serif-m layout-padded\">\u2013 Det er ikke s\u00e5nn at du g\u00e5r ned p\u00e5 kn\u00e6rne og strigriner. Det kommer mye senere, sier han om beskjeden han fikk denne oktoberdagen.<\/p>\n<p class=\"_paragraph_o9xde_4 _paragraph_xtcu6_10 layout-component text-serif-m layout-normal text-serif-m layout-padded\">Det er Hannes bror som ringer Linn\u00e8a og forteller at moren er d\u00f8d.<\/p>\n<p class=\"_paragraph_o9xde_4 _paragraph_xtcu6_10 layout-component text-serif-m layout-normal text-serif-m layout-padded\">\u2013 Han beskriver et d\u00f8dsskrik. Og s\u00e5 besvimer hun.<\/p>\n<p><img alt=\"Foto: Hanna Kristin Hjardar \/ VG\" class=\"_image_qp4xg_65 layout-component layout-normal\" data-fullscreen- data-track-element-type=\"Article image fullscreen\" data-track-name=\"ImageFullscreen\" decoding=\"async\" loading=\"lazy\" height=\"4016\" itemprop=\"image\"  src=\"https:\/\/www.europesays.com\/no\/wp-content\/uploads\/2025\/12\/2485de61-e39f-4daa-b2c1-1e4e0d168977\"  style=\"object-position:0% 0%\" width=\"6016\"\/>Foto: Hanna Kristin Hjardar \/ VG<\/p>\n<p class=\"_paragraph_o9xde_4 _paragraph_xtcu6_10 layout-component text-serif-m layout-normal text-serif-m layout-padded\"><strong class=\"_strong_o9xde_25\">Linn\u00e8a ble syk<\/strong> som 13-\u00e5ring. <\/p>\n<p class=\"_paragraph_o9xde_4 _paragraph_xtcu6_10 layout-component text-serif-m layout-normal text-serif-m layout-padded\">Spiseforstyrrelsen fulgte henne gjennom ungdoms\u00e5rene og inn i voksenlivet. <\/p>\n<p class=\"_paragraph_o9xde_4 _paragraph_xtcu6_10 layout-component text-serif-m layout-normal text-serif-m layout-padded\">Hanne var hennes n\u00e6rmeste st\u00f8ttespiller gjennom sykdommen.<\/p>\n<p class=\"_paragraph_o9xde_4 _paragraph_xtcu6_10 layout-component text-serif-m layout-normal text-serif-m layout-padded\"><strong class=\"_strong_o9xde_25\">\u2013 Da Hanne ble drept, var det et fundament som forsvant under Linn\u00e8a.<\/strong><\/p>\n<p><img alt=\"\" class=\"_image_qp4xg_65 layout-component layout-wide\" data-fullscreen- data-track-element-type=\"Article image fullscreen\" data-track-name=\"ImageFullscreen\" decoding=\"async\" loading=\"lazy\" height=\"6750\" itemprop=\"image\"  src=\"https:\/\/www.europesays.com\/no\/wp-content\/uploads\/2025\/12\/e715919a-1cf6-41b7-9dcc-d76d220f8c73\"  style=\"object-position:0% 0%\" width=\"4500\"\/><\/p>\n<p class=\"_paragraph_o9xde_4 _paragraph_xtcu6_10 layout-component text-serif-m layout-normal text-serif-m layout-padded\"><strong class=\"_strong_o9xde_25\">28. oktober 2021 <\/strong>st\u00e5r Linn\u00e8a foran en fullsatt Kongsberg kirke. <\/p>\n<p class=\"_paragraph_o9xde_4 _paragraph_xtcu6_10 layout-component text-serif-m layout-normal text-serif-m layout-padded\">Det er 15 dager siden Hanne ble drept. <\/p>\n<p class=\"_paragraph_o9xde_4 _paragraph_xtcu6_10 layout-component text-serif-m layout-normal text-serif-m layout-padded\">Bak henne st\u00e5r et av morens malerier. Hun er fast i blikket, selv om stemmen dirrer litt n\u00e5r hun snakker:<\/p>\n<p class=\"_paragraph_o9xde_4 _paragraph_xtcu6_10 layout-component text-serif-m layout-normal text-serif-m layout-padded\">\u2013 Jeg trodde vi delte samme hjerte, samme sjel. D\u00f8de du, s\u00e5 d\u00f8de jeg. S\u00e5 hvorfor er jeg fortsatt her? Livet er d\u00f8den uten deg.<\/p>\n<p> Skru p\u00e5 lyden for \u00e5 h\u00f8re deler av Linn\u00e8as tale.  <\/p>\n<p class=\"_paragraph_o9xde_4 _paragraph_xtcu6_10 layout-component text-serif-m layout-normal text-serif-m layout-padded\">Mens flere av de dreptes familier \u00f8nsker \u00e5 holde sine taler privat, vil Linn\u00e8a fortelle hele Norge hvem mamma var. Alle landets riksaviser siterer talen hennes.<\/p>\n<p class=\"_paragraph_o9xde_4 _paragraph_xtcu6_10 layout-component text-serif-m layout-normal text-serif-m layout-padded\">\u2013 Vi var sammen om livet, sier hun.<\/p>\n<p class=\"_paragraph_o9xde_4 _paragraph_xtcu6_10 layout-component text-serif-m layout-normal text-serif-m layout-padded\">Hanne minnes som den kreative kraften i Hyttegata. Et samlingspunkt med masse kapasitet \u2013 en ordentlig energibunt.<\/p>\n<p class=\"_paragraph_o9xde_4 _paragraph_xtcu6_10 layout-component text-serif-m layout-normal text-serif-m layout-padded\">Linn\u00e8a og pappa st\u00e5r sammen da den asurbl\u00e5 kisten blir fraktet bort fra kirkeplassen.<\/p>\n<p><img alt=\"\" class=\"_image_qp4xg_65 layout-component layout-normal\" data-fullscreen- data-track-element-type=\"Article image fullscreen\" data-track-name=\"ImageFullscreen\" decoding=\"async\" loading=\"lazy\" height=\"4777\" itemprop=\"image\"  src=\"https:\/\/www.europesays.com\/no\/wp-content\/uploads\/2025\/12\/cf5f7140-625e-4be9-88a9-ce521b20e2f0\"  style=\"object-position:0% 0%\" width=\"3185\"\/><\/p>\n<p class=\"_paragraph_o9xde_4 _paragraph_xtcu6_10 layout-component text-serif-m layout-normal text-serif-m layout-padded\">Bl\u00e5fargen skal minne om havet. <\/p>\n<p class=\"_paragraph_o9xde_4 _paragraph_xtcu6_10 layout-component text-serif-m layout-normal text-serif-m layout-padded\">Hanne hadde planer om \u00e5 reise p\u00e5 jordomseiling med en venninne den vinteren hun ble drept. Slik ble det ikke.<\/p>\n<p class=\"_paragraph_o9xde_4 _paragraph_xtcu6_10 layout-component text-serif-m layout-normal text-serif-m layout-padded\"><strong class=\"_strong_o9xde_25\">Men hjemme<\/strong>, utenfor medienes s\u00f8kelys, river og sliter oppmerksomheten i Linn\u00e8a, husker faren.<\/p>\n<p class=\"_paragraph_o9xde_4 _paragraph_xtcu6_10 layout-component text-serif-m layout-normal text-serif-m layout-padded\">\u2013 Hun var s\u00e5 fortvilet for at hun fikk skryt for den talen. Hun syntes det var helt feil fokus. Men det var fordi Linn\u00e8a ikke var seg selv. Hun ble mindre og mindre seg selv.<\/p>\n<p class=\"_paragraph_o9xde_4 _paragraph_xtcu6_10 layout-component text-serif-m layout-normal text-serif-m layout-padded\">For \u00e5 flytte fokuset bestemmer Linn\u00e8a seg for \u00e5 male det gamle trehuset i Hyttegata i Kongsberg, inspirert av Pippi Langstr\u00f8mpe. <\/p>\n<p class=\"_paragraph_o9xde_4 _paragraph_xtcu6_10 layout-component text-serif-m layout-normal text-serif-m layout-padded\">Omgitt av klare farger fors\u00f8ker hun \u00e5 d\u00f8yve tomheten etter mamma.<\/p>\n<p class=\"_paragraph_o9xde_4 _paragraph_xtcu6_10 layout-component text-serif-m layout-normal text-serif-m layout-padded\">Gangen blir signalgul, kj\u00f8kkenet gr\u00f8nt. Stuen males i en lys rosa. <\/p>\n<p class=\"_paragraph_o9xde_4 _paragraph_xtcu6_10 layout-component text-serif-m layout-normal text-serif-m layout-padded\">P\u00e5 en av videoene hun filmer av seg selv, danser hun med katten i den rosa stua:<\/p>\n<p class=\"_paragraph_o9xde_4 _paragraph_xtcu6_10 layout-component text-serif-m layout-normal text-serif-m layout-padded\">Utsiden av huset f\u00e5r en lilla farge, men Linn\u00e8a ombestemmer seg og f\u00e5r hjelp til \u00e5 male det lyst igjen. Det stemte liksom ikke.<\/p>\n<p class=\"_paragraph_o9xde_4 _paragraph_xtcu6_10 layout-component text-serif-m layout-normal text-serif-m layout-padded\"><strong class=\"_strong_o9xde_25\">\u2013 Hun gjorde alt for \u00e5 skyve vekk hendelsen. Hun m\u00e5tte male ham ut av huset for \u00e5 t\u00f8rre \u00e5 v\u00e6re der.<\/strong><\/p>\n<p class=\"_paragraph_o9xde_4 _paragraph_xtcu6_10 layout-component text-serif-m layout-normal text-serif-m layout-padded\"><strong class=\"_strong_o9xde_25\">Hanne og \u00d8ystein <\/strong>m\u00f8tes f\u00f8rste gang<strong class=\"_strong_o9xde_25\"> <\/strong>i 1994 og gifter seg raskt.<\/p>\n<p class=\"_paragraph_o9xde_4 _paragraph_xtcu6_10 layout-component text-serif-m layout-normal text-serif-m layout-padded\">Linn\u00e8a blir f\u00f8dt i 1999 og f\u00f8lger foreldrenes fotspor. Hun elsker \u00e5 male, tegne, skrive og spille teater. <\/p>\n<p class=\"_paragraph_o9xde_4 _paragraph_xtcu6_10 layout-component text-serif-m layout-normal text-serif-m layout-padded\">\u00abEn kreativ kraft\u00bb, beskriver faren.<\/p>\n<p class=\"_paragraph_o9xde_4 _paragraph_xtcu6_10 layout-component text-serif-m layout-normal text-serif-m layout-padded\">Linn\u00e8a har store dr\u00f8mmer. Hun ser for seg livet som manusforfatter, og \u00f8nsker \u00e5 komme inn p\u00e5 Den norske filmskolen i Lillehammer.<\/p>\n<p class=\"_paragraph_o9xde_4 _paragraph_xtcu6_10 layout-component text-serif-m layout-normal text-serif-m layout-padded\">Som barn f\u00e5r hun bli med pappa, som jobber i NRK, og spille statist i dramaseriene Taxi og Olsenbanden: <\/p>\n<p><img alt=\"P\u00e5 det nederste bilde st\u00e5r Linn\u00e8a i dyp r\u00f8d kjole.\" class=\"_image_qp4xg_65 layout-component layout-wide\" data-fullscreen- data-track-element-type=\"Article image fullscreen\" data-track-name=\"ImageFullscreen\" decoding=\"async\" loading=\"lazy\" height=\"6347\" itemprop=\"image\"  src=\"https:\/\/www.europesays.com\/no\/wp-content\/uploads\/2025\/12\/e85f74de-28dd-439f-b031-90965016f316\"  style=\"object-position:0% 0%\" width=\"4917\"\/>P\u00e5 det nederste bilde st\u00e5r Linn\u00e8a i dyp r\u00f8d kjole.<\/p>\n<p class=\"_paragraph_o9xde_4 _paragraph_xtcu6_10 layout-component text-serif-m layout-normal text-serif-m layout-padded\">Linn\u00e8as l\u00e6rer og mentor, Arve Fretheim, mange\u00e5rig leder av Kongsberg krimfestival, skulle senere skrive manus sammen med Linn\u00e8a og jobbe med henne i flere oppsetninger p\u00e5 Kongsberg teater. <\/p>\n<p class=\"_paragraph_o9xde_4 _paragraph_xtcu6_10 layout-component text-serif-m layout-normal text-serif-m layout-padded\">Han er full av lovord om det unge talentet:<\/p>\n<p class=\"_paragraph_o9xde_4 _paragraph_xtcu6_10 layout-component text-serif-m layout-normal text-serif-m layout-padded\">\u2013 I mine 50 \u00e5r som lektor har jeg hatt over tusen elever. Blant alle disse er det mange jeg husker. Men jeg v\u00e5ger \u00e5 si at en av dem som har gjort mest inntrykk p\u00e5 meg, var Linn\u00e8a, sier han til VG.<\/p>\n<p><img alt=\"\" class=\"_image_qp4xg_65 layout-component layout-wide\" data-fullscreen- data-track-element-type=\"Article image fullscreen\" data-track-name=\"ImageFullscreen\" decoding=\"async\" loading=\"lazy\" height=\"6750\" itemprop=\"image\"  src=\"https:\/\/www.europesays.com\/no\/wp-content\/uploads\/2025\/12\/4e29f811-bd5b-432b-983e-92a51b624160\"  style=\"object-position:0% 0%\" width=\"4500\"\/><\/p>\n<p class=\"_paragraph_o9xde_4 _paragraph_xtcu6_10 layout-component text-serif-m layout-normal text-serif-m layout-padded\">\u2013 Linn\u00e8a utmerket seg med et helt spesielt talent, en helt spesiell utstr\u00e5ling og varme. Og fremfor alt hennes tilstedev\u00e6relse. <\/p>\n<p class=\"_paragraph_o9xde_4 _paragraph_xtcu6_10 layout-component text-serif-m layout-normal text-serif-m layout-padded\"><strong class=\"_strong_o9xde_25\">Datteren har<\/strong> <strong class=\"_strong_o9xde_25\">fire<\/strong> store forbilder, husker pappa \u00d8ystein: <\/p>\n<p class=\"_paragraph_o9xde_4 _paragraph_xtcu6_10 layout-component text-serif-m layout-normal text-serif-m layout-padded\">David Lynch, David Bowie, Andy Warhol og det st\u00f8rste av dem alle \u2013 mamma. <\/p>\n<p class=\"_paragraph_o9xde_4 _paragraph_xtcu6_10 layout-component text-serif-m layout-normal text-serif-m layout-padded\">Linn\u00e8a og Hanne kan snakke om alt, b\u00e5de det lyse og det m\u00f8rke.<\/p>\n<p class=\"_paragraph_o9xde_4 _paragraph_xtcu6_10 layout-component text-serif-m layout-normal text-serif-m layout-padded\">Da Linn\u00e8a er syv \u00e5r, skiller foreldrene seg.<\/p>\n<p class=\"_paragraph_o9xde_4 _paragraph_xtcu6_10 layout-component text-serif-m layout-normal text-serif-m layout-padded\">\u00d8ystein flytter til Oslo, men Hanne blir boende i huset i Kongsberg.<\/p>\n<p><img alt=\"\" class=\"_image_qp4xg_65 layout-component layout-normal\" data-fullscreen- data-track-element-type=\"Article image fullscreen\" data-track-name=\"ImageFullscreen\" decoding=\"async\" loading=\"lazy\" height=\"9520\" itemprop=\"image\"  src=\"https:\/\/www.europesays.com\/no\/wp-content\/uploads\/2025\/12\/0441931d-6900-4e7b-8add-ac0c41edf29b\"  style=\"object-position:0% 0%\" width=\"6336\"\/><\/p>\n<p class=\"_paragraph_o9xde_4 _paragraph_xtcu6_10 layout-component text-serif-m layout-normal text-serif-m layout-padded\">I notatb\u00f8kene sine begynner Linn\u00e8a \u00e5 skrive sm\u00e5 dikt. P\u00e5 telefonen snakker hun med pappa om historiefortelling, husker \u00d8ystein i dag. <\/p>\n<p class=\"_paragraph_o9xde_4 _paragraph_xtcu6_10 layout-component text-serif-m layout-normal text-serif-m layout-padded\">Selv om foreldrene har g\u00e5tt fra hverandre, beholder Linn\u00e8a bryllupsbilde av dem i nattbordskuffen:<\/p>\n<p><img alt=\"\" class=\"_image_qp4xg_65 layout-component layout-normal\" data-fullscreen- data-track-element-type=\"Article image fullscreen\" data-track-name=\"ImageFullscreen\" decoding=\"async\" loading=\"lazy\" height=\"6094\" itemprop=\"image\"  src=\"https:\/\/www.europesays.com\/no\/wp-content\/uploads\/2025\/12\/ef381421-ad19-41ec-a93f-976e61000b98\"  style=\"object-position:0% 0%\" width=\"9156\"\/><\/p>\n<p class=\"_paragraph_o9xde_4 _paragraph_xtcu6_10 layout-component text-serif-m layout-normal text-serif-m layout-padded\"><strong class=\"_strong_o9xde_25\">Etter at Hanne d\u00f8r,<\/strong> pr\u00f8ver \u00d8ystein s\u00e5 godt han kan \u00e5 fylle tomrommet etter mamma.<\/p>\n<p class=\"_paragraph_o9xde_4 _paragraph_xtcu6_10 layout-component text-serif-m layout-normal text-serif-m layout-padded\">Men datteren vil helst ikke snakke s\u00e5 mye om det som har skjedd.<\/p>\n<p class=\"_paragraph_o9xde_4 _paragraph_xtcu6_10 layout-component text-serif-m layout-normal text-serif-m layout-padded\">Flere kvelder sitter \u00d8ystein sammen med henne i huset i Kongsberg. Han holder henne i h\u00e5nden.<\/p>\n<p><img alt=\"\" class=\"_image_qp4xg_65 layout-component layout-normal\" data-fullscreen- data-track-element-type=\"Article image fullscreen\" data-track-name=\"ImageFullscreen\" decoding=\"async\" loading=\"lazy\" height=\"5504\" itemprop=\"image\"  src=\"https:\/\/www.europesays.com\/no\/wp-content\/uploads\/2025\/12\/2fdba19e-2684-48fd-a5e7-f351c6cdbf1d\"  style=\"object-position:0% 0%\" width=\"8256\"\/><\/p>\n<p class=\"_paragraph_o9xde_4 _paragraph_xtcu6_10 layout-component text-serif-m layout-normal text-serif-m layout-padded\">Han husker henne som skj\u00f8r; hun forsvinner liksom inn i sitt eget hode. <\/p>\n<p class=\"_paragraph_o9xde_4 _paragraph_xtcu6_10 layout-component text-serif-m layout-normal text-serif-m layout-padded\">Senere skal pappa finne et av Linn\u00e8as dikt. Han finner tr\u00f8st i det hun skriver:<\/p>\n<p class=\"_paragraph_o9xde_4 _paragraph_xtcu6_10 layout-component text-serif-m layout-normal text-serif-m layout-padded\">\u00abFant en post-it lapp i vinduskarmen, sol-falmet, en beskjed fra mamma<\/p>\n<p class=\"_paragraph_o9xde_4 _paragraph_xtcu6_10 layout-component text-serif-m layout-normal text-serif-m layout-padded\">\u00abhusk dansen i kveld jenta mi,<\/p>\n<p class=\"_paragraph_o9xde_4 _paragraph_xtcu6_10 layout-component text-serif-m layout-normal text-serif-m layout-padded\">jeg henter deg rundt kl. 19\u00bb<\/p>\n<p class=\"_paragraph_o9xde_4 _paragraph_xtcu6_10 layout-component text-serif-m layout-normal text-serif-m layout-padded\">Beskjeden er fylt av omsorg til deg,<\/p>\n<p class=\"_paragraph_o9xde_4 _paragraph_xtcu6_10 layout-component text-serif-m layout-normal text-serif-m layout-padded\">beskjed som aldri kom frem.<\/p>\n<p class=\"_paragraph_o9xde_4 _paragraph_xtcu6_10 layout-component text-serif-m layout-normal text-serif-m layout-padded\">30 minutter senere var det ingen mamma.\u00bb<\/p>\n<p class=\"_paragraph_o9xde_4 _paragraph_xtcu6_10 layout-component text-serif-m layout-normal text-serif-m layout-padded\"><strong class=\"_strong_o9xde_25\">Sommeren 2022 <\/strong>bruker Linn\u00e8a all sin energi p\u00e5 \u00e5 finne m\u00e5ter \u00e5 hedre mamma. <\/p>\n<p class=\"_paragraph_o9xde_4 _paragraph_xtcu6_10 layout-component text-serif-m layout-normal text-serif-m layout-padded\">9. juli viser hun stolt frem keramikkrusene moren har laget til \u00e5rets jazzfestival i lokalavisen.<\/p>\n<p class=\"_paragraph_o9xde_4 _paragraph_xtcu6_10 layout-component text-serif-m layout-normal text-serif-m layout-padded\">En m\u00e5ned senere presenterer hun en utstilling hun har satt opp p\u00e5 tomta i Hyttegata og Kunstforeningens l\u00e5ve, som mange i Kongsberg bes\u00f8ker.<\/p>\n<p><img alt=\"\" class=\"_image_qp4xg_65 layout-component layout-normal\" data-fullscreen- data-track-element-type=\"Article image fullscreen\" data-track-name=\"ImageFullscreen\" decoding=\"async\" loading=\"lazy\" height=\"9520\" itemprop=\"image\"  src=\"https:\/\/www.europesays.com\/no\/wp-content\/uploads\/2025\/12\/c9ffa1af-559d-4c2b-85f5-154f8a09f032\"  style=\"object-position:0% 0%\" width=\"6336\"\/><\/p>\n<p class=\"_paragraph_o9xde_4 _paragraph_xtcu6_10 layout-component text-serif-m layout-normal text-serif-m layout-padded\">\u2013 Det er s\u00e5rbart og betydningsfullt, sier Linn\u00e8a til <a href=\"https:\/\/www.laagendalsposten.no\/viser-fram-mammas-verk-hun-bar-mange-historier-inni-seg\/s\/5-64-1184279\" class=\"_link_o9xde_39\" rel=\"nofollow noopener\" target=\"_blank\">lokalavisen Laagendalsposten<\/a> om hvordan det er \u00e5 stille ut morens kunst.<\/p>\n<p class=\"_paragraph_o9xde_4 _paragraph_xtcu6_10 layout-component text-serif-m layout-normal text-serif-m layout-padded\">\u2013 Det er viktig for meg \u00e5 f\u00e5 vist fram mamma og hvem hun var. Det f\u00e5r jeg gjort s\u00e5 tydelig gjennom kunsten. Dette er en m\u00e5te \u00e5 holde henne i live p\u00e5.<\/p>\n<p class=\"_paragraph_o9xde_4 _paragraph_xtcu6_10 layout-component text-serif-m layout-normal text-serif-m layout-padded\">Det r\u00f8dlige h\u00e5ret er blitt kort og blondt, slik at hun skal likne mest mulig p\u00e5 Hanne. <\/p>\n<p class=\"_paragraph_o9xde_4 _paragraph_xtcu6_10 layout-component text-serif-m layout-normal text-serif-m layout-padded\">P\u00e5 venstre underarm har hun tatovert mammas navn. <\/p>\n<p class=\"_paragraph_o9xde_4 _paragraph_xtcu6_10 layout-component text-serif-m layout-normal text-serif-m layout-padded\">For alle som kjenner henne, er forandringen tydelig.<\/p>\n<p class=\"_paragraph_o9xde_4 _paragraph_xtcu6_10 layout-component text-serif-m layout-normal text-serif-m layout-padded\"><strong class=\"_strong_o9xde_25\">Noe har skjedd med Linn\u00e8a.<\/strong><\/p>\n<p class=\"_paragraph_o9xde_4 _paragraph_xtcu6_10 layout-component text-serif-m layout-normal text-serif-m layout-padded\"><strong class=\"_strong_o9xde_25\">24. oktober 2022, <\/strong>samme m\u00e5ned som moren ble drept \u00e5ret f\u00f8r, blir Linn\u00e8a funnet utend\u00f8rs ved et bratt stup. <\/p>\n<p class=\"_paragraph_o9xde_4 _paragraph_xtcu6_10 layout-component text-serif-m layout-normal text-serif-m layout-padded\">Hun er 23 \u00e5r gammel og har r\u00f8mt fra behandlingsinstitusjonen <a href=\"https:\/\/www.vg.no\/tag\/modum?utm_source=vg-article&amp;utm_medium=auto-tagger&amp;utm_campaign=M7gPdE\" class=\"_link_o9xde_39\" rel=\"nofollow noopener\" target=\"_blank\">Modum<\/a> Bad. <\/p>\n<p class=\"_paragraph_o9xde_4 _paragraph_xtcu6_10 layout-component text-serif-m layout-normal text-serif-m layout-padded\">De ansatte klarer til slutt \u00e5 snakke henne i sikkerhet. <\/p>\n<p class=\"_paragraph_o9xde_4 _paragraph_xtcu6_10 layout-component text-serif-m layout-normal text-serif-m layout-padded\">Pappa \u00d8ystein kjenner seg maktesl\u00f8s. Hvordan kan han hjelpe Linn\u00e8a?<\/p>\n<p><img alt=\"\" class=\"_image_qp4xg_65 layout-component layout-normal\" data-fullscreen- data-track-element-type=\"Article image fullscreen\" data-track-name=\"ImageFullscreen\" decoding=\"async\" loading=\"lazy\" height=\"6336\" itemprop=\"image\"  src=\"https:\/\/www.europesays.com\/no\/wp-content\/uploads\/2025\/12\/d3318f27-09b5-4876-a939-fd192a5b7de1\"  style=\"object-position:0% 0%\" width=\"9520\"\/><\/p>\n<p class=\"_paragraph_o9xde_4 _paragraph_xtcu6_10 layout-component text-serif-m layout-normal text-serif-m layout-padded\">Datteren klarer ikke lenger \u00e5 h\u00e5ndtere f\u00f8lelsene sine. Hun blir mer og mer innesluttet, snakker usammenhengende, tar p\u00e5 seg skylden for morens d\u00f8d og er veldig, veldig syk, husker \u00d8ystein.<\/p>\n<p class=\"_paragraph_o9xde_4 _paragraph_xtcu6_10 layout-component text-serif-m layout-normal text-serif-m layout-padded\">Linn\u00e8a blir tvangsinnlagt p\u00e5 Blakstad, skrevet ut igjen og lagt inn ved Kongsberg DPS,Kongsberg DPS,Distriktspsykiatrisk senter i Kongsberg som tilbyr behandling for psykiske lidelser. noe hun selv \u00f8nsker. <\/p>\n<p><img alt=\"\" class=\"_image_qp4xg_65 layout-component layout-normal\" data-fullscreen- data-track-element-type=\"Article image fullscreen\" data-track-name=\"ImageFullscreen\" decoding=\"async\" loading=\"lazy\" height=\"5504\" itemprop=\"image\"  src=\"https:\/\/www.europesays.com\/no\/wp-content\/uploads\/2025\/12\/dcdd755d-d0a7-456a-bdfa-f59d50037fac\"  style=\"object-position:0% 0%\" width=\"8256\"\/><\/p>\n<p class=\"_paragraph_o9xde_4 _paragraph_xtcu6_10 layout-component text-serif-m layout-normal text-serif-m layout-padded\">I journalen st\u00e5r det at Linn\u00e8a ikke klarer \u00e5 sette ord p\u00e5 hvordan hun har det:<\/p>\n<p class=\"_paragraph_o9xde_4 _paragraph_xtcu6_10 layout-component text-serif-m layout-normal text-serif-m layout-padded\">\u00abPasienten reflekterer selv om at hun har tankekj\u00f8r store deler av tiden, men at hun fremst\u00e5r rolig og avflatet p\u00e5 utsiden, at vi personalet kanskje misforst\u00e5r hvordan hun egentlig har det\u00bb. <\/p>\n<p class=\"_paragraph_o9xde_4 _paragraph_xtcu6_10 layout-component text-serif-m layout-normal text-serif-m layout-padded\">Og:<\/p>\n<p class=\"_paragraph_o9xde_4 _paragraph_xtcu6_10 layout-component text-serif-m layout-normal text-serif-m layout-padded\">\u00abPasienten beskriver en sterk indre uro og fortvilelse over at hun fremst\u00e5r rolig og ikke klarer \u00e5 vise milj\u00f8personalet hvor vondt hun har det. Hun har beskrevet det som om hun skriker og hamrer p\u00e5 innsiden, og at kroppen hennes er veggene. Hun f\u00f8ler seg fanget i egen kropp\u00bb.<\/p>\n<p class=\"_paragraph_o9xde_4 _paragraph_xtcu6_10 layout-component text-serif-m layout-normal text-serif-m layout-padded\">\u2013 Hun blir d\u00e5rligere og d\u00e5rligere. Det er veldig tungt \u00e5 se barnet sitt g\u00e5 inn i et sort hull.<\/p>\n<p class=\"_paragraph_o9xde_4 _paragraph_xtcu6_10 layout-component text-serif-m layout-normal text-serif-m layout-padded\">Det er mens datteren er syk at \u00d8ystein flytter tilbake til huset i Kongsberg.<\/p>\n<p><img alt=\"\" class=\"_image_qp4xg_65 layout-component layout-normal\" data-fullscreen- data-track-element-type=\"Article image fullscreen\" data-track-name=\"ImageFullscreen\" decoding=\"async\" loading=\"lazy\" height=\"9520\" itemprop=\"image\"  src=\"https:\/\/www.europesays.com\/no\/wp-content\/uploads\/2025\/12\/277e8c9d-dbb7-44a8-ad19-4163468e7718\"  style=\"object-position:0% 0%\" width=\"6336\"\/><\/p>\n<p class=\"_paragraph_o9xde_4 _paragraph_xtcu6_10 layout-component text-serif-m layout-normal text-serif-m layout-padded\">Han husker det som en av de vanskeligste periodene i livet. <\/p>\n<p class=\"_paragraph_o9xde_4 _paragraph_xtcu6_10 layout-component text-serif-m layout-normal text-serif-m layout-padded\">De g\u00e5r turer sammen, men han slipper ikke inn. Linn\u00e8as tanker har ikke lenger rot i virkeligheten.<\/p>\n<p class=\"_paragraph_o9xde_4 _paragraph_xtcu6_10 layout-component text-serif-m layout-normal text-serif-m layout-padded\"><strong class=\"_strong_o9xde_25\">\u2013 Hun befant seg i et levende mareritt, og var ikke lenger voksen. Hun var blitt en liten jentunge igjen, som trengte beskyttelse, sier han.<\/strong><\/p>\n<p class=\"_paragraph_o9xde_4 _paragraph_xtcu6_10 layout-component text-serif-m layout-normal text-serif-m layout-padded\"><strong class=\"_strong_o9xde_25\">\u00abJeg er glad <\/strong>i deg, pappa\u00bb.<\/p>\n<p class=\"_paragraph_o9xde_4 _paragraph_xtcu6_10 layout-component text-serif-m layout-normal text-serif-m layout-padded\">9. desember st\u00e5r disse ordene skrevet p\u00e5 en murvegg ved en undergang der Linn\u00e8a og faren ofte gikk. <\/p>\n<p><img alt=\"\" class=\"_image_qp4xg_65 layout-component layout-wide\" data-fullscreen- data-track-element-type=\"Article image fullscreen\" data-track-name=\"ImageFullscreen\" decoding=\"async\" loading=\"lazy\" height=\"804\" itemprop=\"image\"  src=\"https:\/\/www.europesays.com\/no\/wp-content\/uploads\/2025\/12\/089a7869-c788-4294-88f3-e26a554bf2aa\"  style=\"object-position:0% 0%\" width=\"1207\"\/><\/p>\n<p class=\"_paragraph_o9xde_4 _paragraph_xtcu6_10 layout-component text-serif-m layout-normal text-serif-m layout-padded\">Ordene har aldri v\u00e6rt der f\u00f8r, \u00d8ystein er sikker. Han har g\u00e5tt forbi denne veggen mange ganger.<\/p>\n<p class=\"_paragraph_o9xde_4 _paragraph_xtcu6_10 layout-component text-serif-m layout-normal text-serif-m layout-padded\">Det er bare noen timer siden han fikk d\u00f8dsbudskapet: <\/p>\n<p class=\"_paragraph_o9xde_4 _paragraph_xtcu6_10 layout-component text-serif-m layout-normal text-serif-m layout-padded\">Linn\u00e8a (23) tok sitt eget liv 8. desember. <\/p>\n<p class=\"_paragraph_o9xde_4 _paragraph_xtcu6_10 layout-component text-serif-m layout-normal text-serif-m layout-padded\">Bankutskriften hennes viser at hun kj\u00f8pte spraymaling p\u00e5 Europris samme kveld som hun d\u00f8de, forteller han.<\/p>\n<p class=\"_paragraph_o9xde_4 _paragraph_xtcu6_10 layout-component text-serif-m layout-normal text-serif-m layout-padded\">N\u00e5 ser han hva hun brukte den til.<\/p>\n<p class=\"_paragraph_o9xde_4 _paragraph_xtcu6_10 layout-component text-serif-m layout-normal text-serif-m layout-padded\">\u2013 Jeg tenker at det var hennes avskjedshilsen, sier \u00d8ystein.<\/p>\n<p class=\"_paragraph_o9xde_4 _paragraph_xtcu6_10 layout-component text-serif-m layout-normal text-serif-m layout-padded\"><strong class=\"_strong_o9xde_25\">I desember 2025 <\/strong>g\u00e5r \u00d8ystein bort til den samme veggen. Det er lenge siden han har v\u00e6rt her n\u00e5. <\/p>\n<p class=\"_paragraph_o9xde_4 _paragraph_xtcu6_10 layout-component text-serif-m layout-normal text-serif-m layout-padded\">Han stopper. Ordet \u00abpappa\u00bb er borte, noen har tagget over det. Kanskje ungdommer, tenker han.<\/p>\n<p><img alt=\"\" class=\"_image_qp4xg_65 layout-component layout-normal\" data-fullscreen- data-track-element-type=\"Article image fullscreen\" data-track-name=\"ImageFullscreen\" decoding=\"async\" loading=\"lazy\" height=\"5721\" itemprop=\"image\"  src=\"https:\/\/www.europesays.com\/no\/wp-content\/uploads\/2025\/12\/36e35ac9-d149-4e32-9354-d58f2a822930\"  style=\"object-position:0% 0%\" width=\"8596\"\/><\/p>\n<p class=\"_paragraph_o9xde_4 _paragraph_xtcu6_10 layout-component text-serif-m layout-normal text-serif-m layout-padded\">\u2013 Jeg tror ikke de har skj\u00f8nt hva den meldingen har betydd, sier han. <\/p>\n<p class=\"_paragraph_o9xde_4 _paragraph_xtcu6_10 layout-component text-serif-m layout-normal text-serif-m layout-padded\">Stemmen knekker litt. <\/p>\n<p class=\"_paragraph_o9xde_4 _paragraph_xtcu6_10 layout-component text-serif-m layout-normal text-serif-m layout-padded\">\u2013 Det er rart hvordan livet rundt bare g\u00e5r videre.<\/p>\n<p class=\"_paragraph_o9xde_4 _paragraph_xtcu6_10 layout-component text-serif-m layout-normal text-serif-m layout-padded\">I dag er han ikke i tvil: Linn\u00e8a hadde bestemt seg for \u00e5 d\u00f8.<\/p>\n<p class=\"_paragraph_o9xde_4 _paragraph_xtcu6_10 layout-component text-serif-m layout-normal text-serif-m layout-padded\">Bare en tvangsinnleggelsetvangsinnleggelseN\u00e5r en person blir innlagt p\u00e5 en psykiatrisk institusjon uten sitt eget samtykke, ofte fordi de anses som en fare for seg selv eller andre. kunne hindret henne, tror \u00d8ystein.<\/p>\n<p><img alt=\"\" class=\"_image_qp4xg_65 layout-component layout-wide\" data-fullscreen- data-track-element-type=\"Article image fullscreen\" data-track-name=\"ImageFullscreen\" decoding=\"async\" loading=\"lazy\" height=\"6750\" itemprop=\"image\"  src=\"https:\/\/www.europesays.com\/no\/wp-content\/uploads\/2025\/12\/85af9221-8ca1-4828-8c46-c8518aceb159\"  style=\"object-position:0% 0%\" width=\"4500\"\/><\/p>\n<p class=\"_paragraph_o9xde_4 _paragraph_xtcu6_10 layout-component text-serif-m layout-normal text-serif-m layout-padded\">\u2013 Det er rart hvordan psykisk sykdom kan forandre en person du har kjent hele livet til det ugjenkjennelige.<\/p>\n<p class=\"_paragraph_o9xde_4 _paragraph_xtcu6_10 layout-component text-serif-m layout-normal text-serif-m layout-padded\"><strong class=\"_strong_o9xde_25\">\u2013 I hennes siste kladdeb\u00f8ker har jeg funnet triste tanker som viser at hun hadde null h\u00e5p om \u00e5 leve.<\/strong><\/p>\n<p><img alt=\"\" class=\"_image_qp4xg_65 layout-component layout-normal\" data-fullscreen- data-track-element-type=\"Article image fullscreen\" data-track-name=\"ImageFullscreen\" decoding=\"async\" loading=\"lazy\" height=\"7081\" itemprop=\"image\"  src=\"https:\/\/www.europesays.com\/no\/wp-content\/uploads\/2025\/12\/693ee317-6134-497b-b65e-878266d3b8b7\"  style=\"object-position:0% 0%\" width=\"4713\"\/><\/p>\n<p class=\"_paragraph_o9xde_4 _paragraph_xtcu6_10 layout-component text-serif-m layout-normal text-serif-m layout-padded\"><strong class=\"_strong_o9xde_25\">\u00d8ystein tenker <\/strong>ofte p\u00e5 hva Linn\u00e8a<strong class=\"_strong_o9xde_25\"> <\/strong>hadde f\u00e5tt til, hvem hun<strong class=\"_strong_o9xde_25\"> <\/strong>ville blitt. Manusforfatter? Helt sikkert. Og mamma? Han tror kanskje det.<\/p>\n<p class=\"_paragraph_o9xde_4 _paragraph_xtcu6_10 layout-component text-serif-m layout-normal text-serif-m layout-padded\">Da datteren var ni eller ti \u00e5r gammel, kom hun til pappa med en gave. <\/p>\n<p class=\"_paragraph_o9xde_4 _paragraph_xtcu6_10 layout-component text-serif-m layout-normal text-serif-m layout-padded\">Linn\u00e8a visste at \u00d8ystein var interessert i historier fra krigen, og hadde funnet en artikkel om en kvinne som hadde overlevd konsentrasjonsleiren i en dansk avis. <\/p>\n<p><img alt=\"\" class=\"_image_qp4xg_65 layout-component layout-normal\" data-fullscreen- data-track-element-type=\"Article image fullscreen\" data-track-name=\"ImageFullscreen\" decoding=\"async\" loading=\"lazy\" height=\"9520\" itemprop=\"image\"  src=\"https:\/\/www.europesays.com\/no\/wp-content\/uploads\/2025\/12\/ac7f552a-c344-4816-b810-0ff7c2bf1777\"  style=\"object-position:0% 0%\" width=\"6336\"\/><\/p>\n<p class=\"_paragraph_o9xde_4 _paragraph_xtcu6_10 layout-component text-serif-m layout-normal text-serif-m layout-padded\">Hun hadde oversatt den p\u00e5 fint papir til pappa. Det var i alle fall det hun sa selv.<\/p>\n<p class=\"_paragraph_o9xde_4 _paragraph_xtcu6_10 layout-component text-serif-m layout-normal text-serif-m layout-padded\">\u2013 Historien var s\u00e5 godt skrevet og jeg syntes det var fantastisk at hun \u2013 lille jenta \u2013 hadde oversatt den. Men s\u00e5 hvisket Hanne til meg at det ikke var sant, Linn\u00e8a hadde diktet hele historien selv. Jeg var helt m\u00e5ll\u00f8s, smiler han.<\/p>\n<p class=\"_paragraph_o9xde_4 _paragraph_xtcu6_10 layout-component text-serif-m layout-normal text-serif-m layout-padded\">To dager f\u00f8r julaften og 14 m\u00e5neder etter at han begravet sin tidligere kone \u2013 22. desember 2022 \u2013 st\u00e5r \u00d8ystein igjen i Kongsberg kirke. <\/p>\n<p class=\"_paragraph_o9xde_4 _paragraph_xtcu6_10 layout-component text-serif-m layout-normal text-serif-m layout-padded\">Midt i rommet st\u00e5r en ny bl\u00e5 kiste.<\/p>\n<p><img alt=\"\" class=\"_image_qp4xg_65 layout-component layout-wide\" data-fullscreen- data-track-element-type=\"Article image fullscreen\" data-track-name=\"ImageFullscreen\" decoding=\"async\" loading=\"lazy\" height=\"6750\" itemprop=\"image\"  src=\"https:\/\/www.europesays.com\/no\/wp-content\/uploads\/2025\/12\/7aef327b-daa5-4569-9f1b-e740657ef3ce\"  style=\"object-position:0% 0%\" width=\"4500\"\/><\/p>\n<p class=\"_paragraph_o9xde_4 _paragraph_xtcu6_10 layout-component text-serif-m layout-normal text-serif-m layout-padded\">Han har gjort det en forelder aldri egentlig skal m\u00e5tte gj\u00f8re: Planlagt sitt eget barns begravelse.<\/p>\n<p class=\"_paragraph_o9xde_4 _paragraph_xtcu6_10 layout-component text-serif-m layout-normal text-serif-m layout-padded\">\u2013 To dager f\u00f8r julaften begravet jeg Linn\u00e8a. Det er helt &#8230; jeg husker ikke julaften det \u00e5ret, sier han.<\/p>\n<p class=\"_paragraph_o9xde_4 _paragraph_xtcu6_10 layout-component text-serif-m layout-normal text-serif-m layout-padded\">\u2013 \u00c5 miste et barn er jo en s\u00e5nn iboende frykt som en forelder har, uten egentlig \u00e5 ville tenke tanken for mye. Jeg har alltid tenkt at jeg h\u00e5per alt g\u00e5r bra med barna mine, og s\u00e5 skjer det verste av det verste. <\/p>\n<p class=\"_paragraph_o9xde_4 _paragraph_xtcu6_10 layout-component text-serif-m layout-normal text-serif-m layout-padded\">\u00abLinn\u00e8a. Hvil i fred jenta mi. Alltid i hjertet mitt. Aldri glemt. Pappa\u00bb, st\u00e5r det p\u00e5 kransen hans.<\/p>\n<p class=\"_paragraph_o9xde_4 _paragraph_xtcu6_10 layout-component text-serif-m layout-normal text-serif-m layout-padded\">P\u00e5 minnesiden blir Linn\u00e8a takket for personen hun var:<\/p>\n<p class=\"_paragraph_o9xde_4 _paragraph_xtcu6_10 layout-component text-serif-m layout-normal text-serif-m layout-padded\">\u00abDu inspirerte meg, utfordret meg og l\u00e6rte meg \u00e5 bli et bedre menneske. S\u00e5nn var du. Du hadde s\u00e5 mye godt, s\u00e5 mye kj\u00e6rlighet for mennesker rundt deg.\u201d<\/p>\n<p class=\"_paragraph_o9xde_4 _paragraph_xtcu6_10 layout-component text-serif-m layout-normal text-serif-m layout-padded\">\u2013 De to asurbl\u00e5 kistene skulle ut p\u00e5 et felles hav, Linn\u00e8a og mamma, forteller han.<\/p>\n<p class=\"_paragraph_o9xde_4 _paragraph_xtcu6_10 layout-component text-serif-m layout-normal text-serif-m layout-padded\">F\u00f8rst etter Linn\u00e8as begravelse slipper alle f\u00f8lelsene til \u00d8ystein l\u00f8s:<\/p>\n<p class=\"_paragraph_o9xde_4 _paragraph_xtcu6_10 layout-component text-serif-m layout-normal text-serif-m layout-padded\">\u2013 Da var det som om noe slapp taket. Jeg kunne begynne \u00e5 s\u00f8rge. <\/p>\n<p class=\"_paragraph_o9xde_4 _paragraph_xtcu6_10 layout-component text-serif-m layout-normal text-serif-m layout-padded\"><strong class=\"_strong_o9xde_25\">I november 2025 <\/strong>ser husene i Hyttegata ut som de gjorde f\u00f8r drapene for fire \u00e5r siden. <\/p>\n<p class=\"_paragraph_o9xde_4 _paragraph_xtcu6_10 layout-component text-serif-m layout-normal text-serif-m layout-padded\">Likevel er alt forandret.<\/p>\n<p class=\"_paragraph_o9xde_4 _paragraph_xtcu6_10 layout-component text-serif-m layout-normal text-serif-m layout-padded\">I huset der Gun Marith Madsen (78) bodde, har s\u00f8nnen flyttet inn. I leiligheten til Liv Borge (75) bor det en ny familie.<\/p>\n<p class=\"_paragraph_o9xde_4 _paragraph_xtcu6_10 layout-component text-serif-m layout-normal text-serif-m layout-padded\">Og i Hyttegata 23 er det bare \u00d8ystein igjen.<\/p>\n<p class=\"_paragraph_o9xde_4 _paragraph_xtcu6_10 layout-component text-serif-m layout-normal text-serif-m layout-padded\">\u2013 Det er veldig mange mennesker her som passer p\u00e5 hverandre, vi har v\u00e6rt gjennom helvete sammen. S\u00e5 det er noe med at oppi alt det forferdelige, s\u00e5 er det blitt knyttet noen nye b\u00e5nd, sier han.<\/p>\n<p><img alt=\"\" class=\"_image_qp4xg_65 layout-component layout-normal\" data-fullscreen- data-track-element-type=\"Article image fullscreen\" data-track-name=\"ImageFullscreen\" decoding=\"async\" loading=\"lazy\" height=\"9520\" itemprop=\"image\"  src=\"https:\/\/www.europesays.com\/no\/wp-content\/uploads\/2025\/12\/94914d01-c4b1-427b-b259-7e2ce0557bf1\"  style=\"object-position:0% 0%\" width=\"6336\"\/><\/p>\n<p class=\"_paragraph_o9xde_4 _paragraph_xtcu6_10 layout-component text-serif-m layout-normal text-serif-m layout-padded\">De sterke fargene som datteren malte etter at Hanne d\u00f8de, er delvis erstattet med dusere toner.<\/p>\n<p class=\"_paragraph_o9xde_4 _paragraph_xtcu6_10 layout-component text-serif-m layout-normal text-serif-m layout-padded\">Men en rosa vegg p\u00e5 soverommet har han beholdt til \u00e6re for Linn\u00e8a.<\/p>\n<p class=\"_paragraph_o9xde_4 _paragraph_xtcu6_10 layout-component text-serif-m layout-normal text-serif-m layout-padded\">\u2013 Jeg vil aldri finne ut hvordan livet ville blitt. Det er s\u00e5 mange ringer i et vann n\u00e5r fem stykker blir drept, og en person tar livet sitt. Det forplanter seg til generasjoner fremover. Barnebarn, tanter, onkler, halvs\u00f8sken. De seks personene som er borte, har en utrolig p\u00e5virkningskraft p\u00e5 mange mennesker rundt omkring. <\/p>\n<p class=\"_paragraph_o9xde_4 _paragraph_xtcu6_10 layout-component text-serif-m layout-normal text-serif-m layout-padded\">\u2013 Jeg tenker fortsatt veldig mye p\u00e5 hva hun hadde f\u00e5tt til, hvem hun hadde blitt. Hvis Hanne hadde levd, hadde Linn\u00e8a levd.<\/p>\n<p><img alt=\"\" class=\"_image_qp4xg_65 layout-component layout-normal\" data-fullscreen- data-track-element-type=\"Article image fullscreen\" data-track-name=\"ImageFullscreen\" decoding=\"async\" loading=\"lazy\" height=\"6336\" itemprop=\"image\"  src=\"https:\/\/www.europesays.com\/no\/wp-content\/uploads\/2025\/12\/e0da6696-83d0-4cc3-b3a2-1b0d3ecb3759\"  style=\"object-position:0% 0%\" width=\"9520\"\/><\/p>\n<p class=\"_paragraph_o9xde_4 _paragraph_xtcu6_10 layout-component text-serif-m layout-normal text-serif-m layout-padded\">\u00d8ystein tenker sjelden p\u00e5 gjerningsmannen, men han tenker ofte p\u00e5 hva han mistet.<\/p>\n<p class=\"_paragraph_o9xde_4 _paragraph_xtcu6_10 layout-component text-serif-m layout-normal text-serif-m layout-padded\">\u2013 Han tok fra oss fremtiden. Han k\u00f8dda med den. Men jeg vil ikke meg selv s\u00e5 vondt at jeg g\u00e5r og tenker p\u00e5 eller hater Br\u00e5then lenger. Jeg gj\u00f8r ikke det, alts\u00e5. Jeg bare synes det er s\u00e5 trist med tapet av de to, sier han.<\/p>\n<p class=\"_paragraph_o9xde_4 _paragraph_xtcu6_10 layout-component text-serif-m layout-normal text-serif-m layout-padded\">Det er systemet som har sviktet, b\u00e5de Br\u00e5then og Linn\u00e8a, mener han. <\/p>\n<p><img alt=\"\" class=\"_image_qp4xg_65 layout-component layout-normal\" data-fullscreen- data-track-element-type=\"Article image fullscreen\" data-track-name=\"ImageFullscreen\" decoding=\"async\" loading=\"lazy\" height=\"9520\" itemprop=\"image\"  src=\"https:\/\/www.europesays.com\/no\/wp-content\/uploads\/2025\/12\/2eb96bd9-bc9f-4500-b1ad-75270d529e8b\"  style=\"object-position:0% 0%\" width=\"6336\"\/><\/p>\n<p class=\"_paragraph_o9xde_4 _paragraph_xtcu6_10 layout-component text-serif-m layout-normal text-serif-m layout-padded\">I 2017 ble samtykkelovensamtykkelovenEn lov som regulerer n\u00e5r og hvordan tvang kan brukes i psykiatrien, og som krever at pasienter gir samtykke til behandling med mindre det er en n\u00f8dssituasjon. endret, og p\u00e5 den m\u00e5ten ble bruken av tvang i psykiatrien kraftig innstrammet.<\/p>\n<p class=\"_paragraph_o9xde_4 _paragraph_xtcu6_10 layout-component text-serif-m layout-normal text-serif-m layout-padded\">\u00d8ystein tror at b\u00e5de datteren og drapsmannen ville f\u00e5tt bedre hjelp om dette ikke hadde skjedd.<\/p>\n<p class=\"_paragraph_o9xde_4 _paragraph_xtcu6_10 layout-component text-serif-m layout-normal text-serif-m layout-padded\">\u2013 Jeg kan ikke f\u00e5 hjem datteren min. Jeg kan ikke f\u00e5 hjem min tidligere kone. Men jeg kan fortelle, slik at det ikke skjer igjen.<\/p>\n<p><img alt=\"\" class=\"_image_qp4xg_65 layout-component layout-normal\" data-fullscreen- data-track-element-type=\"Article image fullscreen\" data-track-name=\"ImageFullscreen\" decoding=\"async\" loading=\"lazy\" height=\"8634\" itemprop=\"image\"  src=\"https:\/\/www.europesays.com\/no\/wp-content\/uploads\/2025\/12\/f479ca31-6b49-4ff3-abe5-0284da789a9d\"  style=\"object-position:0% 0%\" width=\"5747\"\/><\/p>\n<ul class=\"_list_o9xde_3 _list_xtcu6_9 _unordered_o9xde_106 layout-component text-serif-m layout-normal text-serif-m layout-padded\">\n<li class=\"_item_o9xde_30\">VG har v\u00e6rt i kontakt med Espen Andersen Br\u00e5thens forsvarer, Fredrik Neumann, i forbindelse med denne saken. Han \u00f8nsker ikke \u00e5 kommentere. <\/li>\n<\/ul>\n<p> Camilla Fredstad Huuse<\/p>\n<p class=\"text-sans-s\">Journalist<\/p>\n<p><img decoding=\"async\" alt=\"Camilla Fredstad Huuse\" class=\"_image_uv074_179\" src=\"https:\/\/www.europesays.com\/no\/wp-content\/uploads\/2025\/12\/6034143a-5a43-4cc1-bac8-2e37b075b593\" width=\"480\"\/>Kontakt Camilla Fredstad HuuseMarie Dreyer Bakken<\/p>\n<p class=\"text-sans-s\">Journalist<\/p>\n<p><img decoding=\"async\" alt=\"Marie Dreyer Bakken\" class=\"_image_uv074_179\" src=\"https:\/\/www.europesays.com\/no\/wp-content\/uploads\/2025\/12\/a58fd05d-9a13-4704-bd0c-ffb8040bb859\" width=\"480\"\/>Kontakt Marie Dreyer BakkenNaina Hel\u00e9n J\u00e5ma<\/p>\n<p class=\"text-sans-s\">Fotojournalist<\/p>\n<p><img decoding=\"async\" alt=\"Naina Hel\u00e9n J\u00e5ma\" class=\"_image_uv074_179\" src=\"https:\/\/www.europesays.com\/no\/wp-content\/uploads\/2025\/12\/1766733985_40_6bee14a2-5091-46d9-8c58-1a355fc3e8bc\" width=\"480\"\/>Kontakt Naina Hel\u00e9n J\u00e5ma     <\/p>\n","protected":false},"excerpt":{"rendered":"Espen Andersen Br\u00e5then drepte fem mennesker i Kongsberg. En av dem var Hanne Englund; hennes datter Linn\u00e8a slet&hellip;\n","protected":false},"author":2,"featured_media":121997,"comment_status":"","ping_status":"","sticky":false,"template":"","format":"standard","meta":{"footnotes":""},"categories":[10],"tags":[20,21,24,25,15,14477,22,23,6087,13,30,28,29,14,16,1679,26,27],"class_list":{"0":"post-121996","1":"post","2":"type-post","3":"status-publish","4":"format-standard","5":"has-post-thumbnail","7":"category-norge","8":"tag-breaking-news","9":"tag-breakingnews","10":"tag-featured-news","11":"tag-featurednews","12":"tag-headlines","13":"tag-kongsberg-angrepet","14":"tag-latest-news","15":"tag-latestnews","16":"tag-modum","17":"tag-news","18":"tag-no","19":"tag-norge","20":"tag-norway","21":"tag-nyheter","22":"tag-overskrifter","23":"tag-psykisk-helse","24":"tag-top-stories","25":"tag-topstories"},"share_on_mastodon":{"url":"https:\/\/pubeurope.com\/@no\/115784685377311760","error":""},"_links":{"self":[{"href":"https:\/\/www.europesays.com\/no\/wp-json\/wp\/v2\/posts\/121996","targetHints":{"allow":["GET"]}}],"collection":[{"href":"https:\/\/www.europesays.com\/no\/wp-json\/wp\/v2\/posts"}],"about":[{"href":"https:\/\/www.europesays.com\/no\/wp-json\/wp\/v2\/types\/post"}],"author":[{"embeddable":true,"href":"https:\/\/www.europesays.com\/no\/wp-json\/wp\/v2\/users\/2"}],"replies":[{"embeddable":true,"href":"https:\/\/www.europesays.com\/no\/wp-json\/wp\/v2\/comments?post=121996"}],"version-history":[{"count":0,"href":"https:\/\/www.europesays.com\/no\/wp-json\/wp\/v2\/posts\/121996\/revisions"}],"wp:featuredmedia":[{"embeddable":true,"href":"https:\/\/www.europesays.com\/no\/wp-json\/wp\/v2\/media\/121997"}],"wp:attachment":[{"href":"https:\/\/www.europesays.com\/no\/wp-json\/wp\/v2\/media?parent=121996"}],"wp:term":[{"taxonomy":"category","embeddable":true,"href":"https:\/\/www.europesays.com\/no\/wp-json\/wp\/v2\/categories?post=121996"},{"taxonomy":"post_tag","embeddable":true,"href":"https:\/\/www.europesays.com\/no\/wp-json\/wp\/v2\/tags?post=121996"}],"curies":[{"name":"wp","href":"https:\/\/api.w.org\/{rel}","templated":true}]}}