{"id":122019,"date":"2025-12-26T08:29:11","date_gmt":"2025-12-26T08:29:11","guid":{"rendered":"https:\/\/www.europesays.com\/no\/122019\/"},"modified":"2025-12-26T08:29:11","modified_gmt":"2025-12-26T08:29:11","slug":"ukens-vintips-bobler-til-nyttars-listen-som-redder-deg","status":"publish","type":"post","link":"https:\/\/www.europesays.com\/no\/122019\/","title":{"rendered":"(+) Ukens vintips: Bobler til nytt\u00e5rs: Listen som redder deg"},"content":{"rendered":"\n<p class=\"_prefix_nfjwc_1 layout-padded\">Ukens<br \/>vintips<\/p>\n<p class=\"_lead_o9xde_2 _lead_xtcu6_50 layout-component text-serif-m layout-normal text-serif-l _lead_1k67c_21 layout-component layout-normal layout-padded layout-padded\">Sent ute med innkj\u00f8p til \u00e5rets siste dag? Her er supre bobler du finner p\u00e5 et pol n\u00e6r deg.<\/p>\n<p>VGs vinekspert. Utdannet vinkelner og har jobbet med vin hele mitt yrkesliv. Mer enn 20 \u00e5rs erfaring, blant annet fra Vinmonopolet, vinimport og restaurantbransjen. Har skrevet seks b\u00f8ker om mat &amp; vin, holder vinkurs og lager b\u00e5de TV, podcast og lydb\u00f8ker om vin.<\/p>\n<p><a href=\"https:\/\/www.vg.no\/forbruker\/i\/rrALJe\/mailto:vinsara@vg.no\" class=\"_button_6bkpv_2 button-label-large _filled_6bkpv_106 _button_1xhag_75\" rel=\"nofollow noopener\" target=\"_blank\">E-post<\/a>Fredag 26. desember kl. 08:36     <\/p>\n<p class=\"_paragraph_o9xde_4 _paragraph_xtcu6_10 layout-component text-serif-m layout-normal text-serif-m layout-padded\">Nytt\u00e5rsaften er her om f\u00e5 dager. Drakk du opp boblene i julen? Eller er du en av mange som er p\u00e5 vei til polet i siste liten? <\/p>\n<p class=\"_paragraph_o9xde_4 _paragraph_xtcu6_10 layout-component text-serif-m layout-normal text-serif-m layout-padded\">Ta det med ro \u2013 her kommer litt musserende n\u00f8dhjelp! Seks flasker som alle passer perfekt til nytt\u00e5rsaften, alle fra basisutvalget. <\/p>\n<p><img alt=\"Foto: Line M\u00f8ller \/ VG\" class=\"_image_qp4xg_65 layout-component layout-normal\" data-fullscreen- data-track-element-type=\"Article image fullscreen\" data-track-name=\"ImageFullscreen\" decoding=\"async\" loading=\"lazy\" height=\"5504\" itemprop=\"image\"  src=\"https:\/\/www.europesays.com\/no\/wp-content\/uploads\/2025\/12\/84355100-4cf9-40d3-a20b-6c3c66379493\"  style=\"object-position:0% 0%\" width=\"8256\"\/>Foto: Line M\u00f8ller \/ VG<\/p>\n<p class=\"_paragraph_o9xde_4 _paragraph_xtcu6_10 layout-component text-serif-m layout-normal text-serif-m layout-padded\">Disse st\u00e5r i en polhylle n\u00e6r deg. Det er b\u00e5de champagne og engelske bobler. Halvflaske og magnum. Noe dyrt, noe rimelig. Og helt til slutt en r\u00f8dvinsvenn til nytt\u00e5rskalkunen.\u00a0<\/p>\n<p class=\"_paragraph_o9xde_4 _paragraph_xtcu6_10 layout-component text-serif-m layout-normal text-serif-m layout-padded\">Dette er vinsak nummer 52 \u2013 \u00e5rets aller siste. Jeg vil gjerne benytte sjansen til \u00e5 takke for f\u00f8lget. Takk for at dere leser og smaker og skriver og heier. <\/p>\n<p class=\"_paragraph_o9xde_4 _paragraph_xtcu6_10 layout-component text-serif-m layout-normal text-serif-m layout-padded\">Jeg gleder meg til \u00e5 lete frem hundrevis av nye vinkupp til dere i \u00e5ret som kommer. <\/p>\n<p class=\"_paragraph_o9xde_4 _paragraph_xtcu6_10 layout-component text-serif-m layout-normal text-serif-m layout-padded\">Sk\u00e5l for 2026!<\/p>\n<p class=\"_paragraph_o9xde_4 _paragraph_xtcu6_10 layout-component text-serif-m layout-normal text-serif-m layout-padded\"><strong class=\"_strong_o9xde_25\">PSST! Husk at du finner alle Saras anmeldte viner p\u00e5\u00a0<a href=\"https:\/\/www.vg.no\/vin\" class=\"_link_o9xde_39\" rel=\"nofollow noopener\" target=\"_blank\">vg.no\/vin<\/a>.<\/strong><\/p>\n","protected":false},"excerpt":{"rendered":"Ukensvintips Sent ute med innkj\u00f8p til \u00e5rets siste dag? Her er supre bobler du finner p\u00e5 et pol&hellip;\n","protected":false},"author":2,"featured_media":122020,"comment_status":"","ping_status":"","sticky":false,"template":"","format":"standard","meta":{"footnotes":""},"categories":[10],"tags":[20,21,24,25,15,22,23,13,30,28,29,14,16,592,26,27,591,590],"class_list":{"0":"post-122019","1":"post","2":"type-post","3":"status-publish","4":"format-standard","5":"has-post-thumbnail","7":"category-norge","8":"tag-breaking-news","9":"tag-breakingnews","10":"tag-featured-news","11":"tag-featurednews","12":"tag-headlines","13":"tag-latest-news","14":"tag-latestnews","15":"tag-news","16":"tag-no","17":"tag-norge","18":"tag-norway","19":"tag-nyheter","20":"tag-overskrifter","21":"tag-sara-doscher","22":"tag-top-stories","23":"tag-topstories","24":"tag-vin","25":"tag-vintips"},"share_on_mastodon":{"url":"https:\/\/pubeurope.com\/@no\/115784932758996949","error":""},"_links":{"self":[{"href":"https:\/\/www.europesays.com\/no\/wp-json\/wp\/v2\/posts\/122019","targetHints":{"allow":["GET"]}}],"collection":[{"href":"https:\/\/www.europesays.com\/no\/wp-json\/wp\/v2\/posts"}],"about":[{"href":"https:\/\/www.europesays.com\/no\/wp-json\/wp\/v2\/types\/post"}],"author":[{"embeddable":true,"href":"https:\/\/www.europesays.com\/no\/wp-json\/wp\/v2\/users\/2"}],"replies":[{"embeddable":true,"href":"https:\/\/www.europesays.com\/no\/wp-json\/wp\/v2\/comments?post=122019"}],"version-history":[{"count":0,"href":"https:\/\/www.europesays.com\/no\/wp-json\/wp\/v2\/posts\/122019\/revisions"}],"wp:featuredmedia":[{"embeddable":true,"href":"https:\/\/www.europesays.com\/no\/wp-json\/wp\/v2\/media\/122020"}],"wp:attachment":[{"href":"https:\/\/www.europesays.com\/no\/wp-json\/wp\/v2\/media?parent=122019"}],"wp:term":[{"taxonomy":"category","embeddable":true,"href":"https:\/\/www.europesays.com\/no\/wp-json\/wp\/v2\/categories?post=122019"},{"taxonomy":"post_tag","embeddable":true,"href":"https:\/\/www.europesays.com\/no\/wp-json\/wp\/v2\/tags?post=122019"}],"curies":[{"name":"wp","href":"https:\/\/api.w.org\/{rel}","templated":true}]}}