{"id":122023,"date":"2025-12-26T08:37:17","date_gmt":"2025-12-26T08:37:17","guid":{"rendered":"https:\/\/www.europesays.com\/no\/122023\/"},"modified":"2025-12-26T08:37:17","modified_gmt":"2025-12-26T08:37:17","slug":"skien-porsgrunn-mens-du-sov-kollisjon-pa-e18-og-som-mann-knuste-rute","status":"publish","type":"post","link":"https:\/\/www.europesays.com\/no\/122023\/","title":{"rendered":"Skien, Porsgrunn | Mens du sov: Kollisjon p\u00e5 E18 og som mann knuste rute"},"content":{"rendered":"\n<p>To personer var involvert i en kollisjon p\u00e5 E18. Ulykken skal ha skjedd p\u00e5 Langangen der det ikke er 4 kj\u00f8refelt i veien. Politiet meldte f\u00f8rst hendelsen klokken 03.37. <\/p>\n<p>Ulykken har hendt p\u00e5 stedet der det ikke er fire felt. If\u00f8lge politiloggen er det ikke snakk om en direkte frontkollisjon, men den ene bilen har kommet over og truffet den andre i siden. En av f\u00f8rerne er mistenkes for \u00e5 v\u00e6re beruset.<\/p>\n<p>Den ene sj\u00e5f\u00f8ren er kj\u00f8rt til legevakt og den andre til sykehus, men ingen skal v\u00e6re alvorlig skadet som f\u00f8lge av ulykken. <\/p>\n<p>Uro i sentrum<\/p>\n<p>Politiet hadde ogs\u00e5 litt \u00e5 gj\u00f8re i Skien sentrum i natt. F\u00f8rst klokken 00.52 ble en mann i 20-\u00e5rene innbrakt til arresten. Han var full og klarte ikke oppf\u00f8re seg, skriver operasjonsleder Ottar Steinst\u00f8. Han m\u00e5tte arresteres da det ikke var mulig \u00e5 gi mannen et p\u00e5legg. <\/p>\n<p>Like etter, klokken 01.38 m\u00e5tte de bortvise to menn i 20-\u00e5rene. Begge var beruset og hadde hissig adferd overfor andre rundt seg. <\/p>\n<p>Mann visste ikke hvor han var<\/p>\n<p>Til slutt, m\u00e5tte politiet anmelde en mann i 30-\u00e5rene for \u00e5 kj\u00f8re uten gyldig f\u00f8rerkort. Dette tok plass klokken 03.42 ved Sigurds Gate.<\/p>\n<p>Samtidig kom det en melding fra en dame som h\u00f8rte en rute bli knust. En rute i verandad\u00f8ren. Innenfor d\u00f8ren ble det funnet en full mann som ikke visste hvor han var. Han var i 30-\u00e5rene og ble sendt til riktig adresse i taxi. Han blir anmeldt for forholdet. <\/p>\n","protected":false},"excerpt":{"rendered":"To personer var involvert i en kollisjon p\u00e5 E18. Ulykken skal ha skjedd p\u00e5 Langangen der det ikke&hellip;\n","protected":false},"author":2,"featured_media":1273,"comment_status":"","ping_status":"","sticky":false,"template":"","format":"standard","meta":{"footnotes":""},"categories":[10],"tags":[36,20,21,940,24,25,15,14478,22,23,13,30,28,29,14,14479,16,254,1370,393,1510,26,27,224,1204],"class_list":{"0":"post-122023","1":"post","2":"type-post","3":"status-publish","4":"format-standard","5":"has-post-thumbnail","7":"category-norge","8":"tag-art","9":"tag-breaking-news","10":"tag-breakingnews","11":"tag-e18","12":"tag-featured-news","13":"tag-featurednews","14":"tag-headlines","15":"tag-langangen","16":"tag-latest-news","17":"tag-latestnews","18":"tag-news","19":"tag-no","20":"tag-norge","21":"tag-norway","22":"tag-nyheter","23":"tag-orden","24":"tag-overskrifter","25":"tag-politi","26":"tag-porsgrunn","27":"tag-skien","28":"tag-story","29":"tag-top-stories","30":"tag-topstories","31":"tag-trafikk","32":"tag-ulykker"},"share_on_mastodon":{"url":"https:\/\/pubeurope.com\/@no\/115784964085524772","error":""},"_links":{"self":[{"href":"https:\/\/www.europesays.com\/no\/wp-json\/wp\/v2\/posts\/122023","targetHints":{"allow":["GET"]}}],"collection":[{"href":"https:\/\/www.europesays.com\/no\/wp-json\/wp\/v2\/posts"}],"about":[{"href":"https:\/\/www.europesays.com\/no\/wp-json\/wp\/v2\/types\/post"}],"author":[{"embeddable":true,"href":"https:\/\/www.europesays.com\/no\/wp-json\/wp\/v2\/users\/2"}],"replies":[{"embeddable":true,"href":"https:\/\/www.europesays.com\/no\/wp-json\/wp\/v2\/comments?post=122023"}],"version-history":[{"count":0,"href":"https:\/\/www.europesays.com\/no\/wp-json\/wp\/v2\/posts\/122023\/revisions"}],"wp:featuredmedia":[{"embeddable":true,"href":"https:\/\/www.europesays.com\/no\/wp-json\/wp\/v2\/media\/1273"}],"wp:attachment":[{"href":"https:\/\/www.europesays.com\/no\/wp-json\/wp\/v2\/media?parent=122023"}],"wp:term":[{"taxonomy":"category","embeddable":true,"href":"https:\/\/www.europesays.com\/no\/wp-json\/wp\/v2\/categories?post=122023"},{"taxonomy":"post_tag","embeddable":true,"href":"https:\/\/www.europesays.com\/no\/wp-json\/wp\/v2\/tags?post=122023"}],"curies":[{"name":"wp","href":"https:\/\/api.w.org\/{rel}","templated":true}]}}