{"id":122024,"date":"2025-12-26T08:44:00","date_gmt":"2025-12-26T08:44:00","guid":{"rendered":"https:\/\/www.europesays.com\/no\/122024\/"},"modified":"2025-12-26T08:44:00","modified_gmt":"2025-12-26T08:44:00","slug":"pave-leo-om-moralsk-svik-i-julepreken","status":"publish","type":"post","link":"https:\/\/www.europesays.com\/no\/122024\/","title":{"rendered":"Pave Leo om moralsk svik i julepreken"},"content":{"rendered":"<p><strong>Pave Leo sa i sin juleaftenspreken at kristne som vender ryggen til fattige og fremmede i praksis avviser Gud. <\/strong><\/p>\n<p>Budskapet ble formidlet under midnattsmessen i Peterskirken i Vatikanet, der paven ledet rundt 1,4 milliarder katolikker inn i julefeiringen, skriver <a href=\"https:\/\/www.reuters.com\/world\/pope-leo-christmas-eve-says-denying-help-poor-is-rejecting-god-2025-12-24\/\" rel=\"nofollow noopener\" target=\"_blank\">Reuters<\/a>.<\/p>\n<p>Paven viste til fortellingen om Jesu f\u00f8dsel i en stall fordi det ikke var plass i herberget, og sa at denne historien fortsatt er h\u00f8yst relevant i dag.<\/p>\n<p>\u2013 P\u00e5 jorden er det ikke plass for Gud dersom det ikke er plass for mennesket. \u00c5 avvise den ene er \u00e5 avvise den andre, sa Leo i prekenen, if\u00f8lge Reuters.<\/p>\n<p>Leo, som har gjort omsorg for immigranter og fattige til sentrale temaer i starten av sitt pontifikat, understreket at Jesu f\u00f8dsel viser Guds n\u00e6rv\u00e6r i hvert enkelt menneske.<\/p>\n<p>\u2013 Selv en stall kan bli mer hellig enn et tempel, sa paven.<\/p>\n<p>Den 70 \u00e5r gamle Leo er den f\u00f8rste USA-f\u00f8dte paven og feirer sin f\u00f8rste jul som overhode for den katolske kirken, etter at han i mai ble valgt til \u00e5 etterf\u00f8lge avd\u00f8de pave Frans. <\/p>\n<p>I prekenen siterte Leo ogs\u00e5 tidligere pave Benedikt XVI, som advarte mot en verden som ikke tar vare p\u00e5 barn, fattige eller fremmede.<\/p>\n<p>\u2013 N\u00e5r en fordreid \u00f8konomi f\u00e5r oss til \u00e5 behandle mennesker som varer, gj\u00f8r Gud seg lik oss og viser den uendelige verdigheten til hvert menneske, sa Leo, if\u00f8lge Reuters.<\/p>\n<p>Rundt 6.000 mennesker var til stede inne i Peterskirken, mens ytterligere 5.000 fulgte messen fra St. Petersplassen i kraftig regnv\u00e6r. Paven gikk ut f\u00f8r messen for \u00e5 takke de fremm\u00f8tte.<\/p>\n<p>P\u00e5 juledag skal Leo holde messe og deretter gi sin tradisjonelle \u00abUrbi et Orbi\u00bb-velsignelse til byen og verden, skriver Reuters.<\/p>\n","protected":false},"excerpt":{"rendered":"Pave Leo sa i sin juleaftenspreken at kristne som vender ryggen til fattige og fremmede i praksis avviser&hellip;\n","protected":false},"author":2,"featured_media":122025,"comment_status":"","ping_status":"","sticky":false,"template":"","format":"standard","meta":{"footnotes":""},"categories":[12],"tags":[20,21,1017,24,25,14480,15,22,23,13,30,28,29,14,16,14481,26,27,9594,42,43,44,45],"class_list":{"0":"post-122024","1":"post","2":"type-post","3":"status-publish","4":"format-standard","5":"has-post-thumbnail","7":"category-verden","8":"tag-breaking-news","9":"tag-breakingnews","10":"tag-fattigdom","11":"tag-featured-news","12":"tag-featurednews","13":"tag-gud","14":"tag-headlines","15":"tag-latest-news","16":"tag-latestnews","17":"tag-news","18":"tag-no","19":"tag-norge","20":"tag-norway","21":"tag-nyheter","22":"tag-overskrifter","23":"tag-pave-leo-xiv","24":"tag-top-stories","25":"tag-topstories","26":"tag-vatikanet","27":"tag-verden","28":"tag-world","29":"tag-world-news","30":"tag-worldnews"},"share_on_mastodon":{"url":"https:\/\/pubeurope.com\/@no\/115784991781747780","error":""},"_links":{"self":[{"href":"https:\/\/www.europesays.com\/no\/wp-json\/wp\/v2\/posts\/122024","targetHints":{"allow":["GET"]}}],"collection":[{"href":"https:\/\/www.europesays.com\/no\/wp-json\/wp\/v2\/posts"}],"about":[{"href":"https:\/\/www.europesays.com\/no\/wp-json\/wp\/v2\/types\/post"}],"author":[{"embeddable":true,"href":"https:\/\/www.europesays.com\/no\/wp-json\/wp\/v2\/users\/2"}],"replies":[{"embeddable":true,"href":"https:\/\/www.europesays.com\/no\/wp-json\/wp\/v2\/comments?post=122024"}],"version-history":[{"count":0,"href":"https:\/\/www.europesays.com\/no\/wp-json\/wp\/v2\/posts\/122024\/revisions"}],"wp:featuredmedia":[{"embeddable":true,"href":"https:\/\/www.europesays.com\/no\/wp-json\/wp\/v2\/media\/122025"}],"wp:attachment":[{"href":"https:\/\/www.europesays.com\/no\/wp-json\/wp\/v2\/media?parent=122024"}],"wp:term":[{"taxonomy":"category","embeddable":true,"href":"https:\/\/www.europesays.com\/no\/wp-json\/wp\/v2\/categories?post=122024"},{"taxonomy":"post_tag","embeddable":true,"href":"https:\/\/www.europesays.com\/no\/wp-json\/wp\/v2\/tags?post=122024"}],"curies":[{"name":"wp","href":"https:\/\/api.w.org\/{rel}","templated":true}]}}