{"id":122026,"date":"2025-12-26T08:45:11","date_gmt":"2025-12-26T08:45:11","guid":{"rendered":"https:\/\/www.europesays.com\/no\/122026\/"},"modified":"2025-12-26T08:45:11","modified_gmt":"2025-12-26T08:45:11","slug":"sonn-siktet-for-drapsforsok-pa-far-i-arendal","status":"publish","type":"post","link":"https:\/\/www.europesays.com\/no\/122026\/","title":{"rendered":"S\u00f8nn siktet for drapsfors\u00f8k p\u00e5 far i Arendal"},"content":{"rendered":"\n<p class=\"_lead_o9xde_2 _lead_xtcu6_50 layout-component text-serif-m layout-normal text-serif-l layout-component layout-wide layout-padded _wide_17hqh_1 layout-padded\">En mann i 30-\u00e5rene er siktet for drapsfors\u00f8k etter at en mann i 70-\u00e5rene ble p\u00e5f\u00f8rt knivskader.<\/p>\n<p><img alt=\" Foto: Elisabeth G Altenborg\" class=\"_image_qp4xg_65 layout-component layout-wide\" data-fullscreen- data-track-element-type=\"Article image fullscreen\" data-track-name=\"ImageFullscreen\" fetchpriority=\"high\" decoding=\"sync\" loading=\"eager\" height=\"962\" itemprop=\"image\"  src=\"https:\/\/www.europesays.com\/no\/wp-content\/uploads\/2025\/12\/1766738710_692_2613e50e-e947-425b-8a1d-e3a33d647988\"  style=\"object-position:92.67605633802816% 5.769230769230769%\" width=\"1065\"\/> Foto: Elisabeth G Altenborg<\/p>\n<ul aria-hidden=\"true\" class=\"_images_ntbth_112\">\n<li><a class=\"_link_ntbth_117\" href=\"https:\/\/www.vg.no\/forfatter\/natalie-remoee-hansen\" style=\"z-index:1\" title=\"Natalie Rem\u00f8e Hansen\" rel=\"nofollow noopener\" target=\"_blank\"><img alt=\"Bilde av Natalie Rem\u00f8e Hansen\" class=\"_image_ntbth_93\" fetchpriority=\"low\" loading=\"lazy\" decoding=\"async\" itemprop=\"image\"  src=\"https:\/\/www.europesays.com\/no\/wp-content\/uploads\/2025\/12\/7e7929f1-4c24-4f74-97da-e10d351b987e\"  width=\"480\"\/><\/a><\/li>\n<\/ul>\n<p> Oppdatert fredag 26. desember kl. 09:43     <\/p>\n<p class=\"_paragraph_o9xde_4 _paragraph_xtcu6_10 layout-component text-serif-m layout-normal text-serif-m layout-padded\"><a href=\"https:\/\/www.vg.no\/nyheter\/i\/q6Lkr0\/voldhendelse-i-arendal\" data-track-element-type=\"Link\" data-track-id=\"link:q6Lkr0\" class=\"_link_o9xde_39\" rel=\"nofollow noopener\" target=\"_blank\">Voldshendelsen<\/a> skjedde p\u00e5 en privat adresse p\u00e5 juleaften. N\u00f8detatene rykket til stedet. S\u00e5 ble en mannen i 70-\u00e5rene kj\u00f8rt til sykehus for oppf\u00f8lging. <\/p>\n<p class=\"_paragraph_o9xde_4 _paragraph_xtcu6_10 layout-component text-serif-m layout-normal text-serif-m layout-padded\">En mann i 30-\u00e5rene ble p\u00e5grepet. N\u00e5 er han siktet for drapsfors\u00f8k.<\/p>\n<p class=\"_paragraph_o9xde_4 _paragraph_xtcu6_10 layout-component text-serif-m layout-normal text-serif-m layout-padded\">\u2013 Det er snakk om far og s\u00f8nn, opplyser politiadvokat Sondre Kristian Halvorsen i Agder politidistrikt til VG.<\/p>\n<p class=\"_paragraph_o9xde_4 _paragraph_xtcu6_10 layout-component text-serif-m layout-normal text-serif-m layout-padded\">Det ble tatt beslag i en kniv p\u00e5 stedet.<\/p>\n<p class=\"_paragraph_o9xde_4 _paragraph_xtcu6_10 layout-component text-serif-m layout-normal text-serif-m layout-padded\">\u2013 Det er snakk om en kniv i form av et kj\u00f8kkenredskap. <\/p>\n<p class=\"_paragraph_o9xde_4 _paragraph_xtcu6_10 layout-component text-serif-m layout-normal text-serif-m layout-padded\">Politiadvokat Halvorsen forteller at b\u00e5de den siktede og den forn\u00e6rmede er avh\u00f8rt i saken. <\/p>\n<p class=\"_paragraph_o9xde_4 _paragraph_xtcu6_10 layout-component text-serif-m layout-normal text-serif-m layout-padded\">If\u00f8lge ham har mannen i 70-\u00e5rene f\u00e5tt legebehandling, og han har forklart seg om hva som skjedde. <\/p>\n<p class=\"_paragraph_o9xde_4 _paragraph_xtcu6_10 layout-component text-serif-m layout-normal text-serif-m layout-padded\">Siktede er i politiets varetekt. <\/p>\n<p class=\"_paragraph_o9xde_4 _paragraph_xtcu6_10 layout-component text-serif-m layout-normal text-serif-m layout-padded\">\u2013 Vi er redd for at han vil beg\u00e5 nye lovbrudd ved l\u00f8slatelse, opplyser Halvorsen. <\/p>\n","protected":false},"excerpt":{"rendered":"En mann i 30-\u00e5rene er siktet for drapsfors\u00f8k etter at en mann i 70-\u00e5rene ble p\u00e5f\u00f8rt knivskader. Foto:&hellip;\n","protected":false},"author":2,"featured_media":121224,"comment_status":"","ping_status":"","sticky":false,"template":"","format":"standard","meta":{"footnotes":""},"categories":[10],"tags":[1253,20,21,24,25,15,22,23,13,30,28,29,14,16,26,27],"class_list":{"0":"post-122026","1":"post","2":"type-post","3":"status-publish","4":"format-standard","5":"has-post-thumbnail","7":"category-norge","8":"tag-arendal","9":"tag-breaking-news","10":"tag-breakingnews","11":"tag-featured-news","12":"tag-featurednews","13":"tag-headlines","14":"tag-latest-news","15":"tag-latestnews","16":"tag-news","17":"tag-no","18":"tag-norge","19":"tag-norway","20":"tag-nyheter","21":"tag-overskrifter","22":"tag-top-stories","23":"tag-topstories"},"share_on_mastodon":{"url":"https:\/\/pubeurope.com\/@no\/115784995882116905","error":""},"_links":{"self":[{"href":"https:\/\/www.europesays.com\/no\/wp-json\/wp\/v2\/posts\/122026","targetHints":{"allow":["GET"]}}],"collection":[{"href":"https:\/\/www.europesays.com\/no\/wp-json\/wp\/v2\/posts"}],"about":[{"href":"https:\/\/www.europesays.com\/no\/wp-json\/wp\/v2\/types\/post"}],"author":[{"embeddable":true,"href":"https:\/\/www.europesays.com\/no\/wp-json\/wp\/v2\/users\/2"}],"replies":[{"embeddable":true,"href":"https:\/\/www.europesays.com\/no\/wp-json\/wp\/v2\/comments?post=122026"}],"version-history":[{"count":0,"href":"https:\/\/www.europesays.com\/no\/wp-json\/wp\/v2\/posts\/122026\/revisions"}],"wp:featuredmedia":[{"embeddable":true,"href":"https:\/\/www.europesays.com\/no\/wp-json\/wp\/v2\/media\/121224"}],"wp:attachment":[{"href":"https:\/\/www.europesays.com\/no\/wp-json\/wp\/v2\/media?parent=122026"}],"wp:term":[{"taxonomy":"category","embeddable":true,"href":"https:\/\/www.europesays.com\/no\/wp-json\/wp\/v2\/categories?post=122026"},{"taxonomy":"post_tag","embeddable":true,"href":"https:\/\/www.europesays.com\/no\/wp-json\/wp\/v2\/tags?post=122026"}],"curies":[{"name":"wp","href":"https:\/\/api.w.org\/{rel}","templated":true}]}}