{"id":122027,"date":"2025-12-26T08:46:27","date_gmt":"2025-12-26T08:46:27","guid":{"rendered":"https:\/\/www.europesays.com\/no\/122027\/"},"modified":"2025-12-26T08:46:27","modified_gmt":"2025-12-26T08:46:27","slug":"usa-angrep-is-terrorister-i-sokoto-nigeria","status":"publish","type":"post","link":"https:\/\/www.europesays.com\/no\/122027\/","title":{"rendered":"USA angrep IS-terrorister i Sokoto, Nigeria"},"content":{"rendered":"<p class=\"extendedContent hyperion-css-eyn926\" data-test-tag=\"lead-text\">USA angrep Nigeria etter ordre fra president Donald Trump. Landets myndigheter bekrefter at flere IS-medlemmer er drept.<\/p>\n<p><img decoding=\"async\" class=\"image-asset hyperion-css-u06ts1\" data-test-tag=\"image-asset\" src=\"https:\/\/www.europesays.com\/no\/wp-content\/uploads\/2025\/12\/c6ef6017-25ae-4e92-bd68-8714aa617999.jpeg\"  alt=\"Donald Trump sier han ga ordre om \u00e5 angripe det han omtaler som \u00abIS-terroristavskum\u00bb i Nigeria f\u00f8rste juledag. \"  loading=\"eager\" fetchpriority=\"high\" style=\"aspect-ratio:2048 \/ 1365\"\/>Donald Trump sier han ga ordre om \u00e5 angripe det han omtaler som \u00abIS-terroristavskum\u00bb i Nigeria f\u00f8rste juledag. Foto: Alex Brandon \/ AP \/ NTB<\/p>\n<p>Publisert: 26.12.2025 01:30 |\u00a0Oppdatert: 26.12.2025 08:24<\/p>\n<p class=\"paywall hyperion-css-1j42uic\"> \u2013 Krigsdepartementet har gjennomf\u00f8rt flere perfekte angrep, slik bare USA kan, skriver Trump p\u00e5 <a aria-label=\"Truth Social\" class=\"default hyperion-css-1raymq9\" href=\"https:\/\/truthsocial.com\/@realDonaldTrump\/posts\/115782683955516402\" target=\"_blank\" rel=\"noopener nofollow noreferrer\" data-test-tag=\"external-link\">Truth Social<\/a>.<\/p>\n<p class=\"paywall hyperion-css-1j42uic\">Han sier angrepene var rettet mot IS-tilknyttede islamister nordvest i Nigeria.<\/p>\n<p class=\"paywall hyperion-css-1j42uic\">\u2013 Jeg har tidligere advart disse terroristene om at de vil f\u00e5 et helvete om de ikke slutter \u00e5 slakte ned kristne. I dag skjedde det, fortsetter Trump.<\/p>\n<p class=\"paywall hyperion-css-1j42uic\">USAs forsvarsdepartement har sluppet en video av et missil som blir avfyrt under angrepet.<\/p>\n<p class=\"paywall hyperion-css-1j42uic\">En tjenestemann sier angrepet skjedde i delstaten Sokoto, og at flere militante IS-medlemmer ble drept. If\u00f8lge tjenestemannen skjedde angrepet etter en foresp\u00f8rsel fra Nigerias myndigheter.<\/p>\n<p class=\"paywall hyperion-css-1j42uic\">Nigerias utenriksdepartement sier at de er i dialog med USA om sikkerhetssamarbeid. Det har if\u00f8lge dem f\u00f8rt til m\u00e5lrettede luftangrep mot terrorm\u00e5l nordvest i landet.<\/p>\n<p class=\"paywall hyperion-css-1j42uic\">Trump bruker ogs\u00e5 innlegget sitt til \u00e5 velsigne det amerikanske milit\u00e6ret og \u00f8nske alle god jul, ogs\u00e5 de d\u00f8de terroristene.<\/p>\n<p class=\"paywall hyperion-css-1j42uic\">\u2013 Som det kommer til \u00e5 bli mange flere av hvis slaktingen av kristne fortsetter, fortsetter han.<\/p>\n<p>Nigeria avviser religionmotiv<\/p>\n<p class=\"paywall hyperion-css-1j42uic\">Nigerias regjering og uavhengige analytikere avviser fremstillingen av volden i landet som religionsforf\u00f8lgelse, en fortelling kristenkonservative i USA og Europa lenge har fremmet.<\/p>\n<p class=\"paywall hyperion-css-1j42uic\">Nigerias utenriksminister, Yusuf Maitama Tuggar, fortalte <a aria-label=\"BBC\" class=\"default hyperion-css-1raymq9\" href=\"https:\/\/www.bbc.com\/news\/articles\/cj69j8l918do\" target=\"_blank\" rel=\"noopener nofollow noreferrer\" data-test-tag=\"external-link\">BBC<\/a> at det var en \u00abfellesoperasjon\u00bb rettet mot \u00abterrorister\u00bb.<\/p>\n<p class=\"paywall hyperion-css-1j42uic\">\u2013 Det har ikke noe med en bestemt religion \u00e5 gj\u00f8re, sa han.<\/p>\n<p>Nigerias president ba om fred<\/p>\n<p class=\"paywall hyperion-css-1j42uic\">Trump har de siste m\u00e5nedene fokusert p\u00e5 de kristnes situasjon i Nigeria.<\/p>\n<p class=\"paywall hyperion-css-1j42uic\">I november oppfordret han forsvarsministeren til \u00e5 \u00abforberede seg p\u00e5 mulige tiltak\u00bb, skriver <a aria-label=\"CNN\" class=\"default hyperion-css-1raymq9\" href=\"https:\/\/edition.cnn.com\/2025\/12\/25\/politics\/us-strikes-isis-nigeria\" target=\"_blank\" rel=\"noopener nofollow noreferrer\" data-test-tag=\"external-link\">CNN<\/a>.<\/p>\n<p class=\"paywall hyperion-css-1j42uic\">Han advarte om at USA ville g\u00e5 inn i Nigeria med \u00abild i luften\u00bb for \u00e5 beskytte den kristne befolkningen i Afrikas mest folkerike land.<\/p>\n<p class=\"paywall hyperion-css-1j42uic\">P\u00e5 julaften skrev Nigerias president Bola Tinubu p\u00e5 <a aria-label=\"X\" class=\"default hyperion-css-1raymq9\" href=\"https:\/\/x.com\/officialABAT\/status\/2003936580374000119?s=20\" target=\"_blank\" rel=\"noopener nofollow noreferrer\" data-test-tag=\"external-link\">X<\/a> at han \u00f8nsket kristne over hele landet og verden en god jul. Han ba om fred blant individer med ulik religi\u00f8s tro.<\/p>\n<p class=\"paywall hyperion-css-1j42uic\">\u2013 Jeg er forpliktet til \u00e5 gj\u00f8re alt i min makt for \u00e5 sikre religionsfrihet i Nigeria og beskytte kristne, muslimer og alle nigerianere mot vold, skrev Tinubu.<\/p>\n<p class=\"paywall hyperion-css-1j42uic\">Landet i Vest-Afrika har i mange \u00e5r hatt store sikkerhetsproblemer. Det har blant annet forekommet religi\u00f8st motiverte angrep.<\/p>\n<p class=\"paywall hyperion-css-1j42uic\">Konflikter mellom ulike grupper, etniske spenninger og krangler mellom b\u00f8nder og gjetere om knappe ressurser har ogs\u00e5 f\u00f8rt til vold, skriver CNN.<\/p>\n<p class=\"paywall hyperion-css-1j42uic\"><strong>Det er mange former for uro i Nigeria. 8. desember i \u00e5r hadde Forklart denne episoden om bortf\u00f8rte skolebarn i landet.<\/strong><\/p>\n<p>Mener religionsfriheten ble brutt<\/p>\n<p class=\"paywall hyperion-css-1j42uic\">I h\u00f8st anklaget Trump Nigeria for \u00e5 bryte religionsfriheten. Han sa at kristne st\u00e5r i fare i landet, skriver CNN.<\/p>\n<p class=\"paywall hyperion-css-1j42uic\">Han kalte Nigeria et \u00abland av s\u00e6rlig bekymring\u00bb etter den internasjonal <a aria-label=\"loven\" class=\"default hyperion-css-1raymq9\" href=\"https:\/\/www.state.gov\/frequently-asked-questions-irf-report-and-countries-of-particular-concern\" target=\"_blank\" rel=\"noopener nofollow noreferrer\" data-test-tag=\"external-link\">loven<\/a> om religionsfrihet.<\/p>\n<p class=\"paywall hyperion-css-1j42uic\">Det betyr at USA mener myndighetene enten har st\u00e5tt bak eller latt v\u00e6re \u00e5 stoppe alvorlige og gjentatte brudd p\u00e5 religionsfriheten.<\/p>\n","protected":false},"excerpt":{"rendered":"USA angrep Nigeria etter ordre fra president Donald Trump. Landets myndigheter bekrefter at flere IS-medlemmer er drept. Donald&hellip;\n","protected":false},"author":2,"featured_media":122028,"comment_status":"","ping_status":"","sticky":false,"template":"","format":"standard","meta":{"footnotes":""},"categories":[5],"tags":[20,21,24,25,15,19,22,23,17,18,13,30,28,29,14,16,26,27],"class_list":{"0":"post-122027","1":"post","2":"type-post","3":"status-publish","4":"format-standard","5":"has-post-thumbnail","7":"category-overskrifter","8":"tag-breaking-news","9":"tag-breakingnews","10":"tag-featured-news","11":"tag-featurednews","12":"tag-headlines","13":"tag-hovedoppslag","14":"tag-latest-news","15":"tag-latestnews","16":"tag-main-news","17":"tag-mainnews","18":"tag-news","19":"tag-no","20":"tag-norge","21":"tag-norway","22":"tag-nyheter","23":"tag-overskrifter","24":"tag-top-stories","25":"tag-topstories"},"share_on_mastodon":{"url":"https:\/\/pubeurope.com\/@no\/115784999652314959","error":""},"_links":{"self":[{"href":"https:\/\/www.europesays.com\/no\/wp-json\/wp\/v2\/posts\/122027","targetHints":{"allow":["GET"]}}],"collection":[{"href":"https:\/\/www.europesays.com\/no\/wp-json\/wp\/v2\/posts"}],"about":[{"href":"https:\/\/www.europesays.com\/no\/wp-json\/wp\/v2\/types\/post"}],"author":[{"embeddable":true,"href":"https:\/\/www.europesays.com\/no\/wp-json\/wp\/v2\/users\/2"}],"replies":[{"embeddable":true,"href":"https:\/\/www.europesays.com\/no\/wp-json\/wp\/v2\/comments?post=122027"}],"version-history":[{"count":0,"href":"https:\/\/www.europesays.com\/no\/wp-json\/wp\/v2\/posts\/122027\/revisions"}],"wp:featuredmedia":[{"embeddable":true,"href":"https:\/\/www.europesays.com\/no\/wp-json\/wp\/v2\/media\/122028"}],"wp:attachment":[{"href":"https:\/\/www.europesays.com\/no\/wp-json\/wp\/v2\/media?parent=122027"}],"wp:term":[{"taxonomy":"category","embeddable":true,"href":"https:\/\/www.europesays.com\/no\/wp-json\/wp\/v2\/categories?post=122027"},{"taxonomy":"post_tag","embeddable":true,"href":"https:\/\/www.europesays.com\/no\/wp-json\/wp\/v2\/tags?post=122027"}],"curies":[{"name":"wp","href":"https:\/\/api.w.org\/{rel}","templated":true}]}}