{"id":122036,"date":"2025-12-26T09:07:09","date_gmt":"2025-12-26T09:07:09","guid":{"rendered":"https:\/\/www.europesays.com\/no\/122036\/"},"modified":"2025-12-26T09:07:09","modified_gmt":"2025-12-26T09:07:09","slug":"god-morgen-salten-uvaer-pa-vei-avisa-nordland","status":"publish","type":"post","link":"https:\/\/www.europesays.com\/no\/122036\/","title":{"rendered":"God morgen, Salten! Uv\u00e6r p\u00e5 vei &#8211; Avisa Nordland"},"content":{"rendered":"<ol>\n<li><a href=\"https:\/\/news.google.com\/rss\/articles\/CBMibkFVX3lxTE00MHdDYVJtOVIwTEQtdmRPeWRidEtpd3VERmtMSFhHdmNjQmlIWlAwckJCUzdjdjhSaWhITVdSRm9mRHZpMnhwX2h6SHBvdkEwUHNDbnkyUU9qM2NtWkczS1FHSGxidFlsQlU5SW1n?oc=5\" target=\"_blank\" rel=\"nofollow noopener\">God morgen, Salten! Uv\u00e6r p\u00e5 vei<\/a>&nbsp;&nbsp;Avisa Nordland<\/li>\n<li><a href=\"https:\/\/news.google.com\/rss\/articles\/CBMi2gFBVV95cUxPdWJxZkluV1VzdFZtczNuc3FFMXFCU0M2YXp2RVZwd0NVc0UzM2w0SVRkWWxBVklmLVY4ZVcyQ2NxX0NNT28wUFg2UE8xVWFSdzl6VXowZUJyMTdoQTROWHE2bWdYb3Y3UFVHdFRPRU5EOHNncXJyX0JwbkJEMUZpNUZkTklRLXp0V2tkbW9LX3JWd3AtWDVNejBVNFk5NDlMZGJlYXRXSWpIRHVUUm1iU1NoT21jSlhZZkE3S0h3X3J5Vkg5M083My1vTWVEY3AzdTkxdDNqek9xZw?oc=5\" target=\"_blank\" rel=\"nofollow noopener\">Meteorologisk institutt sender ut oransje farevarsel for sv\u00e6rt kraftige vindkast for Nord-Norge<\/a>&nbsp;&nbsp;NRK<\/li>\n<li><a href=\"https:\/\/news.google.com\/rss\/articles\/CBMifEFVX3lxTE9GOFV0TzlsSF8waGxVTEhCOFJBaEU5MW1mR0FGOEpSR0VDdk1OdkhIbnVrclpLdFNPWFNReTJSdzM2Z2ZZSnJmZ1FEb0FPSzQxdE9IRHU3LTBTUlR6QmNITGRRZ21RYS0xLXJ3UUJOa2plQVlPdFZZMTFNMkQ?oc=5\" target=\"_blank\" rel=\"nofollow noopener\">Uv\u00e6r, V\u00e6r | Kraftig storm p\u00e5 vei: \u2013 Kan bli orkan<\/a>&nbsp;&nbsp;Nordlys<\/li>\n<li><a href=\"https:\/\/news.google.com\/rss\/articles\/CBMijgFBVV95cUxNLWFBMUNXY3l6WGdueVJOaXBtRVMzTk5Udl9SNk1GWDhIMjhpZ3JVY1NjblU2TUo2d2J4bkZ6YmphSlI1RDAyTW1wcS1MdWhvdjRTQWRxNnQ3RUdiaWJJXzJDSEdIUFJBU0sxUUFlQVp0WmsxSlI2WlZ5RHZvRmE0azF2dlhBaTVKb0hiZGNn?oc=5\" target=\"_blank\" rel=\"nofollow noopener\">\u2013 Vil merkes i hele Tr\u00f8ndelag<\/a>&nbsp;&nbsp;adressa.no<\/li>\n<li><a href=\"https:\/\/news.google.com\/rss\/articles\/CBMihgFBVV95cUxQU1hzMnV6SF9aOVZqMTgtNlFxYmNFX1UzTzRNOWEyQ21sTzZWQjdaUFJLb2lsdm9XMWp4T0QyYmxHQ2pEU2I5eC1lc1VIREVRZElWc1hUUzZsUEd1Qlg0S3V4THIwdDBZMnV2ZGV4ZDdrTGh2MHVCNm0xZG1TYWhBUUluS3duZw?oc=5\" target=\"_blank\" rel=\"nofollow noopener\">(+) Oransje farevarsel: &#8211; kan hende det blir orkan<\/a>&nbsp;&nbsp;vol.no<\/li>\n<\/ol>\n","protected":false},"excerpt":{"rendered":"God morgen, Salten! Uv\u00e6r p\u00e5 vei&nbsp;&nbsp;Avisa Nordland Meteorologisk institutt sender ut oransje farevarsel for sv\u00e6rt kraftige vindkast for&hellip;\n","protected":false},"author":2,"featured_media":122037,"comment_status":"","ping_status":"","sticky":false,"template":"","format":"standard","meta":{"footnotes":""},"categories":[10],"tags":[36,14483,1525,20,21,8370,24,25,797,6591,15,22,23,4188,13,30,28,29,14,16,664,798,833,1510,26,27,224,553],"class_list":{"0":"post-122036","1":"post","2":"type-post","3":"status-publish","4":"format-standard","5":"has-post-thumbnail","7":"category-norge","8":"tag-art","9":"tag-beiarn","10":"tag-bodo","11":"tag-breaking-news","12":"tag-breakingnews","13":"tag-fauske","14":"tag-featured-news","15":"tag-featurednews","16":"tag-god-morgen","17":"tag-hamaroy","18":"tag-headlines","19":"tag-latest-news","20":"tag-latestnews","21":"tag-meloy","22":"tag-news","23":"tag-no","24":"tag-norge","25":"tag-norway","26":"tag-nyheter","27":"tag-overskrifter","28":"tag-saltdal","29":"tag-salten","30":"tag-sorfold","31":"tag-story","32":"tag-top-stories","33":"tag-topstories","34":"tag-trafikk","35":"tag-vaer"},"share_on_mastodon":{"url":"https:\/\/pubeurope.com\/@no\/115785082011482625","error":""},"_links":{"self":[{"href":"https:\/\/www.europesays.com\/no\/wp-json\/wp\/v2\/posts\/122036","targetHints":{"allow":["GET"]}}],"collection":[{"href":"https:\/\/www.europesays.com\/no\/wp-json\/wp\/v2\/posts"}],"about":[{"href":"https:\/\/www.europesays.com\/no\/wp-json\/wp\/v2\/types\/post"}],"author":[{"embeddable":true,"href":"https:\/\/www.europesays.com\/no\/wp-json\/wp\/v2\/users\/2"}],"replies":[{"embeddable":true,"href":"https:\/\/www.europesays.com\/no\/wp-json\/wp\/v2\/comments?post=122036"}],"version-history":[{"count":0,"href":"https:\/\/www.europesays.com\/no\/wp-json\/wp\/v2\/posts\/122036\/revisions"}],"wp:featuredmedia":[{"embeddable":true,"href":"https:\/\/www.europesays.com\/no\/wp-json\/wp\/v2\/media\/122037"}],"wp:attachment":[{"href":"https:\/\/www.europesays.com\/no\/wp-json\/wp\/v2\/media?parent=122036"}],"wp:term":[{"taxonomy":"category","embeddable":true,"href":"https:\/\/www.europesays.com\/no\/wp-json\/wp\/v2\/categories?post=122036"},{"taxonomy":"post_tag","embeddable":true,"href":"https:\/\/www.europesays.com\/no\/wp-json\/wp\/v2\/tags?post=122036"}],"curies":[{"name":"wp","href":"https:\/\/api.w.org\/{rel}","templated":true}]}}