{"id":122038,"date":"2025-12-26T09:10:24","date_gmt":"2025-12-26T09:10:24","guid":{"rendered":"https:\/\/www.europesays.com\/no\/122038\/"},"modified":"2025-12-26T09:10:24","modified_gmt":"2025-12-26T09:10:24","slug":"kultur-hver-gang-vi-motes","status":"publish","type":"post","link":"https:\/\/www.europesays.com\/no\/122038\/","title":{"rendered":"Kultur, Hver gang vi m\u00f8tes"},"content":{"rendered":"\n<p>\u2013 Da jeg fikk vite at det ikke skulle v\u00e6re p\u00e5 Kjerring\u00f8y i \u00e5r, ble jeg litt skuffa. Jeg har aldri v\u00e6rt der og hadde gledet meg. Men Thorbj\u00f8rnrud var helt vidunderlig. For en nydelig plass, sier Herborg Kr\u00e5kevik.<\/p>\n<p>Hun forteller at hun aldri har bes\u00f8kt Hadeland f\u00f8r, men at hun gjerne vil reise tilbake.<\/p>\n<p>\u2013 Jeg har lyst til \u00e5 v\u00e6re der og ha fri, slik at jeg kan f\u00e5 se litt mer. Kanskje jeg tar med familien for \u00e5 vise den til dem.<\/p>\n<p>    Vil du se neste video?<\/p>\n<p>    <a href=\"https:\/\/www.hadeland.no\/bilkortesje-for-frank-tore-bekkasen\/v\/5-21-1436162\" class=\"recommend-poster\" data-adp-clicklabel=\"video-recommend\" data-adp-clickvalue=\"poster\" rel=\"nofollow noopener\" target=\"_blank\"><br \/>\n      <img decoding=\"async\" width=\"200\" height=\"200\" loading=\"lazy\" src=\"https:\/\/www.europesays.com\/no\/wp-content\/uploads\/2025\/12\/v-i-ec389ffc-9fab-4360-8687-8907c6bcb691-1.jpg\" alt=\"\" class=\"brick-c-cFOWSL\" style=\"--brick-image-ratio: 200 \/ 200;\"\/><\/p>\n<p>Bilkortesje for Frank Tore Bekk\u00e5sen5:59<\/p>\n<p>    <\/a><\/p>\n<p>        Herborg Kr\u00e5kevik trivdes godt p\u00e5 Hadeland under innspillingen, og kommer gjerne tilbake.<br \/>\n        \u2013 Jeg kan anbefale alle \u00e5 bo der<\/p>\n<p>\u2013 Det var s\u00e5 vakkert, sier hun, og legger til at hun syntes det var leit at de ikke fikk mer tid til \u00e5 utforske omr\u00e5det. Innspillingen av Hver gang vi m\u00f8tes fant sted i h\u00f8st, p\u00e5 Thorbj\u00f8rnrud hotell Jevnaker.<\/p>\n<p>   <img decoding=\"async\" width=\"8256\" height=\"5504\" fetchpriority=\"low\"  loading=\"lazy\"  src=\"https:\/\/www.europesays.com\/no\/wp-content\/uploads\/2025\/12\/_DSC6702.jpg\" alt=\"\" class=\"brick-c-cFOWSL\" style=\"--brick-image-ratio: 8256 \/ 5504;\"\/><\/p>\n<p>      UTE: Herborg Kr\u00e5kevik var spesielt imponert over omgivelsene rundt Thorbj\u00f8rnrud.<br \/>\n      Foto: Vegard Breie\n    <\/p>\n<p>\u2013 Jeg hadde en halv dag fri og gikk en tur i omr\u00e5det. Det var veldig stas. Hotellet var ogs\u00e5 fantastisk. Det var ny\u00e5pnet, og de som jobbet der var utrolig vennlige og hjelpsomme. Jeg kan anbefale alle \u00e5 bo der.<\/p>\n<p>Marit Larsen trivdes ogs\u00e5 godt p\u00e5 Jevnaker.<\/p>\n<p>\u2013 Vi hadde det s\u00e5 fint p\u00e5 Thorbj\u00f8rnrud, med skikkelig idyll rett utenfor d\u00f8ra. Vi skulle jo v\u00e6re der i 13 dager, og det var fint \u00e5 kunne snike seg ned til vannet, eller g\u00e5 en tur i den fine hagen og oransjeriet.<\/p>\n<p>   <img decoding=\"async\" width=\"4032\" height=\"3024\" fetchpriority=\"low\"  loading=\"lazy\"  src=\"https:\/\/www.europesays.com\/no\/wp-content\/uploads\/2025\/12\/image_9FF46454-E77B-454E-A080-E83C1DC91F48_1765903249.jpeg\" alt=\"\" class=\"brick-c-cFOWSL\" style=\"--brick-image-ratio: 4032 \/ 3024;\"\/><\/p>\n<p>      TRAVELT: Selv om det var lange dager med innspilling, fikk Marit Larsen tid til \u00e5 se seg rundt p\u00e5 Jevnaker, og trivdes godt i omgivelsene.<br \/>\n      Foto: Mari Volden\n    <\/p>\n<p>    Vil du se neste video?<\/p>\n<p>    <a href=\"https:\/\/www.hadeland.no\/bilkortesje-for-frank-tore-bekkasen\/v\/5-21-1436162\" class=\"recommend-poster\" data-adp-clicklabel=\"video-recommend\" data-adp-clickvalue=\"poster\" rel=\"nofollow noopener\" target=\"_blank\"><br \/>\n      <img decoding=\"async\" width=\"200\" height=\"200\" loading=\"lazy\" src=\"https:\/\/www.europesays.com\/no\/wp-content\/uploads\/2025\/12\/v-i-ec389ffc-9fab-4360-8687-8907c6bcb691-1.jpg\" alt=\"\" class=\"brick-c-cFOWSL\" style=\"--brick-image-ratio: 200 \/ 200;\"\/><\/p>\n<p>Bilkortesje for Frank Tore Bekk\u00e5sen5:59<\/p>\n<p>    <\/a><\/p>\n<p>        Marit Larsen n\u00f8t utsikten og omgivelsene rundt Thorbj\u00f8rnrud under innspillingen av Hver gang vi m\u00f8tes.<br \/>\n        En variert gjeng<\/p>\n<p>Begge er enige om at artistene i \u00e5rets sesong gir en god variasjon.<\/p>\n<p>\u2013 Jeg tror vi var veldig heldige som hadde en st\u00f8ttende og trygg gjeng. Jeg ble glad i dem alle sammen, sier Herborg Kr\u00e5kevik.<\/p>\n<p>   <img decoding=\"async\" width=\"5712\" height=\"4284\" fetchpriority=\"low\"  loading=\"lazy\"  src=\"https:\/\/www.europesays.com\/no\/wp-content\/uploads\/2025\/12\/image_39D50D7A-30DD-47D7-A4CE-A1863FE4AA03_1765903249.jpeg\" alt=\"\" class=\"brick-c-cFOWSL\" style=\"--brick-image-ratio: 5712 \/ 4284;\"\/><\/p>\n<p>      VARIERT: Samtlige artister skryter av \u00e5rets casting, og mener det er en variert gjeng artister. Fra venstre: Marit Larsen, Synne Vo, Andr\u00e9 Jensen, Martinus Gunnarsen, Herborg Kr\u00e5kevik, Musti, Espen Lind og Marcus Gunnarsen.<br \/>\n      Foto: Mari Volden\n    <\/p>\n<p>\u2013 Det var en utrolig fin gjeng, og vi ble fort sammensveiset. Alle var flinke til \u00e5 v\u00e6re til stede, og lot hektiske liv utenfor forbli der, sier Marit Larsen.<\/p>\n<p>   <img decoding=\"async\" width=\"8256\" height=\"5504\" fetchpriority=\"low\"  loading=\"lazy\"  src=\"https:\/\/www.europesays.com\/no\/wp-content\/uploads\/2025\/12\/_DSC1429.jpg\" alt=\"\" class=\"brick-c-cFOWSL\" style=\"--brick-image-ratio: 8256 \/ 5504;\"\/><\/p>\n<p>      ARTIST: Marit Larsen har allerede mange \u00e5r bak seg som artist, og var spent p\u00e5 \u00e5 h\u00f8re de andre tolke hennes sanger.<br \/>\n      Foto: Vegard Breie\n    <\/p>\n<p>Herborg var spesielt overrasket over \u00e9n av deltakerne.<\/p>\n<p>\u2013 Jeg var spent p\u00e5 \u00e5 m\u00f8te dem jeg kjente minst. Marit og Espen har jeg fulgt litt med p\u00e5, siden vi har v\u00e6rt i bransjen omtrent samtidig. Det jeg kanskje var minst forberedt p\u00e5, var hvor mye Andr\u00e9 og jeg hadde til felles. N\u00e5r jeg har h\u00f8rt p\u00e5 Hagle, har jeg tenkt: \u00abHerregud, hva skal jeg finne p\u00e5 her?\u00bb Men jeg fant ut at han er et s\u00e5 mangsidig menneske, og ble skikkelig imponert.<\/p>\n<p>3. januar er det premiere p\u00e5 den nye sesongen.<\/p>\n<p>   <img decoding=\"async\" width=\"6726\" height=\"4484\" fetchpriority=\"low\"  loading=\"lazy\"  src=\"https:\/\/www.europesays.com\/no\/wp-content\/uploads\/2025\/12\/_DSC8762.jpg\" alt=\"\" class=\"brick-c-cFOWSL\" style=\"--brick-image-ratio: 6726 \/ 4484;\"\/><\/p>\n<p>      JEVNAKER: Deltakerne i Hver gang vi m\u00f8tes p\u00e5 Thorbj\u00f8rnrud. Bak fra venstre: Synne Vo, Espen Lind, Musti, Andr\u00e9 Jensen og Marcus Gunnarsen. Foran fra venstre: Herborg Kr\u00e5kevik, Marit Larsen og Marcus Gunnarsen.<br \/>\n      Foto: Vegard Breie\n    <\/p>\n","protected":false},"excerpt":{"rendered":"\u2013 Da jeg fikk vite at det ikke skulle v\u00e6re p\u00e5 Kjerring\u00f8y i \u00e5r, ble jeg litt skuffa.&hellip;\n","protected":false},"author":2,"featured_media":122039,"comment_status":"","ping_status":"","sticky":false,"template":"","format":"standard","meta":{"footnotes":""},"categories":[58],"tags":[36,71,3445,1972,410,30,28,29,1510,14484,72],"class_list":{"0":"post-122038","1":"post","2":"type-post","3":"status-publish","4":"format-standard","5":"has-post-thumbnail","7":"category-underholdning","8":"tag-art","9":"tag-entertainment","10":"tag-hver-gang-vi-motes","11":"tag-jevnaker","12":"tag-kultur","13":"tag-no","14":"tag-norge","15":"tag-norway","16":"tag-story","17":"tag-thorbjornrud-hotell","18":"tag-underholdning"},"share_on_mastodon":{"url":"https:\/\/pubeurope.com\/@no\/115785094223349127","error":""},"_links":{"self":[{"href":"https:\/\/www.europesays.com\/no\/wp-json\/wp\/v2\/posts\/122038","targetHints":{"allow":["GET"]}}],"collection":[{"href":"https:\/\/www.europesays.com\/no\/wp-json\/wp\/v2\/posts"}],"about":[{"href":"https:\/\/www.europesays.com\/no\/wp-json\/wp\/v2\/types\/post"}],"author":[{"embeddable":true,"href":"https:\/\/www.europesays.com\/no\/wp-json\/wp\/v2\/users\/2"}],"replies":[{"embeddable":true,"href":"https:\/\/www.europesays.com\/no\/wp-json\/wp\/v2\/comments?post=122038"}],"version-history":[{"count":0,"href":"https:\/\/www.europesays.com\/no\/wp-json\/wp\/v2\/posts\/122038\/revisions"}],"wp:featuredmedia":[{"embeddable":true,"href":"https:\/\/www.europesays.com\/no\/wp-json\/wp\/v2\/media\/122039"}],"wp:attachment":[{"href":"https:\/\/www.europesays.com\/no\/wp-json\/wp\/v2\/media?parent=122038"}],"wp:term":[{"taxonomy":"category","embeddable":true,"href":"https:\/\/www.europesays.com\/no\/wp-json\/wp\/v2\/categories?post=122038"},{"taxonomy":"post_tag","embeddable":true,"href":"https:\/\/www.europesays.com\/no\/wp-json\/wp\/v2\/tags?post=122038"}],"curies":[{"name":"wp","href":"https:\/\/api.w.org\/{rel}","templated":true}]}}