{"id":122042,"date":"2025-12-26T09:17:28","date_gmt":"2025-12-26T09:17:28","guid":{"rendered":"https:\/\/www.europesays.com\/no\/122042\/"},"modified":"2025-12-26T09:17:28","modified_gmt":"2025-12-26T09:17:28","slug":"wenche-myhre-tok-et-siste-farvel-med-broren-reidar-myhre","status":"publish","type":"post","link":"https:\/\/www.europesays.com\/no\/122042\/","title":{"rendered":"Wenche Myhre tok et siste farvel med broren Reidar Myhre"},"content":{"rendered":"<p class=\"kicker \" style=\"\">Wenche Myhre\u00a0<\/p>\n<p>  Samholdet i familien betyr alt for<br \/>\nWenche Myhre i tiden etter at hennes kj\u00e6re<br \/>\nbror gikk bort.<\/p>\n<p>\n    R\u00d8DE ROSER: Wenche<br \/>\nMyhre legger blomster p\u00e5 b\u00e5ren til broren Reidar Armann<br \/>\nMyhre, f\u00f8r kisten kj\u00f8res bort. Foto: Andreas Fadum\n  <\/p>\n<p>Dr\u00f8bak kirke var fylt til siste plass da venner og familie var til stede i gravferden til Reidar Armann Myhre.<\/p>\n<p>    <a itemprop=\"url\" href=\"https:\/\/www.seher.no\/kjendis\/tok-farvel-med-vennen\/83861910\" rel=\"nofollow noopener\" target=\"_blank\"><\/p>\n<p>        <img loading=\"lazy\" decoding=\"async\" src=\"https:\/\/www.europesays.com\/no\/wp-content\/uploads\/2025\/12\/1766740629_689_83861922.webp\" width=\"147\" height=\"100\" title=\"Tok farvel med vennen\" alt=\"\" class=\"lazyload\" style=\"--aspect-ratio-image: 1.47; \"\/><\/p>\n<p>        Tok farvel med vennen<\/p>\n<p>    <\/a><\/p>\n<p>Den anerkjente musikeren sovnet inn hjemme i Dr\u00f8bak 25. oktober, 80 \u00e5r gammel. Selv om han den siste tiden hadde slitt med hjerte- og lungesykdom, kom d\u00f8dsfallet uventet p\u00e5 hans n\u00e6rmeste.<\/p>\n<p>11. november ble han stedt til hvile, og seremonien bar preg av musikk som sto sentralt i hans liv.<\/p>\n<p>        <img loading=\"lazy\" decoding=\"async\" src=\"https:\/\/www.europesays.com\/no\/wp-content\/uploads\/2025\/12\/83997277.webp\" width=\"667\" height=\"507\" title=\"SAMMEN P\u00c5 SCENEN: I Drammen Teater var Reidar&#10;med p\u00e5 Wenches suksessforestilling \u00ab66\u00bb. Foto: Werner Juvik\" alt=\"\" class=\"\" style=\"--aspect-ratio-image: 1.32; \"\/><\/p>\n<p>\n        SAMMEN P\u00c5 SCENEN: I Drammen Teater var Reidar<br \/>\nmed p\u00e5 Wenches suksessforestilling \u00ab66\u00bb. Foto: Werner Juvik\n    <\/p>\n<p>Reidars lilles\u00f8ster Wenche Myhre (78) var naturlig nok p\u00e5 plass sammen med sin Anders Eljas (72) \u2013 omgitt av hele deres familie, som med tiden teller mange.<\/p>\n<p>Wenche hadde selskap av datteren Fam Friis Andersson (50), hennes ektemann Marcus Friis Andersson (48) og deres s\u00f8nn Gilles (20), som hadde tatt turen fra Sverige.<\/p>\n<p>        <img loading=\"lazy\" decoding=\"async\" src=\"https:\/\/www.europesays.com\/no\/wp-content\/uploads\/2025\/12\/83997270.webp\" width=\"686\" height=\"460\" title=\"VAKKER KIRKE:&#10;Gravferden fant sted&#10;fra Dr\u00f8bak kirke. Foto: Andreas Fadum\" alt=\"\" class=\"\" style=\"--aspect-ratio-image: 1.49; \"\/><\/p>\n<p>\n        VAKKER KIRKE:<br \/>\nGravferden fant sted<br \/>\nfra Dr\u00f8bak kirke. Foto: Andreas Fadum\n    <\/p>\n<p>Ogs\u00e5 s\u00f8nnene hadde tatt turen: Dan Friis M\u00f8ller (51), Kim Friis-M\u00f8ller (53) og Michael Pfleghar jr. (43) \u2013 de to sistnevnte med sine respektive: Katinka og Helene. For Wenche er ingenting viktigere enn familien. <\/p>\n<p>Faktisk bor hun og s\u00f8nnene p\u00e5 Nes\u00f8ya. Veien til bestemor er kort for barn og barnebarn &#8211; noe Wenche setter stor pris p\u00e5. At familien har s\u00e5 stor plass i hjertet, er noe hun har hatt med seg helt siden hun og broren var sm\u00e5.<\/p>\n<p>        <img loading=\"lazy\" decoding=\"async\" src=\"https:\/\/www.europesays.com\/no\/wp-content\/uploads\/2025\/12\/83997258.webp\" width=\"667\" height=\"427\" title=\"SISTE REIS: Wenches tre&#10;s\u00f8nner, Dan, Michael jr. og Kim&#10;var med og bar kisten til sin onkel,&#10;sammen med Reidars familie. Foto: Andreas Fadum\" alt=\"\" class=\"\" style=\"--aspect-ratio-image: 1.56; \"\/><\/p>\n<p>\n        SISTE REIS: Wenches tre<br \/>\ns\u00f8nner, Dan, Michael jr. og Kim<br \/>\nvar med og bar kisten til sin onkel,<br \/>\nsammen med Reidars familie. Foto: Andreas Fadum\n    <\/p>\n<p class=\"font-weight-bold m-font-weight-bold\" data-lab-font_weight=\"font-weight-bold\">&#8211; Reidar og jeg fikk oppleve s\u00e5 mye sammen, helt fra barndommen. Jeg f\u00f8lte at vi var kjemperike siden det var musikk og latter hele tiden. Det var f\u00f8rst etterp\u00e5 at jeg forsto at mor og far ikke hadde s\u00e5 mye penger, men det betydde lite for oss i oppveksten. Vi lo og hadde det s\u00e5 veldig fint, forteller Wenche til Se og H\u00f8r.<\/p>\n<p>    <a itemprop=\"url\" href=\"https:\/\/www.seher.no\/kongelig\/tok-farvel-med-bestevenninnen\/83823479\" rel=\"nofollow noopener\" target=\"_blank\"><\/p>\n<p>        <img loading=\"lazy\" decoding=\"async\" src=\"https:\/\/www.europesays.com\/no\/wp-content\/uploads\/2025\/12\/1766740635_75_83823511.webp\" width=\"147\" height=\"98\" title=\"Tok farvel med bestevenninnen\" alt=\"\" class=\"lazyload\" style=\"--aspect-ratio-image: 1.50; \"\/><\/p>\n<p>        Tok farvel med bestevenninnen<\/p>\n<p>    <\/a><\/p>\n<p>Det er naturlig \u00e5 se seg tilbake i en slik stund. Tapet av broren er et t\u00f8ft slag, selv om han var syk den siste tiden av sitt liv.<\/p>\n<p>&#8211; Det siste \u00e5ret var han sv\u00e6rt redusert, forteller hun noen dager etter seremonien i Dr\u00f8bak kirke.<\/p>\n<p>        <img loading=\"lazy\" decoding=\"async\" src=\"https:\/\/www.europesays.com\/no\/wp-content\/uploads\/2025\/12\/83997262.webp\" width=\"559\" height=\"470\" title=\"S\u00c5RT SAVN: Kampen&#10;Janitsjarorkester spiller opp,&#10;mens Wenche Myhre og hennes samboer Anders Eljas er&#10;p\u00e5 vei ut for et siste farvel. Foto: Andreas Fadum\" alt=\"\" class=\"\" style=\"--aspect-ratio-image: 1.19; \"\/><\/p>\n<p>\n        S\u00c5RT SAVN: Kampen<br \/>\nJanitsjarorkester spiller opp,<br \/>\nmens Wenche Myhre og hennes samboer Anders Eljas er<br \/>\np\u00e5 vei ut for et siste farvel. Foto: Andreas Fadum\n    <\/p>\n<p>Sammen med storebroren vokste hun opp i en musikalsk familie p\u00e5 Grefsen i hovedstaden.<\/p>\n<p>&#8211; Vi ble veldig sosiale, siden vi var \u00abbackstage\u00bb blant musikere og andre. Pappa hadde to jobber p\u00e5 den tiden. Han jobbet som bussj\u00e5f\u00f8r i Sporveien, og om kvelden spilte han rundt omkring, forteller Wenche om barndommen.<\/p>\n<p>        <img loading=\"lazy\" decoding=\"async\" src=\"https:\/\/www.europesays.com\/no\/wp-content\/uploads\/2025\/12\/83997266.webp\" width=\"559\" height=\"459\" title=\"VERDIG AVSKJED: Gravferden var helt i Reidars \u00e5nd, noe Wenche&#10;Myhre og samboer Anders Eljas satte stor pris p\u00e5. Foto: Andreas Fadum\" alt=\"\" class=\"\" style=\"--aspect-ratio-image: 1.22; \"\/><\/p>\n<p>\n        VERDIG AVSKJED: Gravferden var helt i Reidars \u00e5nd, noe Wenche<br \/>\nMyhre og samboer Anders Eljas satte stor pris p\u00e5. Foto: Andreas Fadum\n    <\/p>\n<p>Med tid og stunder ble hun en verdenskjent sangstjerne, mens storebroren ble en av v\u00e5re mest anerkjente saksofonister.<\/p>\n<p>Helt fra barnsben av var de med opp p\u00e5 scenen med familien. Som syv\u00e5ring debuterte Reidar som betalt musiker. Han fikk ti kroner for \u00e5 spille \u00abStardust\u00bb p\u00e5 klarinett!<\/p>\n<p>    <a itemprop=\"url\" href=\"https:\/\/www.seher.no\/kjendis\/raus-snill-og-morsom\/83367512\" rel=\"nofollow noopener\" target=\"_blank\"><\/p>\n<p>        <img loading=\"lazy\" decoding=\"async\" src=\"https:\/\/www.europesays.com\/no\/wp-content\/uploads\/2025\/12\/83367532.webp\" width=\"980\" height=\"441\" title=\"- Raus, snill og morsom\" alt=\"\" class=\"lazyload\" style=\"--aspect-ratio-image: 2.22; \"\/><\/p>\n<p>        &#8211; Raus, snill og morsom<\/p>\n<p>    <\/a><\/p>\n<p>Lilles\u00f8steren var ogs\u00e5 en ung pike da hun opptr\u00e5dte f\u00f8rste gang. I 1954, da hun var sju \u00e5r, var hun blikkfanget p\u00e5 scenen, og ble backet av sin egen far og storebroren.<\/p>\n<p>        <img loading=\"lazy\" decoding=\"async\" src=\"https:\/\/www.europesays.com\/no\/wp-content\/uploads\/2025\/12\/83997267.webp\" width=\"686\" height=\"906\" title=\"TAKK TIL ONKEL: Wenche Myhres datter&#10;Fam Friis Andersson og hennes svenske ektemann&#10;Marcus Friis Andersson ankommer kirken i forkant&#10;av seremonien. Foto: Andreas Fadum\" alt=\"\" class=\"\" style=\"--aspect-ratio-image: 0.76; \"\/><\/p>\n<p>\n        TAKK TIL ONKEL: Wenche Myhres datter<br \/>\nFam Friis Andersson og hennes svenske ektemann<br \/>\nMarcus Friis Andersson ankommer kirken i forkant<br \/>\nav seremonien. Foto: Andreas Fadum\n    <\/p>\n<p>Wenche er takknemlig for at familien har s\u00e5 sterkt samhold. De har fulgt hverandre tett, helt siden de var sm\u00e5.<\/p>\n<p>&#8211; Reidar var den f\u00f8rste som fikk barn, og vi fikk veldig tette b\u00e5nd til hans familie. Vi har hatt mange selskaper og hygget oss, forteller hun, og tenker p\u00e5 samv\u00e6ret med Reidars kone Ellen, de to voksne barna Nina og Frank \u2013 og senere barnebarn og oldebarn.<\/p>\n<p>        <img loading=\"lazy\" decoding=\"async\" src=\"https:\/\/www.europesays.com\/no\/wp-content\/uploads\/2025\/12\/83997268.webp\" width=\"559\" height=\"582\" title=\"SISTE FARVEL:&#10;Sangstjernen Stein&#10;Ingebrigtsen (80) og&#10;hans kone Inger (74) var&#10;p\u00e5 plass for \u00e5 ta farvel&#10;med en god venn. Foto: Andreas Fadum\" alt=\"\" class=\"\" style=\"--aspect-ratio-image: 0.96; \"\/><\/p>\n<p>\n        SISTE FARVEL:<br \/>\nSangstjernen Stein<br \/>\nIngebrigtsen (80) og<br \/>\nhans kone Inger (74) var<br \/>\np\u00e5 plass for \u00e5 ta farvel<br \/>\nmed en god venn. Foto: Andreas Fadum\n    <\/p>\n<p>I likhet med broren arvet Wenche ikke bare det musikalske, men ogs\u00e5 humoren fra foreldrene.<\/p>\n<p>&#8211; Reidar var en utrolig morsom fyr. Hvis du kom inn i et rom med unger og bikkjer, s\u00e5 kom alle barna og hundene bort til ham. Han utstr\u00e5lte en egen godhet, p\u00e5peker hun.<\/p>\n<p>        <img loading=\"lazy\" decoding=\"async\" src=\"https:\/\/www.europesays.com\/no\/wp-content\/uploads\/2025\/12\/83997269.webp\" width=\"559\" height=\"660\" title=\"SORG OG SAVN: Wenche Myhres s\u00f8nn,&#10;Kim Friis-M\u00f8ller p\u00e5 vei ut fra kirken. Til venstre&#10;ser vi hans bror, Michael Pfleghar jr. Foto: Andreas Fadum\" alt=\"\" class=\"\" style=\"--aspect-ratio-image: 0.85; \"\/><\/p>\n<p>\n        SORG OG SAVN: Wenche Myhres s\u00f8nn,<br \/>\nKim Friis-M\u00f8ller p\u00e5 vei ut fra kirken. Til venstre<br \/>\nser vi hans bror, Michael Pfleghar jr. Foto: Andreas Fadum\n    <\/p>\n<p>Wenche pratet med Reidar et par dager f\u00f8r han d\u00f8de, og typisk nok fortalte han en vits som fikk alle til \u00e5 le. <\/p>\n<p>&#8211; Han var utrolig \u2013 og det snilleste og godeste mennesket jeg vet om.<\/p>\n<p>        <img loading=\"lazy\" decoding=\"async\" src=\"https:\/\/www.europesays.com\/no\/wp-content\/uploads\/2025\/12\/83997272.webp\" width=\"559\" height=\"699\" title=\"DET SISTE&#10;BILDET: Wenche&#10;og broren Reidar sto&#10;sammen p\u00e5 scenen&#10;i fjor i Dr\u00f8bak. Det&#10;var som alltid god&#10;stemning. Foto: Jan Willi Talg\u00f8\" alt=\"\" class=\"\" style=\"--aspect-ratio-image: 0.80; \"\/><\/p>\n<p>\n        DET SISTE<br \/>\nBILDET: Wenche<br \/>\nog broren Reidar sto<br \/>\nsammen p\u00e5 scenen<br \/>\ni fjor i Dr\u00f8bak. Det<br \/>\nvar som alltid god<br \/>\nstemning. Foto: Jan Willi Talg\u00f8\n    <\/p>\n<p>P\u00e5 det siste bildet av de to sammen p\u00e5 scenen, tatt av Jan Willi Talg\u00f8, er de p\u00e5 et musikkoppdrag i Dr\u00f8bak. Begge smiler og ler.<\/p>\n<p class=\"font-weight-bold m-font-weight-bold\" data-lab-font_weight=\"font-weight-bold\">&#8211; N\u00e5r jeg ser bildet av ham, husker jeg tilbake p\u00e5 hvor godt vi hadde det. Jeg la armen rundt ham, og vi hadde det s\u00e5 g\u00f8y. Jeg kan fortsatt kjenne sommerduften og n\u00e6rv\u00e6ret til Reidar, forteller Wenche.<\/p>\n<p>        <img loading=\"lazy\" decoding=\"async\" src=\"https:\/\/www.europesays.com\/no\/wp-content\/uploads\/2025\/12\/83997273.webp\" width=\"667\" height=\"487\" title=\"MUSIKK I BLODET: Pappa Kjell,&#10;mamma Reidun, Wenche og Reidar&#10;vokste opp p\u00e5 \u2013 og bak scenen.\" alt=\"\" class=\"\" style=\"--aspect-ratio-image: 1.37; \"\/><\/p>\n<p>\n        MUSIKK I BLODET: Pappa Kjell,<br \/>\nmamma Reidun, Wenche og Reidar<br \/>\nvokste opp p\u00e5 \u2013 og bak scenen.\n    <\/p>\n<p>Til stede i gravferden var musikalske venner, som satte preg p\u00e5 seremonien. Venner fra Kampen Janitsjarorkester, hvor Reidar satte et sterkt preg, spilte da kisten ble b\u00e5ret ut av Wenches tre s\u00f8nner, Reidars svigers\u00f8nn Svein Roald og barnebarna David og Len. <\/p>\n<p>Reidar var ogs\u00e5 kjent gjennom bandet Arman Sumpe Dur Express og Popol Vuh, som var en forl\u00f8per til Popol Ace hvor Jahn Teigen (1949-2020) var frontfigur.<\/p>\n<p>    <a itemprop=\"url\" href=\"https:\/\/www.seher.no\/kjendis\/elsker-deg-for-alltid\/83660048\" rel=\"nofollow noopener\" target=\"_blank\"><\/p>\n<p>        <img loading=\"lazy\" decoding=\"async\" src=\"https:\/\/www.europesays.com\/no\/wp-content\/uploads\/2025\/12\/83660920.webp\" width=\"147\" height=\"98\" title=\"- Elsker deg for alltid\" alt=\"\" class=\"lazyload\" style=\"--aspect-ratio-image: 1.50; \"\/><\/p>\n<p>        &#8211; Elsker deg for alltid<\/p>\n<p>    <\/a><\/p>\n<p>De siste \u00e5rene hadde han ogs\u00e5 sitt eget popul\u00e6re orkester, Reidar Myhres Prima Band.<\/p>\n<p>&#8211; Han hadde en spesiell tone, som var t\u00f8ff og r\u00e5. Jeg har h\u00f8rt ham p\u00e5 jazzkvelder og i begravelser. Hver gang ble jeg bergtatt av s\u00e5rbarheten og uttrykket som ogs\u00e5 forklarte hvordan han var som menneske, forklarer s\u00f8steren Wenche.<\/p>\n<p>        I SORG: \u00abBoksen\u00bb-aktuelle Katarina Flatland \u00e5pner opp om sorgen etter at moren Anne-Lise gikk bort i februar, 67 \u00e5r gammel. <\/p>\n<p>Hun mener at broren hadde alle fasetter, som favnet vidt.<\/p>\n<p>&#8211; Jeg kan bare takke og v\u00e6re glad for at jeg fikk ha en bror som Reidar, sier hun.<\/p>\n","protected":false},"excerpt":{"rendered":"Wenche Myhre\u00a0 Samholdet i familien betyr alt for Wenche Myhre i tiden etter at hennes kj\u00e6re bror gikk&hellip;\n","protected":false},"author":2,"featured_media":122043,"comment_status":"","ping_status":"","sticky":false,"template":"","format":"standard","meta":{"footnotes":""},"categories":[58],"tags":[14488,71,479,30,28,29,10327,72,8088],"class_list":{"0":"post-122042","1":"post","2":"type-post","3":"status-publish","4":"format-standard","5":"has-post-thumbnail","7":"category-underholdning","8":"tag-anders-eljas","9":"tag-entertainment","10":"tag-kjendis","11":"tag-no","12":"tag-norge","13":"tag-norway","14":"tag-reidar-myhre","15":"tag-underholdning","16":"tag-wenche-myhre"},"share_on_mastodon":{"url":"https:\/\/pubeurope.com\/@no\/115785121694379019","error":""},"_links":{"self":[{"href":"https:\/\/www.europesays.com\/no\/wp-json\/wp\/v2\/posts\/122042","targetHints":{"allow":["GET"]}}],"collection":[{"href":"https:\/\/www.europesays.com\/no\/wp-json\/wp\/v2\/posts"}],"about":[{"href":"https:\/\/www.europesays.com\/no\/wp-json\/wp\/v2\/types\/post"}],"author":[{"embeddable":true,"href":"https:\/\/www.europesays.com\/no\/wp-json\/wp\/v2\/users\/2"}],"replies":[{"embeddable":true,"href":"https:\/\/www.europesays.com\/no\/wp-json\/wp\/v2\/comments?post=122042"}],"version-history":[{"count":0,"href":"https:\/\/www.europesays.com\/no\/wp-json\/wp\/v2\/posts\/122042\/revisions"}],"wp:featuredmedia":[{"embeddable":true,"href":"https:\/\/www.europesays.com\/no\/wp-json\/wp\/v2\/media\/122043"}],"wp:attachment":[{"href":"https:\/\/www.europesays.com\/no\/wp-json\/wp\/v2\/media?parent=122042"}],"wp:term":[{"taxonomy":"category","embeddable":true,"href":"https:\/\/www.europesays.com\/no\/wp-json\/wp\/v2\/categories?post=122042"},{"taxonomy":"post_tag","embeddable":true,"href":"https:\/\/www.europesays.com\/no\/wp-json\/wp\/v2\/tags?post=122042"}],"curies":[{"name":"wp","href":"https:\/\/api.w.org\/{rel}","templated":true}]}}