{"id":122046,"date":"2025-12-26T09:23:16","date_gmt":"2025-12-26T09:23:16","guid":{"rendered":"https:\/\/www.europesays.com\/no\/122046\/"},"modified":"2025-12-26T09:23:16","modified_gmt":"2025-12-26T09:23:16","slug":"jordyn-woods-er-forlovet-basketballkjaeresten-fridde-1-juledag","status":"publish","type":"post","link":"https:\/\/www.europesays.com\/no\/122046\/","title":{"rendered":"Jordyn Woods er forlovet: Basketballkj\u00e6resten fridde 1. juledag"},"content":{"rendered":"<p class=\"kicker \" style=\"\">Jordyn Woods og Karl-Anthony Towns:<\/p>\n<p>  Stjerneparet innleder en nytt kapittel etter fem \u00e5r som par.\u00a0<\/p>\n<p>\n    LYKKERUS: Influenser Jordyn Woods og NBA-stjernen Karl-Anthony Towns tok et steg videre i forholdet denne julen. Foto: Skjermbilde fra Instagram\/@jordynwoods\n  <\/p>\n<p id=\"text\" class=\"svelte-1bgec1z\">I samarbeid med<\/p>\n<p>     <img decoding=\"async\" src=\"https:\/\/www.europesays.com\/no\/wp-content\/uploads\/2025\/12\/fishermansFriend.png\" alt=\"kommersiell logo\" class=\"svelte-1bgec1z\"\/>          <\/p>\n<p>Influenser Jordyn Woods (28) fikk en helt spesiell gave denne julen i form av en diamant p\u00e5 ringfingeren.\u00a0NBA-stjernen Karl-Anthony Towns (30) fridde nemlig til influenserkj\u00e6resten 1. juledag.\u00a0<\/p>\n<p>    <a itemprop=\"url\" href=\"https:\/\/www.seher.no\/kjendis\/elsker-deg\/84027766\" rel=\"nofollow noopener\" target=\"_blank\"><\/p>\n<p>        <img loading=\"lazy\" decoding=\"async\" src=\"https:\/\/www.europesays.com\/no\/wp-content\/uploads\/2025\/12\/84027685.webp\" width=\"980\" height=\"441\" title=\"- Elsker deg\" alt=\"\" class=\"lazyload\" style=\"--aspect-ratio-image: 2.22; \"\/><\/p>\n<p>        &#8211; Elsker deg<\/p>\n<p>    <\/a><\/p>\n<p>Paret har v\u00e6rt sammen siden 2020, og m\u00f8ttes gjennom felles venner f\u00f8r de ble kj\u00e6rester under koronapandemien.<\/p>\n<p>&#8211; Covid kom og brakte utfordringer, og det tvang oss til \u00e5 velge hvor forholdet v\u00e5rt skulle fortsette &#8211; som venner eller noe mer. Vi valgte det siste, har Towns tidligere fortalt om starten p\u00e5 forholdet, if\u00f8lge <a href=\"https:\/\/people.com\/karl-anthony-towns-jordyn-woods-engaged-7502934\" rel=\"nofollow noopener\" target=\"_blank\">People<\/a>.<\/p>\n<p>        \u00abSKAL VI DANSE\u00bb: Danseparet bryter ut i latter under intervjuet. Video: Nora Skavhaug\/ R\u00f8d L\u00f8per<\/p>\n<p>N\u00e5 har paret tatt ytterligere et steg videre i forholdet. Frieriet fant sted p\u00e5 en takterrasse i New York etter at basketballlaget hans, New York Knicks, vant over Cleveland Cavaliers p\u00e5 Madison Square Garden.<\/p>\n<p>\u00abMarry Christmas\u00bb, skrev paret p\u00e5 Instagram under bildene som viser frieriet.<\/p>\n<p>        <img loading=\"lazy\" decoding=\"async\" src=\"https:\/\/www.europesays.com\/no\/wp-content\/uploads\/2025\/12\/84028271.webp\" width=\"667\" height=\"888\" title=\"FORLOVET: Woods viste stolt frrm den store diamantringen i solnedgangen. Foto: Skjermbilde fra Instagram\/@jordynwoods\" alt=\"\" class=\"\" style=\"--aspect-ratio-image: 0.75; \"\/><\/p>\n<p>\n        FORLOVET: Woods viste stolt frrm den store diamantringen i solnedgangen. Foto: Skjermbilde fra Instagram\/@jordynwoods\n    <\/p>\n<p>Forholdet har tidligere v\u00e6rt gjennom t\u00f8ffe tider, inkludert da Towns&#8217; mor Jacqueline d\u00f8de i april 2020.\u00a0<\/p>\n<p>Woods har st\u00f8ttet basketballspilleren gjennom vanskelige perioder og er ofte \u00e5 se p\u00e5 tribunen under kampene hans.<\/p>\n<p>    <a itemprop=\"url\" href=\"https:\/\/www.seher.no\/kjendis\/jenteturen-til-helvete-med-kokain-i-kofferten\/84021738\" rel=\"nofollow noopener\" target=\"_blank\"><\/p>\n<p>        <img loading=\"lazy\" decoding=\"async\" src=\"https:\/\/www.europesays.com\/no\/wp-content\/uploads\/2025\/12\/84021064.webp\" width=\"147\" height=\"98\" title=\"Jenteturen til helvete Med kokain i kofferten\" alt=\"\" class=\"lazyload\" style=\"--aspect-ratio-image: 1.50; \"\/><\/p>\n<p>        Jenteturen til helvete Med kokain i kofferten<\/p>\n<p>    <\/a><\/p>\n<p>&#8211; Vennskap og tillit er n\u00f8kkelen. Vi var virkelig gode venner f\u00f8r vi begynte \u00e5 date, og covid ga oss den ledige tiden til virkelig \u00e5 bli kjent med hverandre, sa Woods til <a href=\"https:\/\/people.com\/karl-anthony-towns-jordyn-woods-engaged-7502934\" rel=\"nofollow noopener\" target=\"_blank\">People<\/a> i fjor h\u00f8st.<\/p>\n","protected":false},"excerpt":{"rendered":"Jordyn Woods og Karl-Anthony Towns: Stjerneparet innleder en nytt kapittel etter fem \u00e5r som par.\u00a0 LYKKERUS: Influenser Jordyn&hellip;\n","protected":false},"author":2,"featured_media":122047,"comment_status":"","ping_status":"","sticky":false,"template":"","format":"standard","meta":{"footnotes":""},"categories":[59],"tags":[5365,5429,14489,13395,479,2543,30,28,29,83,82],"class_list":{"0":"post-122046","1":"post","2":"type-post","3":"status-publish","4":"format-standard","5":"has-post-thumbnail","7":"category-sport","8":"tag-forlovet","9":"tag-gladnyhet","10":"tag-jordyn-woods","11":"tag-julaften","12":"tag-kjendis","13":"tag-kjendisdesken","14":"tag-no","15":"tag-norge","16":"tag-norway","17":"tag-sport","18":"tag-sports"},"share_on_mastodon":{"url":"https:\/\/pubeurope.com\/@no\/115785145476571798","error":""},"_links":{"self":[{"href":"https:\/\/www.europesays.com\/no\/wp-json\/wp\/v2\/posts\/122046","targetHints":{"allow":["GET"]}}],"collection":[{"href":"https:\/\/www.europesays.com\/no\/wp-json\/wp\/v2\/posts"}],"about":[{"href":"https:\/\/www.europesays.com\/no\/wp-json\/wp\/v2\/types\/post"}],"author":[{"embeddable":true,"href":"https:\/\/www.europesays.com\/no\/wp-json\/wp\/v2\/users\/2"}],"replies":[{"embeddable":true,"href":"https:\/\/www.europesays.com\/no\/wp-json\/wp\/v2\/comments?post=122046"}],"version-history":[{"count":0,"href":"https:\/\/www.europesays.com\/no\/wp-json\/wp\/v2\/posts\/122046\/revisions"}],"wp:featuredmedia":[{"embeddable":true,"href":"https:\/\/www.europesays.com\/no\/wp-json\/wp\/v2\/media\/122047"}],"wp:attachment":[{"href":"https:\/\/www.europesays.com\/no\/wp-json\/wp\/v2\/media?parent=122046"}],"wp:term":[{"taxonomy":"category","embeddable":true,"href":"https:\/\/www.europesays.com\/no\/wp-json\/wp\/v2\/categories?post=122046"},{"taxonomy":"post_tag","embeddable":true,"href":"https:\/\/www.europesays.com\/no\/wp-json\/wp\/v2\/tags?post=122046"}],"curies":[{"name":"wp","href":"https:\/\/api.w.org\/{rel}","templated":true}]}}