{"id":122050,"date":"2025-12-26T09:28:11","date_gmt":"2025-12-26T09:28:11","guid":{"rendered":"https:\/\/www.europesays.com\/no\/122050\/"},"modified":"2025-12-26T09:28:11","modified_gmt":"2025-12-26T09:28:11","slug":"krim-og-politi-nordfjord-rolege-sogningar-og-troblete-nordfjordingar","status":"publish","type":"post","link":"https:\/\/www.europesays.com\/no\/122050\/","title":{"rendered":"Krim og politi, Nordfjord | Rolege sogningar og tr\u00f8blete nordfjordingar"},"content":{"rendered":"\n<p>I M\u00e5l\u00f8y kom ein politipatrulje over eit trafikkuhell i Sj\u00f8gata like etter klokka tre om natta. Der hadde ein personbil k\u00f8yrd p\u00e5 ein parkert bil. Det var mindre skade p\u00e5 bilane, men politiet fatta mistanke om rus, melder operasjonssentralen til Vest politidistrikt.<\/p>\n<p>Bilf\u00f8raren, ein mann i 60-\u00e5ra, vart teken med lokal legevakt for blodpr\u00f8vetaking. F\u00f8rarkortet beslaglagt og sak oppretta.<\/p>\n<p>Tidlegare p\u00e5 natt var det slagsm\u00e5l mellom to menn i 20 og 30-\u00e5ra, ogs\u00e5 det i Kinn. <\/p>\n<p>Ingen av dei vart skadde og ingen ville melde den andre. Begge to fekk derimot marsjordre fr\u00e5 politiet vekk fr\u00e5 staden.<\/p>\n<p>Tr\u00f8bbel i Stryn<\/p>\n<p>Ogs\u00e5 i Nordfjord gjekk det f\u00f8re seg. Der vart ein mannleg gjest kasta ut fr\u00e5 ein utestad like etter midnatt. Han vart s\u00e5 sint at han skalla ned ei ordensvakt. <\/p>\n<p>Vakta vart k\u00f8yrd til lokal legevakt, med mogleg brot i nasen. Mistenkte, ein ung mann, vart vist vekk fr\u00e5 staden og m\u00e5 venta seg eit oppgjer med politiet seinare.<\/p>\n<p>I Sogn er det ikkje kome inn nokon meldingar. Sett vekk fr\u00e5 ein hund som var forsvunnen i L\u00e6rdal, men som kom fort til rette.<\/p>\n","protected":false},"excerpt":{"rendered":"I M\u00e5l\u00f8y kom ein politipatrulje over eit trafikkuhell i Sj\u00f8gata like etter klokka tre om natta. Der hadde&hellip;\n","protected":false},"author":2,"featured_media":4378,"comment_status":"","ping_status":"","sticky":false,"template":"","format":"standard","meta":{"footnotes":""},"categories":[10],"tags":[36,20,21,24,25,15,2357,22,23,13,30,5268,28,29,14,16,6337,1510,26,27],"class_list":{"0":"post-122050","1":"post","2":"type-post","3":"status-publish","4":"format-standard","5":"has-post-thumbnail","7":"category-norge","8":"tag-art","9":"tag-breaking-news","10":"tag-breakingnews","11":"tag-featured-news","12":"tag-featurednews","13":"tag-headlines","14":"tag-krim-og-politi","15":"tag-latest-news","16":"tag-latestnews","17":"tag-news","18":"tag-no","19":"tag-nordfjord","20":"tag-norge","21":"tag-norway","22":"tag-nyheter","23":"tag-overskrifter","24":"tag-sogn","25":"tag-story","26":"tag-top-stories","27":"tag-topstories"},"share_on_mastodon":{"url":"https:\/\/pubeurope.com\/@no\/115785164593137001","error":""},"_links":{"self":[{"href":"https:\/\/www.europesays.com\/no\/wp-json\/wp\/v2\/posts\/122050","targetHints":{"allow":["GET"]}}],"collection":[{"href":"https:\/\/www.europesays.com\/no\/wp-json\/wp\/v2\/posts"}],"about":[{"href":"https:\/\/www.europesays.com\/no\/wp-json\/wp\/v2\/types\/post"}],"author":[{"embeddable":true,"href":"https:\/\/www.europesays.com\/no\/wp-json\/wp\/v2\/users\/2"}],"replies":[{"embeddable":true,"href":"https:\/\/www.europesays.com\/no\/wp-json\/wp\/v2\/comments?post=122050"}],"version-history":[{"count":0,"href":"https:\/\/www.europesays.com\/no\/wp-json\/wp\/v2\/posts\/122050\/revisions"}],"wp:featuredmedia":[{"embeddable":true,"href":"https:\/\/www.europesays.com\/no\/wp-json\/wp\/v2\/media\/4378"}],"wp:attachment":[{"href":"https:\/\/www.europesays.com\/no\/wp-json\/wp\/v2\/media?parent=122050"}],"wp:term":[{"taxonomy":"category","embeddable":true,"href":"https:\/\/www.europesays.com\/no\/wp-json\/wp\/v2\/categories?post=122050"},{"taxonomy":"post_tag","embeddable":true,"href":"https:\/\/www.europesays.com\/no\/wp-json\/wp\/v2\/tags?post=122050"}],"curies":[{"name":"wp","href":"https:\/\/api.w.org\/{rel}","templated":true}]}}