{"id":122077,"date":"2025-12-26T10:22:13","date_gmt":"2025-12-26T10:22:13","guid":{"rendered":"https:\/\/www.europesays.com\/no\/122077\/"},"modified":"2025-12-26T10:22:13","modified_gmt":"2025-12-26T10:22:13","slug":"89-norske-barn-etterlyses-internasjonalt","status":"publish","type":"post","link":"https:\/\/www.europesays.com\/no\/122077\/","title":{"rendered":"89 norske barn etterlyses internasjonalt"},"content":{"rendered":"\n<p class=\"_lead_o9xde_2 _lead_xtcu6_50 layout-component text-serif-m layout-normal text-serif-l layout-component layout-wide layout-padded _wide_17hqh_1 layout-padded\">N\u00e5 har politiet f\u00e5tt et nytt verkt\u00f8y for \u00e5 stanse barnebortf\u00f8ringer \u2013 f\u00f8r de skjer.<\/p>\n<p><img alt=\"Passkontroll p\u00e5 \u00d8resundbroen i 2020. Foto: Johan Nilsson\/TT \/ TT Nyhetsbyr\u00e5n \/ NTB\" class=\"_image_qp4xg_65 layout-component layout-wide\" data-fullscreen- data-track-element-type=\"Article image fullscreen\" data-track-name=\"ImageFullscreen\" fetchpriority=\"high\" decoding=\"sync\" loading=\"eager\" height=\"3766\" itemprop=\"image\"  src=\"https:\/\/www.europesays.com\/no\/wp-content\/uploads\/2025\/12\/7db79d65-8316-4a8d-82e9-bba52871991d\"  style=\"object-position:0% 0%\" width=\"5622\"\/>Passkontroll p\u00e5 \u00d8resundbroen i 2020. Foto: Johan Nilsson\/TT \/ TT Nyhetsbyr\u00e5n \/ NTB<\/p>\n<ul aria-hidden=\"true\" class=\"_images_ntbth_112\">\n<li><a class=\"_link_ntbth_117\" href=\"https:\/\/www.vg.no\/forfatter\/mona-grivi-norman\" style=\"z-index:2\" title=\"Mona Grivi Norman\" rel=\"nofollow noopener\" target=\"_blank\"><img alt=\"Bilde av Mona Grivi Norman\" class=\"_image_ntbth_93\" fetchpriority=\"low\" loading=\"lazy\" decoding=\"async\" itemprop=\"image\"  src=\"https:\/\/www.europesays.com\/no\/wp-content\/uploads\/2025\/12\/1766744531_307_988392d7-cfdc-4af7-9140-efc0cd7f8aef\"  width=\"480\"\/><\/a><\/li>\n<li><a class=\"_link_ntbth_117\" href=\"https:\/\/www.vg.no\/forfatter\/marie-golimo-kingsroed\" style=\"z-index:1\" title=\"Marie Golimo Kingsr\u00f8d\" rel=\"nofollow noopener\" target=\"_blank\"><img alt=\"Bilde av Marie Golimo Kingsr\u00f8d\" class=\"_image_ntbth_93\" fetchpriority=\"low\" loading=\"lazy\" decoding=\"async\" itemprop=\"image\"  src=\"https:\/\/www.europesays.com\/no\/wp-content\/uploads\/2025\/12\/1766744531_799_c290c979-4b92-478c-ac10-9a4150bfe573\"  width=\"480\"\/><\/a><\/li>\n<\/ul>\n<p> Oppdatert fredag 26. desember kl. 10:57    <\/p>\n<ul class=\"_list_o9xde_3 _list_64s2r_85 _unordered_o9xde_106 text-sans-m\">\n<li class=\"_item_o9xde_30\">Kripos etterlyser 89 norske barn internasjonalt etter grov omsorgsunndragelse.<\/li>\n<li class=\"_item_o9xde_30\">Politiet kan n\u00e5 registrere barn som st\u00e5r i fare for \u00e5 bli utsatt for barnebortf\u00f8ring, f\u00f8r de forsvinner.<\/li>\n<li class=\"_item_o9xde_30\">Politiadvokaten sier mange saker er blitt etterlyst siden ordningen ble innf\u00f8rt i sommer.<\/li>\n<\/ul>\n<p>Vis mer <\/p>\n<p class=\"_paragraph_o9xde_4 _paragraph_xtcu6_10 layout-component text-serif-m layout-normal text-serif-m layout-padded\">VG har i h\u00f8st avsl\u00f8rt hvordan familier <a href=\"https:\/\/www.vg.no\/tag\/barna-som-forsvant\" class=\"_link_o9xde_39\" rel=\"nofollow noopener\" target=\"_blank\">flytter ut av landet for \u00e5 r\u00f8mme fra barnevernet<\/a> i Norge.<\/p>\n<p class=\"_paragraph_o9xde_4 _paragraph_xtcu6_10 layout-component text-serif-m layout-normal text-serif-m layout-padded\">P\u00e5 tre \u00e5r har <a href=\"https:\/\/www.vg.no\/nyheter\/i\/bmA68A\/vg-avsloerer-hver-dag-flytter-et-barn-fra-norge-mens-familien-undersoekes-av-barnevernet\" data-track-element-type=\"Link\" data-track-id=\"link:bmA68A\" class=\"_link_o9xde_39\" rel=\"nofollow noopener\" target=\"_blank\">minst 72 barn forsvunnet<\/a> n\u00e5r barnevernet mener det ikke lenger er trygt at de bor hjemme med foreldrene sine.<\/p>\n<p class=\"_paragraph_o9xde_4 _paragraph_xtcu6_10 layout-component text-serif-m layout-normal text-serif-m layout-padded\">Tidligere har politiet kun hatt mulighet til \u00e5 melde barnet savnet i det europeiske etterlysningsregisteret dersom barnet allerede hadde forsvunnet.<\/p>\n<p class=\"_paragraph_o9xde_4 _paragraph_xtcu6_10 layout-component text-serif-m layout-normal text-serif-m layout-padded\">Men fra i sommer fikk politiet en ny mulighet til \u00e5 registrere barn som kan v\u00e6re utsatt for barnebortf\u00f8ring f\u00f8r de faktisk er savnet.<\/p>\n<p class=\"_paragraph_o9xde_4 _paragraph_xtcu6_10 layout-component text-serif-m layout-normal text-serif-m layout-padded\">\u2013 N\u00e5r politiet, en av foreldrene eller barnevernet oppdaget at barnet var borte, s\u00e5 var det ofte for sent for \u00e5 stanse dem, sier politiadvokat Shaista Jabeen Abid i KriposKriposKriminalpolitisentralen, en del av det norske politiet som jobber med alvorlig og organisert kriminalitet..<\/p>\n<p class=\"_paragraph_o9xde_4 _paragraph_xtcu6_10 layout-component text-serif-m layout-normal text-serif-m layout-padded\">\u2013 Foreldre og barn rakk \u00e5 komme seg langt avg\u00e5rde og ut av SchengenSchengenEt omr\u00e5de best\u00e5ende av 27 europeiske land som har avtalt \u00e5 ha \u00e5pne grenser mellom seg, uten passkontroll. f\u00f8r bortf\u00f8ringen ble oppdaget. Da er det vanskelig \u00e5 f\u00e5 barnet tilbake til Norge.<\/p>\n<p>Mange nye henvendelser<\/p>\n<p class=\"_paragraph_o9xde_4 _paragraph_xtcu6_10 layout-component text-serif-m layout-normal text-serif-m layout-padded\">Abid er p\u00e5talemyndighetensp\u00e5talemyndighetensDen delen av rettssystemet som har ansvar for \u00e5 etterforske og f\u00f8re straffesaker p\u00e5 vegne av staten. kontaktperson for internasjonale barnebortf\u00f8ringer og forteller at de har f\u00e5tt mange henvendelser fra politidistriktene siden ordningen ble innf\u00f8rt i sommer.<\/p>\n<p class=\"_paragraph_o9xde_4 _paragraph_xtcu6_10 layout-component text-serif-m layout-normal text-serif-m layout-padded\">Hun sier at Kripos har mottatt \u00abnoen titalls anmodninger\u00bb det siste halv\u00e5ret, men det finnes enn\u00e5 ingen statistikk p\u00e5 dette.<\/p>\n<p class=\"_paragraph_o9xde_4 _paragraph_xtcu6_10 layout-component text-serif-m layout-normal text-serif-m layout-padded\">Per 1. desember 2025 er 89 norske mindre\u00e5rige etterlyst internasjonalt etter grov omsorgsunndragelse \u2013 det som tidligere het barnebortf\u00f8ring. <\/p>\n<p class=\"_paragraph_o9xde_4 _paragraph_xtcu6_10 layout-component text-serif-m layout-normal text-serif-m layout-padded\">Dette er b\u00e5de barn som er bortf\u00f8rt fra barnevernet, eller fra en foresatt i Norge. <\/p>\n<p><img alt=\"Foto: Vegard Gr\u00f8tt \/ NTB\" class=\"_image_qp4xg_65 layout-component layout-normal\" data-fullscreen- data-track-element-type=\"Article image fullscreen\" data-track-name=\"ImageFullscreen\" decoding=\"async\" loading=\"lazy\" height=\"3094\" itemprop=\"image\"  src=\"https:\/\/www.europesays.com\/no\/wp-content\/uploads\/2025\/12\/3cf67ae8-0e0b-4022-8e79-ddf9c29835e1\"  style=\"object-position:0% 0%\" width=\"4877\"\/>Foto: Vegard Gr\u00f8tt \/ NTBSaker over hele verden<\/p>\n<p class=\"_paragraph_o9xde_4 _paragraph_xtcu6_10 layout-component text-serif-m layout-normal text-serif-m layout-padded\">Sakene er spredt over hele landet. VG har etterg\u00e5tt sakene for \u00e5 se hva som skjuler seg i statistikken:<\/p>\n<ul class=\"_list_o9xde_3 _list_xtcu6_9 _unordered_o9xde_106 layout-component text-serif-m layout-normal text-serif-m layout-padded\">\n<li class=\"_item_o9xde_30\">Nordland politidistrikt etterlyser to barn. Barna har v\u00e6rt savnet i tre \u00e5r. Det antas at de befinner seg i Somalia. Barna forsvant samtidig som barnevernet reiste sak om \u00e5 overta omsorgen, men f\u00f8r vedtaket var fattet.<\/li>\n<li class=\"_item_o9xde_30\">Vest politidistrikt etterlyser to barn. Det antas at barna befinner seg i Thailand. Barnevernet hadde fremmet sak om omsorgsovertagelseomsorgsovertagelseN\u00e5r barnevernet tar over ansvaret for et barn fra foreldrene fordi de mener det ikke er trygt for barnet \u00e5 bo hjemme., men mor tok med barna ut av landet f\u00f8r det ble iverksatt.<\/li>\n<li class=\"_item_o9xde_30\">Troms politidistrikt etterlyser to barn fra Syria. Barna har v\u00e6rt savnet i tre \u00e5r. Barnevernet skal p\u00e5 forh\u00e5nd ha blitt varslet om at det var frykt for at familien ville ta med barna ut av landet.\u00a0<\/li>\n<\/ul>\n<p class=\"_paragraph_o9xde_4 _paragraph_xtcu6_10 layout-component text-serif-m layout-normal text-serif-m layout-padded\">Fordi det sjelden er passkontroller p\u00e5 vei ut av Norge, er det f\u00f8rst n\u00e5r barnet og familien fors\u00f8ker \u00e5 forlate Europa at de fanges opp.<\/p>\n<p class=\"_paragraph_o9xde_4 _paragraph_xtcu6_10 layout-component text-serif-m layout-normal text-serif-m layout-padded\">\u2013 Det vil f\u00f8rst og fremst kunne stanse bortf\u00f8rte barn n\u00e5r de skal krysse Schengens yttergrense. Om du for eksempel vil ta med et barn ulovlig til Dubai, vil du bli stanset p\u00e5 flyplassen enten du flyr fra Gardermoen, G\u00f8teborg eller Arlanda. Det er der nettet sl\u00e5r inn, sier Shaista Jabeen Abid.<\/p>\n<p>Hva skal til for at et barn registreres i SIS-registeret?<\/p>\n<ul class=\"_list_o9xde_3 _list_xtcu6_9 _list_16v91_9 _unordered_o9xde_106 layout-component text-serif-m layout-normal text-sans-m layout-padded\">\n<li class=\"_item_o9xde_30\">Barnet m\u00e5 st\u00e5 i fare for \u00e5 bli bortf\u00f8rt.<\/li>\n<li class=\"_item_o9xde_30\">Det m\u00e5 v\u00e6re ulovlig \u00e5 ta barnet ut av landet. For eksempel etter en dom i en barnefordelingssak eller et akuttvedtak fra barnevernet.<\/li>\n<\/ul>\n<p>Vis mer<\/p>\n<p class=\"_paragraph_o9xde_4 _paragraph_xtcu6_10 layout-component text-serif-m layout-normal text-serif-m layout-padded\">Det er barneverntjenestene \u2013\u00a0eller foreldre som frykter bortf\u00f8ring \u2013\u00a0som m\u00e5 ta initiativ til \u00e5 kontakte politiet i disse sakene.<\/p>\n<p class=\"_paragraph_o9xde_4 _paragraph_xtcu6_10 layout-component text-serif-m layout-normal text-serif-m layout-padded\">Politiet vurderer om vilk\u00e5rene for\u00a0\u00e5 melde barnet \u00abforebyggende savnet\u00bb\u00a0er til stede. Den endelige avgj\u00f8relsen tas hos Kripos.<\/p>\n<p class=\"_paragraph_o9xde_4 _paragraph_xtcu6_10 layout-component text-serif-m layout-normal text-serif-m layout-padded\">\u2013 Jeg opplever at dette er et behov som\u00a0politiet og\u00a0barneverntjenestene har \u00f8nsket seg. Politiet har ogs\u00e5 arrangert informasjonsm\u00f8ter og laget brosjyrer for \u00e5 \u00f8ke kunnskapen om denne muligheten, sier Abid.<\/p>\n<p><img decoding=\"async\" alt=\"Bilde av Anders Henriksen\" class=\"_image_ygndg_42\" height=\"60\" itemprop=\"image\" loading=\"lazy\"  src=\"https:\/\/www.europesays.com\/no\/wp-content\/uploads\/2025\/12\/09a5a866-5ff9-4a1f-bea8-289a4f9ac228\"  width=\"40\"\/><strong class=\"_name_ygndg_51 title-serif-xs\">Anders Henriksen<\/strong><\/p>\n<p class=\"_paragraph_o9xde_4 text-sans-m _description_ygndg_56\">Divisjonsdirekt\u00f8r i Bufdir<\/p>\n<p class=\"_paragraph_o9xde_4 _paragraph_xtcu6_10 layout-component text-serif-m layout-normal text-serif-m layout-padded\">BufdirBufdirBarne-, ungdoms- og familiedirektoratet, en norsk statlig etat som jobber med saker relatert til barn, ungdom og familier. opplyser til VG at muligheten for \u00e5 forebygge bortf\u00f8ringer til utlandet, skal bli enda bedre kjent:<\/p>\n<p class=\"_paragraph_o9xde_4 _paragraph_xtcu6_10 layout-component text-serif-m layout-normal text-serif-m layout-padded\">\u2013 Dette er en ny type registrering som forel\u00f8pig ikke er s\u00e5 kjent for barneverntjenesten. Bufdir skal s\u00f8rge for at denne forebyggende etterlysningstypen blir bedre kjent hos barneverntjenesten, skriver divisjonsdirekt\u00f8r Anders Henriksen i en e-post.<\/p>\n","protected":false},"excerpt":{"rendered":"N\u00e5 har politiet f\u00e5tt et nytt verkt\u00f8y for \u00e5 stanse barnebortf\u00f8ringer \u2013 f\u00f8r de skjer. Passkontroll p\u00e5 \u00d8resundbroen&hellip;\n","protected":false},"author":2,"featured_media":122078,"comment_status":"","ping_status":"","sticky":false,"template":"","format":"standard","meta":{"footnotes":""},"categories":[10],"tags":[4071,7262,3730,20,21,24,25,15,1957,22,23,13,30,28,29,14,16,26,27],"class_list":{"0":"post-122077","1":"post","2":"type-post","3":"status-publish","4":"format-standard","5":"has-post-thumbnail","7":"category-norge","8":"tag-barna-som-forsvant","9":"tag-barnebortforing","10":"tag-barnevernet","11":"tag-breaking-news","12":"tag-breakingnews","13":"tag-featured-news","14":"tag-featurednews","15":"tag-headlines","16":"tag-kripos","17":"tag-latest-news","18":"tag-latestnews","19":"tag-news","20":"tag-no","21":"tag-norge","22":"tag-norway","23":"tag-nyheter","24":"tag-overskrifter","25":"tag-top-stories","26":"tag-topstories"},"share_on_mastodon":{"url":"https:\/\/pubeurope.com\/@no\/115785377122784123","error":""},"_links":{"self":[{"href":"https:\/\/www.europesays.com\/no\/wp-json\/wp\/v2\/posts\/122077","targetHints":{"allow":["GET"]}}],"collection":[{"href":"https:\/\/www.europesays.com\/no\/wp-json\/wp\/v2\/posts"}],"about":[{"href":"https:\/\/www.europesays.com\/no\/wp-json\/wp\/v2\/types\/post"}],"author":[{"embeddable":true,"href":"https:\/\/www.europesays.com\/no\/wp-json\/wp\/v2\/users\/2"}],"replies":[{"embeddable":true,"href":"https:\/\/www.europesays.com\/no\/wp-json\/wp\/v2\/comments?post=122077"}],"version-history":[{"count":0,"href":"https:\/\/www.europesays.com\/no\/wp-json\/wp\/v2\/posts\/122077\/revisions"}],"wp:featuredmedia":[{"embeddable":true,"href":"https:\/\/www.europesays.com\/no\/wp-json\/wp\/v2\/media\/122078"}],"wp:attachment":[{"href":"https:\/\/www.europesays.com\/no\/wp-json\/wp\/v2\/media?parent=122077"}],"wp:term":[{"taxonomy":"category","embeddable":true,"href":"https:\/\/www.europesays.com\/no\/wp-json\/wp\/v2\/categories?post=122077"},{"taxonomy":"post_tag","embeddable":true,"href":"https:\/\/www.europesays.com\/no\/wp-json\/wp\/v2\/tags?post=122077"}],"curies":[{"name":"wp","href":"https:\/\/api.w.org\/{rel}","templated":true}]}}