{"id":122081,"date":"2025-12-26T10:33:52","date_gmt":"2025-12-26T10:33:52","guid":{"rendered":"https:\/\/www.europesays.com\/no\/122081\/"},"modified":"2025-12-26T10:33:52","modified_gmt":"2025-12-26T10:33:52","slug":"glupske-krakeboller-kryper-nordover-ht-no","status":"publish","type":"post","link":"https:\/\/www.europesays.com\/no\/122081\/","title":{"rendered":"Glupske kr\u00e5keboller kryper nordover &#8211; ht.no"},"content":{"rendered":"<p>Kort oppsummert  <\/p>\n<ul class=\"List\">\n<li>\n<p>Tareskogen i Kongsfjorden p\u00e5 Svalbard st\u00e5r overfor en trussel fra kr\u00e5keboller som beiter ned skogen.<\/p>\n<\/li>\n<li>\n<p>Klimaendringer har potensialet til \u00e5 endre og utvide de arktiske tareskogene p\u00e5 grunn av mindre isdekke.<\/p>\n<\/li>\n<li>\n<p>Forskere fra Havforskningsinstituttet studerer klimaendringenes p\u00e5virkning p\u00e5 tareskog gjennom prosjektet BlueArc.<\/p>\n<\/li>\n<li>\n<p>\u00d8kningen av kr\u00e5keboller i Svalbard kan v\u00e6re en forl\u00f8per for spredning av \u00f8rkenlignende omr\u00e5der i arktiske tareskoger.<\/p>\n<\/li>\n<\/ul>\n<p> Oppsummeringen er laget av AI-verkt\u00f8yet ChatGPT og kvalitetssikret av v\u00e5re journalister.<br \/><a href=\"https:\/\/www.ht.no\/nyheter\/norgeogverden\/i\/eJ9wRM\/harstad-tidendes-redaksjonelle-retningslinjer-for-bruk-av-kunstig-intelligens\" target=\"_blank\" rel=\"nofollow noopener\">Les mer om hvordan vi forholder oss til kunstig intelligens.<\/a> <\/p>\n<p>\u2013 Knapt noe kystsone i verden endrer seg s\u00e5 raskt som den arktiske, sier havforsker Karen Filbee-Dexter i en melding hos Havforskningsinstituttet (HI).<\/p>\n<p>Tidligere i \u00e5r var havforskerne p\u00e5 feltarbeid p\u00e5 Svalbard. Der dykket de ned i de arktiske tareskogene i Kongsfjorden utenfor Ny-\u00c5lesund.<\/p>\n<p>\u2013 Det er helt fantastisk \u00e5 dykke rundt isbreer og eksponerte nes. Disse tareskogene er makel\u00f8se. De vokser fra foten av isbreene og helt ut til utenfor fjorden.<\/p>\n<p>I endring <\/p>\n<p>Men \u00f8kosystemet er i endring.<\/p>\n<p>Tareskogene i Arktis deler mange fellestrekk med tareskogene langs norskekysten \u2013 de rommer et rikt artsmangfold, produserer oksygen og lagrer karbon.<\/p>\n<p>Men det er ogs\u00e5 viktige forskjeller.<\/p>\n<p>Langs kysten av fastlandet dominerer stortare (Laminaria hyperborea). Men i Svalbards tareskoger vokser noen arter som er unike for Arktis.<\/p>\n<p>\u2013 Her er ogs\u00e5 noen vanlige tarearter, men disse ser gjerne annerledes ut og blir eldre enn taren i tempererte omr\u00e5der, sier Filbee-Dexter.<\/p>\n<p>Jokeren er klimaendringer<\/p>\n<p>Langs kysten av fastlandet er klimaendringer en av de st\u00f8rste truslene mot frodige tareskoger. Marine heteb\u00f8lger kan f\u00f8re til temperaturer som er h\u00f8yere enn det taren t\u00e5ler.<\/p>\n<p>Dette er hoved\u00e5rsaken til at sukkertareskogen i Skagerrak i stor grad er forsvunnet. Heller ikke i Arktis vil tareskogene v\u00e6re up\u00e5virket av klimaendringer.<\/p>\n<p>\u2013 De arktiske tareskogene er ventet \u00e5 endre seg og potensielt utvide sin utbredelse, grunnet mindre isdekke og bedre lysforhold, sier havforskeren.<\/p>\n<p>Data som f\u00f8lger disse endringene er uhyre sjeldne.<\/p>\n<p>Feltarbeidet er en del av \u00abUnge forskertalenter\u00bb-prosjektet BlueArc. En del av dette arbeidet er \u00e5 unders\u00f8ke hvordan klimaendringene p\u00e5virker tareskogen. Havforskerne gransker historiske stasjoner og samler nye pr\u00f8ver av taren.<\/p>\n<p>\u2013 Omr\u00e5det endrer seg raskt \u2013 med smeltende isbreer og varmt atlantisk vann som kommer inn fra de ytre delene av fjorden, sier Karen Filbee-Dexter, som leder BlueArc.<\/p>\n<p>\u2013 Allerede n\u00e5 ser vi endringer.<\/p>\n<p><img decoding=\"async\" src=\"data:image\/gif;base64,R0lGODlhEAAJAIAAAP\/\/\/wAAACH5BAEAAAAALAAAAAAQAAkAAAIKhI+py+0Po5yUFQA7\" alt=\"\"\/><br \/>\n  Havforskerne har v\u00e6rt p\u00e5 feltarbeid b\u00e5de i 2024 og i 2025. I fjor var de i Kongsfjorden i mai, da det var 0 grader i vannet innerst i fjorden. I august i \u00e5r holdt vannet 5 grader:\u2013 Vi dykket under sm\u00e5 flak av drivis, sier Karen Filbee-Dexter.<br \/>\n  <strong>Foto:<\/strong> Emma Brette \/ Roskilde University i Danmark<\/p>\n<p><strong>Kr\u00e5kebolle-varsel<\/strong><\/p>\n<p>To lokasjoner i den ytre delen av Kongsfjorden ser ut til \u00e5 ha blitt beitemarker:<\/p>\n<p>\u2013 Her har det v\u00e6rt en massiv \u00f8kning i forekomsten av kr\u00e5keboller, og de beiter ned tareskogen, sier havforskeren.<\/p>\n<p>I Nord-Norge har kr\u00e5keboller allerede skapt \u00f8rken av store tareskogomr\u00e5der, men p\u00e5 Svalbard har beiting v\u00e6rt et lite problem \u2013 i alle fall til n\u00e5.<\/p>\n<p>\u2013 Dette kan v\u00e6re et varsel for andre arktiske tareskoger \u2013 at den kr\u00e5kebolleskapte \u00f8demarken kan spre seg nordover.<\/p>\n","protected":false},"excerpt":{"rendered":"Kort oppsummert Tareskogen i Kongsfjorden p\u00e5 Svalbard st\u00e5r overfor en trussel fra kr\u00e5keboller som beiter ned skogen. Klimaendringer&hellip;\n","protected":false},"author":2,"featured_media":122082,"comment_status":"","ping_status":"","sticky":false,"template":"","format":"standard","meta":{"footnotes":""},"categories":[10],"tags":[12605,14490,20,21,24,25,5253,15,14491,22,23,13,30,28,29,14,16,8876,1644,14492,26,27],"class_list":{"0":"post-122081","1":"post","2":"type-post","3":"status-publish","4":"format-standard","5":"has-post-thumbnail","7":"category-norge","8":"tag-arktis","9":"tag-artsmangfold","10":"tag-breaking-news","11":"tag-breakingnews","12":"tag-featured-news","13":"tag-featurednews","14":"tag-havforskningsinstituttet","15":"tag-headlines","16":"tag-krakeboller","17":"tag-latest-news","18":"tag-latestnews","19":"tag-news","20":"tag-no","21":"tag-norge","22":"tag-norway","23":"tag-nyheter","24":"tag-overskrifter","25":"tag-skagerrak","26":"tag-svalbard","27":"tag-tareskog","28":"tag-top-stories","29":"tag-topstories"},"share_on_mastodon":{"url":"https:\/\/pubeurope.com\/@no\/115785424129775467","error":""},"_links":{"self":[{"href":"https:\/\/www.europesays.com\/no\/wp-json\/wp\/v2\/posts\/122081","targetHints":{"allow":["GET"]}}],"collection":[{"href":"https:\/\/www.europesays.com\/no\/wp-json\/wp\/v2\/posts"}],"about":[{"href":"https:\/\/www.europesays.com\/no\/wp-json\/wp\/v2\/types\/post"}],"author":[{"embeddable":true,"href":"https:\/\/www.europesays.com\/no\/wp-json\/wp\/v2\/users\/2"}],"replies":[{"embeddable":true,"href":"https:\/\/www.europesays.com\/no\/wp-json\/wp\/v2\/comments?post=122081"}],"version-history":[{"count":0,"href":"https:\/\/www.europesays.com\/no\/wp-json\/wp\/v2\/posts\/122081\/revisions"}],"wp:featuredmedia":[{"embeddable":true,"href":"https:\/\/www.europesays.com\/no\/wp-json\/wp\/v2\/media\/122082"}],"wp:attachment":[{"href":"https:\/\/www.europesays.com\/no\/wp-json\/wp\/v2\/media?parent=122081"}],"wp:term":[{"taxonomy":"category","embeddable":true,"href":"https:\/\/www.europesays.com\/no\/wp-json\/wp\/v2\/categories?post=122081"},{"taxonomy":"post_tag","embeddable":true,"href":"https:\/\/www.europesays.com\/no\/wp-json\/wp\/v2\/tags?post=122081"}],"curies":[{"name":"wp","href":"https:\/\/api.w.org\/{rel}","templated":true}]}}