{"id":122095,"date":"2025-12-26T10:44:12","date_gmt":"2025-12-26T10:44:12","guid":{"rendered":"https:\/\/www.europesays.com\/no\/122095\/"},"modified":"2025-12-26T10:44:12","modified_gmt":"2025-12-26T10:44:12","slug":"tromso-mot-kjop-av-kfum-stopper-skal-bruke-over-30-millioner","status":"publish","type":"post","link":"https:\/\/www.europesays.com\/no\/122095\/","title":{"rendered":"Troms\u00f8 mot kj\u00f8p av KFUM-stopper \u2013 skal bruke over 30 millioner"},"content":{"rendered":"\n<p class=\"_lead_o9xde_2 _lead_xtcu6_50 layout-component text-serif-m layout-normal text-serif-l layout-component layout-wide layout-padded _wide_17hqh_1 layout-padded\">Troms\u00f8 kan bruke over 30 millioner p\u00e5 nye spillere p\u00e5 vei inn i januar.<\/p>\n<p><img alt=\"REISER NORDOVER: Mathias T\u00f8nnessen. Foto: Thomas Fure \/ NTB\" class=\"_image_qp4xg_65 layout-component layout-wide\" data-fullscreen- data-track-element-type=\"Article image fullscreen\" data-track-name=\"ImageFullscreen\" fetchpriority=\"high\" decoding=\"sync\" loading=\"eager\" height=\"2720\" itemprop=\"image\"  src=\"https:\/\/www.europesays.com\/no\/wp-content\/uploads\/2025\/12\/1767d838-460d-4562-8be2-b3c8c42aed22\"  style=\"object-position:0% 0%\" width=\"4080\"\/>REISER NORDOVER: Mathias T\u00f8nnessen. Foto: Thomas Fure \/ NTB<\/p>\n<ul aria-hidden=\"true\" class=\"_images_ntbth_112\">\n<li><a class=\"_link_ntbth_117\" href=\"https:\/\/www.vg.no\/forfatter\/oeyvind-herrebroeden\" style=\"z-index:1\" title=\"\u00d8yvind Herrebr\u00f8den\" rel=\"nofollow noopener\" target=\"_blank\"><img alt=\"Bilde av \u00d8yvind Herrebr\u00f8den\" class=\"_image_ntbth_93\" fetchpriority=\"low\" loading=\"lazy\" decoding=\"async\" itemprop=\"image\"  src=\"https:\/\/www.europesays.com\/no\/wp-content\/uploads\/2025\/12\/1766745852_143_8bb7c2c0-7083-4b77-a732-7b476449021f\"  width=\"480\"\/><\/a><\/li>\n<\/ul>\n<p> Oppdatert fredag 26. desember kl. 11:04     <\/p>\n<p class=\"_paragraph_o9xde_4 _paragraph_xtcu6_10 layout-component text-serif-m layout-normal text-serif-m layout-padded\">\u00c5rets bronsevinner i <a href=\"https:\/\/www.vg.no\/tag\/eliteserien?utm_source=vg-article&amp;utm_medium=auto-tagger&amp;utm_campaign=7p0BVv\" class=\"_link_o9xde_39\" rel=\"nofollow noopener\" target=\"_blank\">Eliteserien<\/a> ruster dermed kraftig opp f\u00f8r 2026-sesongen, der klubben skal delta i Europa.<\/p>\n<ul class=\"_list_o9xde_3 _list_xtcu6_9 _unordered_o9xde_106 layout-component text-serif-m layout-normal text-serif-m layout-padded\">\n<li class=\"_item_o9xde_30\">Tidligere har <a href=\"https:\/\/www.nettavisen.no\/sport\/norsk-fotball-i-kulissene-tromso-i-forhandlinger-om-storkjop\/s\/5-95-2728958\" class=\"_link_o9xde_39\" rel=\"nofollow noopener\" target=\"_blank\">Nettavisen<\/a> og <a href=\"https:\/\/www.nordlys.no\/enighet-jesper-23-blir-til-spiller\/s\/5-34-2265550\" class=\"_link_o9xde_39\" rel=\"nofollow noopener\" target=\"_blank\">Nordlys<\/a> meldt at Kongsvinger-spiller Jesper Grundt skal v\u00e6re p\u00e5 vei til Romssa Arena for snaue ti millioner. <\/li>\n<li class=\"_item_o9xde_30\">For en snau uke siden skrev lokalavisene <a href=\"https:\/\/www.h-avis.no\/haugesunds-avis-erfarer-fkh-narmer-seg-nyhammer-salg\/s\/5-62-1967089\" class=\"_link_o9xde_39\" rel=\"nofollow noopener\" target=\"_blank\">Haugesunds Avis<\/a>, <a href=\"https:\/\/www.itromso.no\/sport\/til\/i\/ExWaoa\/opplysninger-til-itromsoe-til-svaert-naere-aa-hente-duo-til-20-millioner\" class=\"_link_o9xde_39\" rel=\"nofollow noopener\" target=\"_blank\">iTroms\u00f8<\/a> og <a href=\"https:\/\/www.nordlys.no\/punger-ut-store-belop\/s\/5-34-2264196\" class=\"_link_o9xde_39\" rel=\"nofollow noopener\" target=\"_blank\">Nordlys<\/a> at 19-\u00e5ringen Troy Nyhammer fra nedrykksklare Haugesund ogs\u00e5 skal den veien. If\u00f8lge avisene skjer g\u00e5r Troms\u00f8-spiller Miika Koskela motsatt vei som en del av en bytteavtale, men at de i tillegg betaler rundt ni millioner i kontanter.<\/li>\n<li class=\"_item_o9xde_30\">N\u00e5 er en tredje Troms\u00f8-overgang p\u00e5 trappene \u2013 og den blir is\u00e5fall dyrest av alle. Etter det VG erfarer, er klubben godt p\u00e5 vei med en overgangsavtale med eliteserieklubben KFUM og deres midtstopper Mathias T\u00f8nnessen (22). <\/li>\n<\/ul>\n<p class=\"_paragraph_o9xde_4 _paragraph_xtcu6_10 layout-component text-serif-m layout-normal text-serif-m layout-padded\">Spilleren med \u00e9n U20-landskamp skal koste rundt 13 millioner kroner. Det blir is\u00e5fall ny klubbrekord for Troms\u00f8 for spiller kj\u00f8pt \u2013 og is\u00e5fall et rekordsalg for KFUM.<\/p>\n<p class=\"_paragraph_o9xde_4 _paragraph_xtcu6_10 layout-component text-serif-m layout-normal text-serif-m layout-padded\">Ingen av disse tre overgangene er bekreftet fra klubbene.<\/p>\n<p class=\"_paragraph_o9xde_4 _paragraph_xtcu6_10 layout-component text-serif-m layout-normal text-serif-m layout-padded\">Fra f\u00f8r har Troms\u00f8 to salgsobjekter i forsvaret fra f\u00f8r: Tobias Guddal var i landslagstroppen til St\u00e5le Solbakken i h\u00f8st, mens den gambiske 19-\u00e5ringen Abubacarr Sedi Kinteh er ventet \u00e5 bli solgt for store penger etter en r\u00e5sterk 2025-sesong for serietreeren.<\/p>\n","protected":false},"excerpt":{"rendered":"Troms\u00f8 kan bruke over 30 millioner p\u00e5 nye spillere p\u00e5 vei inn i januar. REISER NORDOVER: Mathias T\u00f8nnessen.&hellip;\n","protected":false},"author":2,"featured_media":122096,"comment_status":"","ping_status":"","sticky":false,"template":"","format":"standard","meta":{"footnotes":""},"categories":[59],"tags":[134,2928,30,28,29,83,82,472],"class_list":{"0":"post-122095","1":"post","2":"type-post","3":"status-publish","4":"format-standard","5":"has-post-thumbnail","7":"category-sport","8":"tag-eliteserien","9":"tag-kfum-oslo","10":"tag-no","11":"tag-norge","12":"tag-norway","13":"tag-sport","14":"tag-sports","15":"tag-tromso-il"},"share_on_mastodon":{"url":"https:\/\/pubeurope.com\/@no\/115785463688940408","error":""},"_links":{"self":[{"href":"https:\/\/www.europesays.com\/no\/wp-json\/wp\/v2\/posts\/122095","targetHints":{"allow":["GET"]}}],"collection":[{"href":"https:\/\/www.europesays.com\/no\/wp-json\/wp\/v2\/posts"}],"about":[{"href":"https:\/\/www.europesays.com\/no\/wp-json\/wp\/v2\/types\/post"}],"author":[{"embeddable":true,"href":"https:\/\/www.europesays.com\/no\/wp-json\/wp\/v2\/users\/2"}],"replies":[{"embeddable":true,"href":"https:\/\/www.europesays.com\/no\/wp-json\/wp\/v2\/comments?post=122095"}],"version-history":[{"count":0,"href":"https:\/\/www.europesays.com\/no\/wp-json\/wp\/v2\/posts\/122095\/revisions"}],"wp:featuredmedia":[{"embeddable":true,"href":"https:\/\/www.europesays.com\/no\/wp-json\/wp\/v2\/media\/122096"}],"wp:attachment":[{"href":"https:\/\/www.europesays.com\/no\/wp-json\/wp\/v2\/media?parent=122095"}],"wp:term":[{"taxonomy":"category","embeddable":true,"href":"https:\/\/www.europesays.com\/no\/wp-json\/wp\/v2\/categories?post=122095"},{"taxonomy":"post_tag","embeddable":true,"href":"https:\/\/www.europesays.com\/no\/wp-json\/wp\/v2\/tags?post=122095"}],"curies":[{"name":"wp","href":"https:\/\/api.w.org\/{rel}","templated":true}]}}