{"id":122110,"date":"2025-12-26T11:02:58","date_gmt":"2025-12-26T11:02:58","guid":{"rendered":"https:\/\/www.europesays.com\/no\/122110\/"},"modified":"2025-12-26T11:02:58","modified_gmt":"2025-12-26T11:02:58","slug":"tok-til-orde-for-mer-medfolelse-i-juletale","status":"publish","type":"post","link":"https:\/\/www.europesays.com\/no\/122110\/","title":{"rendered":"Tok til orde for mer medf\u00f8lelse i juletale"},"content":{"rendered":"<p class=\"kicker text-red color_mobile_text-red\" style=\"\">Kong Charles:<\/p>\n<p>  Storbritannias kong Charles III oppfordret i sin \u00e5rlige tale 1. juledag til medf\u00f8lelse og forsoning i en tid preget av splittelse rundt om i verden.<\/p>\n<p>\n    Kong Charles spilte inn juletalen som ble sendt 1. juledag, 11. desember i Westminster Abbey i London. Foto: Aaron Chown \/ PA via AP, Pool \/ NTB\n  <\/p>\n<p>Den 77 \u00e5r gamle monarken snakket om den felles lengselen etter fred p\u00e5 tvers av ulike religioner i verden og sa han fant det \u00abenormt oppmuntrende\u00bb.<\/p>\n<p>I \u00e5ret som markerer at det er 80 \u00e5r siden slutten p\u00e5 andre verdenskrig, sa kongen at motet til soldater og m\u00e5ten lokalsamfunn kom sammen p\u00e5 den gang, bar med seg et tidl\u00f8st budskap til oss alle.<\/p>\n<p>\u2013 N\u00e5r vi h\u00f8rer om splittelse b\u00e5de hjemme og ute i verden, er det verdier vi aldri m\u00e5 miste av syne, sa Charles i en forh\u00e5ndsinnspilt tale fra Westminster Abbey, som ble sendt p\u00e5 britisk fjernsyn torsdag ettermiddag.<\/p>\n<p>Han snakket om \u00e5 finne styrke i mangfold for \u00e5 sikre at det gode vinner over det onde.<\/p>\n<p>\u2013 Det virker for meg som om vi m\u00e5 verdsette verdiene om medf\u00f8lelse og forsoning slik v\u00e5r Herre gjorde, sier han.<\/p>\n<p>        OVERRASKER: Da \u00abA-laget\u00bb stiller Linn Sk\u00e5ber et uventet skilpadde-sp\u00f8rsm\u00e5l, begynner t\u00e5rene \u00e5 trille hos skuespillerlegenden. Video: \u00abA-laget\u00bb\/ NRK\/ R\u00f8d L\u00f8per<\/p>\n","protected":false},"excerpt":{"rendered":"Kong Charles: Storbritannias kong Charles III oppfordret i sin \u00e5rlige tale 1. juledag til medf\u00f8lelse og forsoning i&hellip;\n","protected":false},"author":2,"featured_media":122111,"comment_status":"","ping_status":"","sticky":false,"template":"","format":"standard","meta":{"footnotes":""},"categories":[12],"tags":[20,21,24,25,15,14493,3994,22,23,13,30,28,29,14,16,26,27,42,43,44,45],"class_list":{"0":"post-122110","1":"post","2":"type-post","3":"status-publish","4":"format-standard","5":"has-post-thumbnail","7":"category-verden","8":"tag-breaking-news","9":"tag-breakingnews","10":"tag-featured-news","11":"tag-featurednews","12":"tag-headlines","13":"tag-juletale","14":"tag-kong-charles","15":"tag-latest-news","16":"tag-latestnews","17":"tag-news","18":"tag-no","19":"tag-norge","20":"tag-norway","21":"tag-nyheter","22":"tag-overskrifter","23":"tag-top-stories","24":"tag-topstories","25":"tag-verden","26":"tag-world","27":"tag-world-news","28":"tag-worldnews"},"share_on_mastodon":{"url":"https:\/\/pubeurope.com\/@no\/115785538169026486","error":""},"_links":{"self":[{"href":"https:\/\/www.europesays.com\/no\/wp-json\/wp\/v2\/posts\/122110","targetHints":{"allow":["GET"]}}],"collection":[{"href":"https:\/\/www.europesays.com\/no\/wp-json\/wp\/v2\/posts"}],"about":[{"href":"https:\/\/www.europesays.com\/no\/wp-json\/wp\/v2\/types\/post"}],"author":[{"embeddable":true,"href":"https:\/\/www.europesays.com\/no\/wp-json\/wp\/v2\/users\/2"}],"replies":[{"embeddable":true,"href":"https:\/\/www.europesays.com\/no\/wp-json\/wp\/v2\/comments?post=122110"}],"version-history":[{"count":0,"href":"https:\/\/www.europesays.com\/no\/wp-json\/wp\/v2\/posts\/122110\/revisions"}],"wp:featuredmedia":[{"embeddable":true,"href":"https:\/\/www.europesays.com\/no\/wp-json\/wp\/v2\/media\/122111"}],"wp:attachment":[{"href":"https:\/\/www.europesays.com\/no\/wp-json\/wp\/v2\/media?parent=122110"}],"wp:term":[{"taxonomy":"category","embeddable":true,"href":"https:\/\/www.europesays.com\/no\/wp-json\/wp\/v2\/categories?post=122110"},{"taxonomy":"post_tag","embeddable":true,"href":"https:\/\/www.europesays.com\/no\/wp-json\/wp\/v2\/tags?post=122110"}],"curies":[{"name":"wp","href":"https:\/\/api.w.org\/{rel}","templated":true}]}}