{"id":122112,"date":"2025-12-26T11:04:47","date_gmt":"2025-12-26T11:04:47","guid":{"rendered":"https:\/\/www.europesays.com\/no\/122112\/"},"modified":"2025-12-26T11:04:47","modified_gmt":"2025-12-26T11:04:47","slug":"kronprinsesse-mette-marit-tar-et-oppgjor-med-anklagene-rundt-marius-borg-hoiby-saken-i-aret-med-kongefamilien-pa-nrk","status":"publish","type":"post","link":"https:\/\/www.europesays.com\/no\/122112\/","title":{"rendered":"Kronprinsesse Mette-Marit tar et oppgj\u00f8r med anklagene rundt Marius Borg H\u00f8iby-saken i \u00c5ret med kongefamilien p\u00e5 NRK"},"content":{"rendered":"<p>I likhet med fjor\u00e5ret har 2025 v\u00e6rt et turbulent \u00e5r for kongefamilien.\u00a0<\/p>\n<p>F\u00f8rste juledag publiserte NRK \u00e5rets episode av\u00a0<a href=\"https:\/\/tv.nrk.no\/serie\/aaret-med-kongefamilien\/sesong\/2025\/episode\/NNFA30000325\" target=\"_blank\" rel=\"nofollow noopener\">\u00ab\u00c5ret med kongefamilien\u00bb<\/a>, hvor\u00a0kongen, dronningen og kronprinsparet g\u00e5r gjennom \u00e5ret som har v\u00e6rt.\u00a0<\/p>\n<p>Her snakker de blant annet om <a href=\"https:\/\/www.tv2.no\/nyheter\/kronprinsesse-mette-marit-forberedes-pa-lungetransplantasjon\/18399077\/\" target=\"_blank\" rel=\"nofollow noopener\">kronprinsessens l<\/a>ungesykdom, straffesaken mot Marius Borg H\u00f8iby og\u00a0<a href=\"https:\/\/www.tv2.no\/tema\/martha-og-durek-dokumentar?page=3\" target=\"_blank\" rel=\"nofollow noopener\">M\u00e4rtha og Durek-dokumentaren \u00abRebel Royals\u00bb<\/a>.<\/p>\n<p>Kongen: \u2013 Ikke mulig \u00e5 forberede seg p\u00e5\u00a0<\/p>\n<p>Straffesaken mot Marius Borg H\u00f8iby sendte sjokkb\u00f8lger gjennom landet da han i august ble\u00a0<a href=\"https:\/\/www.tv2.no\/nyheter\/marius-borg-hoiby-tiltalt-for-fire-voldtekter\/18007314\/\" target=\"_blank\" style=\"letter-spacing: 0.01em;\" rel=\"nofollow noopener\">tiltalt for 32 lovbrudd<\/a>, blant disse fire voldtekter.\u00a0<\/p>\n<p>Rettssaken begynner 3. februar i Oslo tingrett.\u00a0<\/p>\n<p class=\"bold m-bold\" data-lab-font_weight=\"bold\">\u2013 Det er noe det ikke er mulig \u00e5 forberede seg p\u00e5, tror jeg, sier kong Harald i \u00ab\u00c5ret med kongefamilien\u00bb, og legger til at dette n\u00e5 er i domstolens hender.\u00a0<\/p>\n<p data-lab-font_weight=\"\">\u00a0\u2013 Men det er jo ikke akkurat noe man ser frem til, sier dronning Sonja.<\/p>\n<p data-lab-font_weight=\"\">Kongen legger ogs\u00e5 til at de tenker p\u00e5 de som er ber\u00f8rt i saken.\u00a0<\/p>\n<p>    <a class=\"article__link\" data-ga-active-label=\"\" data-ga-active-label-animation=\"\" href=\"https:\/\/www.tv2.no\/underholdning\/nye-offisielle-bilder-av-kongeparet\/18393102\/\" rel=\"nofollow noopener\" target=\"_blank\"><\/p>\n<p>    <img class=\"image__img lazyload\" itemprop=\"image\" title=\"\" alt=\"\" width=\"587\" height=\"247\" bad-src=\"https:\/\/www.europesays.com\/no\/wp-content\/uploads\/2025\/12\/1766747083_726_18393143.webp\" fetchpriority=\"auto\" \/><\/p>\n<p>\n            Nye offisielle bilder av Kongeparet\n        <\/p>\n<p>    <\/a><\/p>\n<p>\u2013 Samtidig vil jeg si at vi f\u00f8ler med alle de som er ber\u00f8rt. Ikke bare i v\u00e5r egen familie, men ogs\u00e5 alle andre som er ber\u00f8rt. Vi f\u00f8ler med dem og h\u00e5per de har det bra og f\u00e5r det bedre etter rettssaken.\u00a0<\/p>\n<p>Tar et oppgj\u00f8r med anklagene<\/p>\n<p>Kronprinsesse Mette-Marits h\u00e5ndtering og angivelig innblanding i straffesaken mot sin s\u00f8nn har ogs\u00e5 skapt overskrifter i \u00e5ret som har g\u00e5tt. I programmet tar hun et oppgj\u00f8r med anklagene.<\/p>\n<p class=\"bold m-bold\" data-lab-font_weight=\"bold\">\u2013 Jeg synes det har v\u00e6rt ganske krevende \u00e5 bli beskyldt for s\u00e5pass alvorlige ting, som jeg selvf\u00f8lgelig ikke har gjort, sier hun.<\/p>\n<p>\u2013 Det jeg kanskje blir mest lei meg for, er jo \u00e5 bli kritisert for hvordan vi har h\u00e5ndtert det som foreldre. At vi ikke har tatt det p\u00e5 alvor. Det synes jeg er vanskelig, legger hun til uten \u00e5 si n\u00f8yaktig hvilke anklager hun reagerer p\u00e5.<\/p>\n<p>Det er satt av syv uker til rettssaken mot H\u00f8iby, hvor det er ventet et stort pressekorps fra inn- og utland.\u00a0<\/p>\n<p>    <a class=\"article__link\" data-ga-active-label=\"\" data-ga-active-label-animation=\"\" href=\"https:\/\/www.tv2.no\/nyheter\/kronprinsesse-mette-marit-forberedes-pa-lungetransplantasjon\/18399077\/\" rel=\"nofollow noopener\" target=\"_blank\"><\/p>\n<p>    <img class=\"image__img lazyload\" itemprop=\"image\" title=\"\" alt=\"\" width=\"978\" height=\"411\" bad-src=\"https:\/\/www.europesays.com\/no\/wp-content\/uploads\/2025\/12\/18399092.webp\" fetchpriority=\"auto\" \/><\/p>\n<p>\n            Kronprinsesse Mette-Marit forberedes p\u00e5 lungetransplantasjon\n        <\/p>\n<p>    <\/a><\/p>\n<p>Kronprinsessen forteller videre at de ikke \u00f8nsker \u00e5 g\u00e5 inn p\u00e5 selve saken eller private forhold f\u00f8r det er h\u00e5ndtert i rettssystemet.\u00a0<\/p>\n<p>Kronprinsen forteller at de tenker p\u00e5 hvordan rettssaken blir for alle som er part i saken og alle som st\u00e5r dem n\u00e6r.\u00a0<\/p>\n<p>\u2013 Dette er vanskelig for alle sammen. Det er noe vi tenker mye p\u00e5, selvf\u00f8lgelig, sier han.<\/p>\n<p>Kongehusekspert: \u2013 Beundringsverdig<\/p>\n<p>\u2013 Jeg synes nesten det er beundringsverdig at de svarer s\u00e5 direkte p\u00e5 disse sp\u00f8rsm\u00e5lene. Programmet eksisterer jo nesten i kongefamiliens n\u00e5de, forteller TV 2s kongehusekspert\u00a0Ole-J\u00f8rgen Schulsrud-Hansen.\u00a0<\/p>\n<p>        <img class=\"image__img lazyload\" itemprop=\"image\" title=\"Foto: Torjus Sagenes \/ TV 2\" alt=\"TV 2s kongehusekspert, Ole J\u00f8rgen Ole J\u00f8rgen Schulsrud-Hansen, Foto: Torjus Sagenes \/ TV 2\" width=\"978\" height=\"656\" bad-src=\"https:\/\/www.europesays.com\/no\/wp-content\/uploads\/2025\/12\/1766747086_588_17664285.webp\" fetchpriority=\"auto\" \/><\/p>\n<p>      TV 2s kongehusekspert, Ole J\u00f8rgen Ole J\u00f8rgen Schulsrud-Hansen,<br \/>\n         Foto: Torjus Sagenes \/ TV 2<\/p>\n<p>\u2013 Det er forst\u00e5elig, slik som hun sier, at det \u00e5 bli kritisert rundt foreldrerollen er vanskelig. Det er noe vi ikke vet noe om, legger han til.\u00a0<\/p>\n<p>Nettavisens kongehusekspert og forfatter Tove Taalesen opplever ogs\u00e5 kronprinsparet som \u00abusedvanlig \u00e5pne\u00bb.\u00a0<\/p>\n<p>\u2013 B\u00e5de om kronprinsessens sykdom og hvordan det har p\u00e5virket familien og ogs\u00e5 Marius-saken. Dette synes jeg var et av de bedre programmene hvor de virkelig svarte ut noe iallfall. Jeg tror kronprinsparet og spesielt kronprinsessen f\u00e5r mye sympati ved \u00e5 vise den s\u00e5rbare siden av seg offentlig, forteller hun.\u00a0<\/p>\n<p>Taalesen forteller at hun kunne se p\u00e5 kronprinsessen at saken og anklagene rundt s\u00f8nnens straffesak har v\u00e6rt vanskelig.\u00a0<\/p>\n<p>\u2013 Det er f\u00f8rste gang vi ser en kronprinsesse som tar til motm\u00e6le, og at hun svarer ut det hun p\u00e5st\u00e5r er uriktige beskyldninger mot seg, forteller hun.\u00a0<\/p>\n<p>Taalesen opplever ogs\u00e5 kronprinsessen som lite konkret n\u00e5r det kommer til hvilke anklager det er hun reagerer p\u00e5.\u00a0<\/p>\n<p>\u2013 Det er ingen tvil om at hun f\u00f8ler seg urettferdig behandlet. Men s\u00e5 blir det hengende litt i lufta, hva er det egentlig du viser til? Kanskje f\u00e5r vi vite det en gang. Jeg forst\u00e5r godt kronprinsessen, at hun f\u00f8ler det urettferdig hvis hun opplever at det er uriktige.<\/p>\n<p>\u2013 Marius er ikke bare en vanlig s\u00f8nn, men s\u00f8nn av Norges framtidige dronning. Det inneb\u00e6rer at det er en offentlig rolle uansett om man liker det eller ikke, da er det kanskje legitimt \u00e5 stille sp\u00f8rsm\u00e5let om hvordan dette kunne skje i kongefamilien, mer enn \u00e5 kritisere dem som foreldre, legger hun til.\u00a0<\/p>\n<p>Samtaler etter avtalebrudd fortsetter<\/p>\n<p>H\u00f8iby-saken er ikke det eneste som har preget \u00e5ret for kongefamilien. Det har ogs\u00e5 v\u00e6rt stort medietrykk i inn- og utland rundt\u00a0<a href=\"https:\/\/www.tv2.no\/tema\/martha-og-durek-dokumentar?page=3\" target=\"_blank\" style=\"letter-spacing: 0.01em; font-family: &quot;TV 2 Text&quot;, Arial, sans-serif; font-size: 16px; font-weight: 300;\" rel=\"nofollow noopener\">M\u00e4rtha og Durek-dokumentaren \u00abRebel Royals\u00bb<\/a>, som i ettertid har vist seg \u00e5 inneholde b\u00e5de\u00a0<a href=\"https:\/\/www.tv2.no\/underholdning\/faktasjekk-av-rebel-royals-vg-og-verrett-innrommer-feil\/18150933\/\" target=\"_blank\" style=\"letter-spacing: 0.01em; font-family: &quot;TV 2 Text&quot;, Arial, sans-serif; font-size: 16px; font-weight: 300;\" rel=\"nofollow noopener\">faktafeil<\/a>\u00a0og\u00a0<a href=\"https:\/\/www.tv2.no\/underholdning\/slottet-svarer-brudd-pa-avtalen\/18104019\/\" target=\"_blank\" style=\"letter-spacing: 0.01em; font-family: &quot;TV 2 Text&quot;, Arial, sans-serif; font-size: 16px; font-weight: 300;\" rel=\"nofollow noopener\">avtalebrudd med\u00a0<\/a>kongehuset.<\/p>\n<p>    <a class=\"article__link\" data-ga-active-label=\"\" data-ga-active-label-animation=\"\" href=\"https:\/\/www.tv2.no\/nyheter\/ankom-med-maertha-og-durek-verrett\/18412016\/\" rel=\"nofollow noopener\" target=\"_blank\"><\/p>\n<p>    <img class=\"image__img lazyload\" itemprop=\"image\" title=\"\" alt=\"\" width=\"587\" height=\"341\" bad-src=\"https:\/\/www.europesays.com\/no\/wp-content\/uploads\/2025\/12\/18412119.webp\" fetchpriority=\"auto\" \/><\/p>\n<p>\n            Ankom med M\u00e4rtha og Durek Verrett\n        <\/p>\n<p>    <\/a><\/p>\n<p>\u2013 Dette er jo saker som er s\u00e5 altoverskyggende for det andre arbeidet som kongefamilien gj\u00f8r. Det m\u00e5 v\u00e6re frustrerende at det som ikke har noe med deres virke \u00e5 gj\u00f8re skygger over det virket de har, sier\u00a0Schulsrud-Hansen.<\/p>\n<p>Kong Harald har tidligere uttalt at\u00a0brudd p\u00e5 avtalen med kongehuset m\u00e5 l\u00f8ses i samtaler. I \u00ab\u00c5ret med kongefamilien\u00bb forteller han at samtalene g\u00e5r bra og at de kommer til \u00e5 fortsette. Han mener ogs\u00e5 dette er den beste l\u00f8sningen p\u00e5 det mye omtalte avtalebruddet.\u00a0<\/p>\n<p>\u2013 Hele vitsen med samtalene er at vi skal forst\u00e5 hverandre bedre, og gj\u00f8re det som er n\u00f8dvendig for \u00e5 holde disse to verdenene adskilt, forteller han.<\/p>\n<p>\u00c5ret har ogs\u00e5 v\u00e6rt preget av store endringer for kronprinsfamilien, da kronprinsesse Ingrid Alexandra og prins Sverre Magnus forlot redet og flyttet utenlands til Australia og Italia.\u00a0<\/p>\n","protected":false},"excerpt":{"rendered":"I likhet med fjor\u00e5ret har 2025 v\u00e6rt et turbulent \u00e5r for kongefamilien.\u00a0 F\u00f8rste juledag publiserte NRK \u00e5rets episode&hellip;\n","protected":false},"author":2,"featured_media":122113,"comment_status":"","ping_status":"","sticky":false,"template":"","format":"standard","meta":{"footnotes":""},"categories":[10],"tags":[20,21,24,25,15,22,23,13,30,28,29,14,16,26,27],"class_list":{"0":"post-122112","1":"post","2":"type-post","3":"status-publish","4":"format-standard","5":"has-post-thumbnail","7":"category-norge","8":"tag-breaking-news","9":"tag-breakingnews","10":"tag-featured-news","11":"tag-featurednews","12":"tag-headlines","13":"tag-latest-news","14":"tag-latestnews","15":"tag-news","16":"tag-no","17":"tag-norge","18":"tag-norway","19":"tag-nyheter","20":"tag-overskrifter","21":"tag-top-stories","22":"tag-topstories"},"share_on_mastodon":{"url":"https:\/\/pubeurope.com\/@no\/115785546037085055","error":""},"_links":{"self":[{"href":"https:\/\/www.europesays.com\/no\/wp-json\/wp\/v2\/posts\/122112","targetHints":{"allow":["GET"]}}],"collection":[{"href":"https:\/\/www.europesays.com\/no\/wp-json\/wp\/v2\/posts"}],"about":[{"href":"https:\/\/www.europesays.com\/no\/wp-json\/wp\/v2\/types\/post"}],"author":[{"embeddable":true,"href":"https:\/\/www.europesays.com\/no\/wp-json\/wp\/v2\/users\/2"}],"replies":[{"embeddable":true,"href":"https:\/\/www.europesays.com\/no\/wp-json\/wp\/v2\/comments?post=122112"}],"version-history":[{"count":0,"href":"https:\/\/www.europesays.com\/no\/wp-json\/wp\/v2\/posts\/122112\/revisions"}],"wp:featuredmedia":[{"embeddable":true,"href":"https:\/\/www.europesays.com\/no\/wp-json\/wp\/v2\/media\/122113"}],"wp:attachment":[{"href":"https:\/\/www.europesays.com\/no\/wp-json\/wp\/v2\/media?parent=122112"}],"wp:term":[{"taxonomy":"category","embeddable":true,"href":"https:\/\/www.europesays.com\/no\/wp-json\/wp\/v2\/categories?post=122112"},{"taxonomy":"post_tag","embeddable":true,"href":"https:\/\/www.europesays.com\/no\/wp-json\/wp\/v2\/tags?post=122112"}],"curies":[{"name":"wp","href":"https:\/\/api.w.org\/{rel}","templated":true}]}}