{"id":122118,"date":"2025-12-26T11:14:04","date_gmt":"2025-12-26T11:14:04","guid":{"rendered":"https:\/\/www.europesays.com\/no\/122118\/"},"modified":"2025-12-26T11:14:04","modified_gmt":"2025-12-26T11:14:04","slug":"vant-valget-etter-manuell-opptelling","status":"publish","type":"post","link":"https:\/\/www.europesays.com\/no\/122118\/","title":{"rendered":"Vant valget etter manuell opptelling"},"content":{"rendered":"<p class=\"kicker text-red color_mobile_text-red\" style=\"\">Trump-st\u00f8ttet presidentkandidat:<\/p>\n<p>  Nasry Asfura er vinner av presidentvalget i Honduras, erkl\u00e6rer valgkommisjonen etter en manuell opptelling av stemmer er gjennomf\u00f8rt over tre uker etter valget.<\/p>\n<p>\n    Nasry Asfura blir Honduras&#8217; neste president, har valgkommisjonen erkl\u00e6rt. Her stemmer han i valget 30. november i \u00e5r. Foto: Moises Castillo\n  <\/p>\n<p>Honduras holdt presidentvalg 30. november, men det var s\u00e5 jevnt mellom kandidatene at valgkommisjonen kalte det \u00abteknisk uavgjort\u00bb. Mens den manuelle fintellingen p\u00e5gikk, anklaget USA Honduras&#8217; valgkommisjon for valgfusk.<\/p>\n<p>Resultatet etter fintellingen er at Asfura fikk 40,3 prosent av stemmene, mens den mer sentrumsorienterte Salvador Nasralla fikk 39,5 prosent.<\/p>\n<p>USAs president Donald Trump har \u00e5pent st\u00f8ttet h\u00f8yreorienterte Asfura og truet med \u00e5 kutte bistand hvis han ikke vant.<\/p>\n<p>F\u00f8rste opptelling viste sv\u00e6rt jevnt l\u00f8p mellom Asfura (40,5 prosent) og Nasralla (39,3 prosent).<\/p>\n<p>Valgkommisjonen hadde frist til 30. desember med \u00e5 kunngj\u00f8re en vinner.<\/p>\n","protected":false},"excerpt":{"rendered":"Trump-st\u00f8ttet presidentkandidat: Nasry Asfura er vinner av presidentvalget i Honduras, erkl\u00e6rer valgkommisjonen etter en manuell opptelling av stemmer&hellip;\n","protected":false},"author":2,"featured_media":122119,"comment_status":"","ping_status":"","sticky":false,"template":"","format":"standard","meta":{"footnotes":""},"categories":[12],"tags":[20,21,24,25,15,22,23,13,30,28,29,14,16,26,27,42,43,44,45],"class_list":{"0":"post-122118","1":"post","2":"type-post","3":"status-publish","4":"format-standard","5":"has-post-thumbnail","7":"category-verden","8":"tag-breaking-news","9":"tag-breakingnews","10":"tag-featured-news","11":"tag-featurednews","12":"tag-headlines","13":"tag-latest-news","14":"tag-latestnews","15":"tag-news","16":"tag-no","17":"tag-norge","18":"tag-norway","19":"tag-nyheter","20":"tag-overskrifter","21":"tag-top-stories","22":"tag-topstories","23":"tag-verden","24":"tag-world","25":"tag-world-news","26":"tag-worldnews"},"share_on_mastodon":{"url":"https:\/\/pubeurope.com\/@no\/115785581453360751","error":""},"_links":{"self":[{"href":"https:\/\/www.europesays.com\/no\/wp-json\/wp\/v2\/posts\/122118","targetHints":{"allow":["GET"]}}],"collection":[{"href":"https:\/\/www.europesays.com\/no\/wp-json\/wp\/v2\/posts"}],"about":[{"href":"https:\/\/www.europesays.com\/no\/wp-json\/wp\/v2\/types\/post"}],"author":[{"embeddable":true,"href":"https:\/\/www.europesays.com\/no\/wp-json\/wp\/v2\/users\/2"}],"replies":[{"embeddable":true,"href":"https:\/\/www.europesays.com\/no\/wp-json\/wp\/v2\/comments?post=122118"}],"version-history":[{"count":0,"href":"https:\/\/www.europesays.com\/no\/wp-json\/wp\/v2\/posts\/122118\/revisions"}],"wp:featuredmedia":[{"embeddable":true,"href":"https:\/\/www.europesays.com\/no\/wp-json\/wp\/v2\/media\/122119"}],"wp:attachment":[{"href":"https:\/\/www.europesays.com\/no\/wp-json\/wp\/v2\/media?parent=122118"}],"wp:term":[{"taxonomy":"category","embeddable":true,"href":"https:\/\/www.europesays.com\/no\/wp-json\/wp\/v2\/categories?post=122118"},{"taxonomy":"post_tag","embeddable":true,"href":"https:\/\/www.europesays.com\/no\/wp-json\/wp\/v2\/tags?post=122118"}],"curies":[{"name":"wp","href":"https:\/\/api.w.org\/{rel}","templated":true}]}}