{"id":122120,"date":"2025-12-26T11:15:09","date_gmt":"2025-12-26T11:15:09","guid":{"rendered":"https:\/\/www.europesays.com\/no\/122120\/"},"modified":"2025-12-26T11:15:09","modified_gmt":"2025-12-26T11:15:09","slug":"ma-se-til-andre-land-e24","status":"publish","type":"post","link":"https:\/\/www.europesays.com\/no\/122120\/","title":{"rendered":"\u2013 M\u00e5 se til andre land \u2013 E24"},"content":{"rendered":"<p class=\"fullWidthDesktop hyperion-css-71ztg2\" data-test-tag=\"lead-text\">Nestleder Hans Andreas Limi i Frp mener regjeringen m\u00e5 finne en l\u00f8sning for amerikanske pensjonskontoer. <\/p>\n<p><img decoding=\"async\" class=\"image-asset hyperion-css-1efkz2k\" data-test-tag=\"image-asset\" src=\"https:\/\/www.europesays.com\/no\/wp-content\/uploads\/2025\/12\/a32a4a67-6c08-45af-9a04-7fb063d80052\"  alt=\"Nestleder Hans Andreas Limi i Frp. \"  loading=\"eager\" fetchpriority=\"high\" style=\"aspect-ratio:1900 \/ 1267\"\/>Nestleder Hans Andreas Limi i Frp. Foto: Lise \u00c5serud \/ NTBPublisert: <\/p>\n<p>For mindre enn 40 minutter siden<\/p>\n<p>Oppdatert for mindre enn 20 minutter siden<\/p>\n<p>Kortversjonen<\/p>\n<ul class=\"hyperion-css-pkq1ci\" data-test-tag=\"list\">\n<li class=\"hyperion-css-12h2ush\">Frps nestleder Hans Andreas Limi mener regjeringen m\u00e5 l\u00f8se problemet med amerikanske pensjonskontoer som utl\u00f8ser formuesskatt i Norge. <\/li>\n<li class=\"hyperion-css-12h2ush\">Nordmenn som flytter hjem fra USA m\u00e5 betale b\u00e5de formuesskatt i Norge og skatt p\u00e5 pensjon i USA.<\/li>\n<li class=\"hyperion-css-12h2ush\">Limi mener dette hindrer kompetent arbeidskraft og forskere i \u00e5 bosette seg i Norge, i tillegg til \u00e5 gj\u00f8re det dyrt for nordmenn \u00e5 flytte hjem etter opphold i USA. <\/li>\n<\/ul>\n<p class=\"hyperion-css-10lbhat\">Oppsummeringen er laget av AI-verkt\u00f8yet ChatGPT og kvalitetssikret av E24s journalister<\/p>\n<p>Vis mer <\/p>\n<ul class=\"hyperion-css-pte5x0\">\n<li aria-label=\"link\" class=\"narrow-button hyperion-css-1sz7d3n\">Kopier lenke<\/li>\n<li aria-label=\"link\" class=\"wide-button hyperion-css-1sz7d3n\">Kopier lenke<\/li>\n<li aria-label=\"facebook\" class=\"narrow-button hyperion-css-1sz7d3n\">Del p\u00e5 Facebook<\/li>\n<li aria-label=\"facebook\" class=\"wide-button hyperion-css-1sz7d3n\">Del p\u00e5 Facebook<\/li>\n<li aria-label=\"email\" class=\"narrow-button hyperion-css-1sz7d3n\">Del med e-post<\/li>\n<li aria-label=\"email\" class=\"wide-button hyperion-css-1sz7d3n\">Del med e-post<\/li>\n<\/ul>\n<p class=\"hyperion-css-1lemvax\">E24 omtalte nylig <a data-test-tag=\"internal-link\" href=\"https:\/\/e24.no\/norsk-oekonomi\/i\/gkPlOJ\/skatteregler-kan-gjoere-det-for-dyrt-for-bente-aa-bli-i-norge\" class=\"hyperion-css-1rezu2g\" rel=\"nofollow noopener\" target=\"\" aria-label=\"problemene amerikanske pensjonskontoer\">problemene amerikanske pensjonskontoer<\/a> skaper for nordmenn som flytter hjem etter \u00e5 ha bodd og jobbet i USA. <\/p>\n<p class=\"hyperion-css-1lemvax\">Siden pensjonssparing i stor grad skjer privat i USA, regnes pensjonskontoene som formue i Norge. Dermed blir flere dobbeltbeskattet, fordi de m\u00e5 betale b\u00e5de formuesskatt i Norge og skatt p\u00e5 uttak av pensjon i USA. <\/p>\n<p><a data-test-tag=\"teaser-small:link-internal\" href=\"https:\/\/e24.no\/boers-og-finans\/i\/Ey0ggo\/hedgefond-forvaltere-disse-aksjene-ville-de-lagt-under-juletreet\" class=\"imagePosition-top inline hyperion-css-6238vu\" rel=\"nofollow noopener\" target=\"\" aria-label=\"Hedgefond-forvaltere: Disse aksjene ville de lagt under juletreet\"><\/p>\n<p>Les p\u00e5 E24+<\/p>\n<p>Hedgefond-forvaltere: Disse aksjene ville de lagt under juletreet<\/p>\n<p><\/a><\/p>\n<p class=\"hyperion-css-1lemvax\">Frps nestleder og stortingsrepresentant Hans Andreas Limi mener regjeringen m\u00e5 finne en l\u00f8sning. <\/p>\n<p class=\"hyperion-css-1lemvax\">\u2013 S\u00e5 langt jeg kjenner til s\u00e5 har stort sett alle andre land i Europa l\u00f8st dette, sier han, og legger til at det tross alt er enklere i land som ikke har formuesskatt.<\/p>\n<p class=\"hyperion-css-1lemvax\">\u2013 Men de som har det, har greid \u00e5 gi pensjon et unntak. Dette er ikke midler den enkelte disponerer f\u00f8r man begynner \u00e5 ta ut pensjon. <\/p>\n<p>Ang\u00e5r b\u00e5de nordmenn og amerikanere<\/p>\n<p class=\"hyperion-css-1lemvax\">Statssekret\u00e6r Ellen Reitan (Ap) i Finansdepartementet sa til E24 at amerikanske pensjonskontoer ligner mer p\u00e5 aksje- fonds- eller banksparing etter norske kriterier, og at de derfor ikke behandles som pensjon i skattegrunnlaget i Norge. <\/p>\n<p class=\"hyperion-css-1lemvax\">Limi mener det ikke b\u00f8r v\u00e6re et hinder. <\/p>\n<p class=\"hyperion-css-1lemvax\">\u2013 Finansdepartementet velger \u00e5 ikke forholde seg til dette. Her kunne de sk\u00e5ret gjennom og laget en praksis. <\/p>\n<p class=\"hyperion-css-1lemvax\">Stortingsrepresentanten p\u00e5peker at dette ikke bare er et hinder for nordmenn som vil flytte tilbake til hjemlandet etter lange opphold i USA, men ogs\u00e5 for arbeidskraft og forskere Norge \u00f8nsker seg. <\/p>\n<p class=\"hyperion-css-1lemvax\">\u2013 Vi trenger kompetanse som det ikke alltid er mulig \u00e5 finne i Norge. Da kan vi ikke ha et regelverk som gj\u00f8r det umulig \u00e5 bosette seg i Norge enten midlertidig eller permanent, sier Limi. <\/p>\n<p>\u2013 Skal forhindre dobbeltbeskatning<\/p>\n<p class=\"hyperion-css-1lemvax\">Frps l\u00f8sning er som kjent prim\u00e6rt \u00e5 fjerne formuesskatten helt \u2013 men veien dit kan bli lang. <\/p>\n<p class=\"hyperion-css-1lemvax\">Dermed blir l\u00f8sningsforslaget et litt mer realistisk ett p\u00e5 kort sikt fra Limis side:<\/p>\n<p class=\"hyperion-css-1lemvax\">\u2013 Vi ville sett p\u00e5 hvordan andre land har l\u00f8st dette, og etablert samme regelverk i Norge. Her b\u00f8r man kunne gj\u00f8re prinsipielle avgrensninger s\u00e5 ikke pensjonsmidler regnes som formue. <\/p>\n<p class=\"hyperion-css-1lemvax\">Limi er ogs\u00e5 nysgjerrig p\u00e5 hva som foreg\u00e5r i forhandlingene om ny skatteavtale med USA. Sist han stilte regjeringen sp\u00f8rsm\u00e5l om dette, var Trygve Slagsvold Vedum (Sp) finansminister. Svaret den gang, h\u00f8sten 2024, var at arbeidet tok tid p\u00e5 grunn av arbeid med skattereformer i USA, samt st\u00f8rre internasjonale prosesser p\u00e5 skatt. <\/p>\n<p class=\"hyperion-css-1lemvax\">Reitan sa til E24 at departementet ikke kan si noe om hva som forhandles om mellom Norge og USA. Limi har f\u00e5tt samme beskjed av regjeringen. <\/p>\n<p class=\"hyperion-css-1lemvax\">\u2013 Skatteavtalen vi har er gammel, men skal fortsatt forhindre dobbeltbeskatning. <\/p>\n","protected":false},"excerpt":{"rendered":"Nestleder Hans Andreas Limi i Frp mener regjeringen m\u00e5 finne en l\u00f8sning for amerikanske pensjonskontoer. Nestleder Hans Andreas&hellip;\n","protected":false},"author":2,"featured_media":122121,"comment_status":"","ping_status":"","sticky":false,"template":"","format":"standard","meta":{"footnotes":""},"categories":[10],"tags":[20,21,24,25,15,22,23,13,30,28,29,14,16,26,27],"class_list":{"0":"post-122120","1":"post","2":"type-post","3":"status-publish","4":"format-standard","5":"has-post-thumbnail","7":"category-norge","8":"tag-breaking-news","9":"tag-breakingnews","10":"tag-featured-news","11":"tag-featurednews","12":"tag-headlines","13":"tag-latest-news","14":"tag-latestnews","15":"tag-news","16":"tag-no","17":"tag-norge","18":"tag-norway","19":"tag-nyheter","20":"tag-overskrifter","21":"tag-top-stories","22":"tag-topstories"},"share_on_mastodon":{"url":"https:\/\/pubeurope.com\/@no\/115785585662756146","error":""},"_links":{"self":[{"href":"https:\/\/www.europesays.com\/no\/wp-json\/wp\/v2\/posts\/122120","targetHints":{"allow":["GET"]}}],"collection":[{"href":"https:\/\/www.europesays.com\/no\/wp-json\/wp\/v2\/posts"}],"about":[{"href":"https:\/\/www.europesays.com\/no\/wp-json\/wp\/v2\/types\/post"}],"author":[{"embeddable":true,"href":"https:\/\/www.europesays.com\/no\/wp-json\/wp\/v2\/users\/2"}],"replies":[{"embeddable":true,"href":"https:\/\/www.europesays.com\/no\/wp-json\/wp\/v2\/comments?post=122120"}],"version-history":[{"count":0,"href":"https:\/\/www.europesays.com\/no\/wp-json\/wp\/v2\/posts\/122120\/revisions"}],"wp:featuredmedia":[{"embeddable":true,"href":"https:\/\/www.europesays.com\/no\/wp-json\/wp\/v2\/media\/122121"}],"wp:attachment":[{"href":"https:\/\/www.europesays.com\/no\/wp-json\/wp\/v2\/media?parent=122120"}],"wp:term":[{"taxonomy":"category","embeddable":true,"href":"https:\/\/www.europesays.com\/no\/wp-json\/wp\/v2\/categories?post=122120"},{"taxonomy":"post_tag","embeddable":true,"href":"https:\/\/www.europesays.com\/no\/wp-json\/wp\/v2\/tags?post=122120"}],"curies":[{"name":"wp","href":"https:\/\/api.w.org\/{rel}","templated":true}]}}