{"id":122122,"date":"2025-12-26T11:16:23","date_gmt":"2025-12-26T11:16:23","guid":{"rendered":"https:\/\/www.europesays.com\/no\/122122\/"},"modified":"2025-12-26T11:16:23","modified_gmt":"2025-12-26T11:16:23","slug":"eus-konkurransesjef-advarer-eu-vil-tape-kapplop-mot-bunnen","status":"publish","type":"post","link":"https:\/\/www.europesays.com\/no\/122122\/","title":{"rendered":"EUs konkurransesjef advarer: EU vil tape \u00abkappl\u00f8p mot bunnen\u00bb"},"content":{"rendered":"<p>EU-kommisjonens konkurransesjef Teresa Ribera advarer mot \u00e5 svekke EUs regelverk for \u00e5 blidgj\u00f8re USA og europeisk industri.\u00a0<\/p>\n<p>I et intervju med <a href=\"https:\/\/www.ft.com\/content\/e04e2098-187e-47a5-9442-543a8b19a03a\" rel=\"nofollow noopener\" target=\"_blank\">Financial Times<\/a> sier hun at EU vil tape et \u00abkappl\u00f8p mot bunnen\u00bb dersom Europa ruller tilbake reguleringer for \u00e5 fremst\u00e5 mer konkurransedyktig.<\/p>\n<p><b>\u2013 Det er ikke tilfeldig at det er den gr\u00f8nne og digitale agendaen som er under press. De er de viktigste driverne for konkurranseevne, sier Ribera.<\/b><\/p>\n<p class=\"subhead\" data-element-type=\"subhead\" data-element-label=\"Mellomtittel\">Vil lytte til USA<\/p>\n<p>Hun mener EU m\u00e5 v\u00e6re tydeligere p\u00e5 den digitale regelboken og gr\u00f8nne standarder, samtidig som det indre markedet styrkes.\u00a0<\/p>\n<p><b>Samtidig understreker hun at EU b\u00f8r lytte til USA \u2013 men ikke gi etter for krav om \u00e5 skrote regelverk p\u00e5 klima og digitalomr\u00e5det.<\/b><\/p>\n<p>\u2013 Hvis vi mister v\u00e5r identitet, v\u00e5re verdier og folks tillit, vil vi ikke v\u00e6re i posisjon til \u00e5 forhandle om noe, sier Ribera til FT.<\/p>\n<p>Uttalelsene kommer mens kommisjonen jobber med en omfattende forenkling av regelverket. Ribera sier det finnes klare grenser for hvor langt EU kan g\u00e5.<\/p>\n<p>\u2013 Det har v\u00e6rt \u00f8yeblikk der vi har m\u00e5ttet si: Beklager, men vi kommer ikke til \u00e5 reversere regelverket v\u00e5rt bare fordi du ikke liker det, sier hun.<\/p>\n<p class=\"subhead\" data-element-type=\"subhead\" data-element-label=\"Mellomtittel\">Setter standarden<\/p>\n<p>Kommisjonen har trappet opp h\u00e5ndhevingen av de digitale reglene, med unders\u00f8kelser av Amazon og Microsoft. I tillegg granskes AI-modeller hos Google og Metas WhatsApp, og X er ilagt en bot p\u00e5 120 millioner euro for brudd p\u00e5 regler om digital \u00e5penhet.<\/p>\n<p>Ribera mener EU fortsatt m\u00e5 ta rollen som global standardsetter.<\/p>\n<p>\u2013 Som europeere kan vi ikke satse p\u00e5 et kappl\u00f8p mot bunnen, sier hun til FT.<\/p>\n<p><b>Hun avviser ogs\u00e5 krav fra industrien om \u00e5 myke opp fusjonskontrollen for \u00e5 bygge \u00abeuropeiske mestere\u00bb i blant annet telekom og bank.<\/b><\/p>\n<p data-is-last-node=\"\" data-is-only-node=\"\">\u2013 Hvis det er noen som forventer fri passasje, vil de bli skuffet, sier Ribera.<\/p>\n","protected":false},"excerpt":{"rendered":"EU-kommisjonens konkurransesjef Teresa Ribera advarer mot \u00e5 svekke EUs regelverk for \u00e5 blidgj\u00f8re USA og europeisk industri.\u00a0 I&hellip;\n","protected":false},"author":2,"featured_media":122123,"comment_status":"","ping_status":"","sticky":false,"template":"","format":"standard","meta":{"footnotes":""},"categories":[5],"tags":[20,21,24,25,15,19,22,23,17,18,13,30,28,29,14,16,26,27],"class_list":{"0":"post-122122","1":"post","2":"type-post","3":"status-publish","4":"format-standard","5":"has-post-thumbnail","7":"category-overskrifter","8":"tag-breaking-news","9":"tag-breakingnews","10":"tag-featured-news","11":"tag-featurednews","12":"tag-headlines","13":"tag-hovedoppslag","14":"tag-latest-news","15":"tag-latestnews","16":"tag-main-news","17":"tag-mainnews","18":"tag-news","19":"tag-no","20":"tag-norge","21":"tag-norway","22":"tag-nyheter","23":"tag-overskrifter","24":"tag-top-stories","25":"tag-topstories"},"share_on_mastodon":{"url":"https:\/\/pubeurope.com\/@no\/115785589368803492","error":""},"_links":{"self":[{"href":"https:\/\/www.europesays.com\/no\/wp-json\/wp\/v2\/posts\/122122","targetHints":{"allow":["GET"]}}],"collection":[{"href":"https:\/\/www.europesays.com\/no\/wp-json\/wp\/v2\/posts"}],"about":[{"href":"https:\/\/www.europesays.com\/no\/wp-json\/wp\/v2\/types\/post"}],"author":[{"embeddable":true,"href":"https:\/\/www.europesays.com\/no\/wp-json\/wp\/v2\/users\/2"}],"replies":[{"embeddable":true,"href":"https:\/\/www.europesays.com\/no\/wp-json\/wp\/v2\/comments?post=122122"}],"version-history":[{"count":0,"href":"https:\/\/www.europesays.com\/no\/wp-json\/wp\/v2\/posts\/122122\/revisions"}],"wp:featuredmedia":[{"embeddable":true,"href":"https:\/\/www.europesays.com\/no\/wp-json\/wp\/v2\/media\/122123"}],"wp:attachment":[{"href":"https:\/\/www.europesays.com\/no\/wp-json\/wp\/v2\/media?parent=122122"}],"wp:term":[{"taxonomy":"category","embeddable":true,"href":"https:\/\/www.europesays.com\/no\/wp-json\/wp\/v2\/categories?post=122122"},{"taxonomy":"post_tag","embeddable":true,"href":"https:\/\/www.europesays.com\/no\/wp-json\/wp\/v2\/tags?post=122122"}],"curies":[{"name":"wp","href":"https:\/\/api.w.org\/{rel}","templated":true}]}}