{"id":122127,"date":"2025-12-26T11:26:09","date_gmt":"2025-12-26T11:26:09","guid":{"rendered":"https:\/\/www.europesays.com\/no\/122127\/"},"modified":"2025-12-26T11:26:09","modified_gmt":"2025-12-26T11:26:09","slug":"til-fotball-ny-enighet-mathias-22-blir-stor-til-signering-nordlys","status":"publish","type":"post","link":"https:\/\/www.europesays.com\/no\/122127\/","title":{"rendered":"TIL, Fotball | Ny enighet: Mathias (22) blir stor TIL-signering &#8211; Nordlys"},"content":{"rendered":"<ol>\n<li><a href=\"https:\/\/news.google.com\/rss\/articles\/CBMimwFBVV95cUxOQ1hvVlloY2hldlhINzRRU2F0NTY0dGlXX0dEdlY4WHU1T1RoNnExcHowM1htM1VUdEx0Q0Z6MWJJZEhWS29ndFh3eGdrV1Z1NlJlQlZlNFcwTWpnd3R2bmhGLXRpeVljWUZ6SkJDaUg4eUR2V0hpS1RRZkxySmR1RHNIam9kdzEzMWFVam5YS004cnIzMW45Y1FGbw?oc=5\" target=\"_blank\" rel=\"nofollow noopener\">TIL, Fotball | Ny enighet: Mathias (22) blir stor TIL-signering<\/a>&nbsp;&nbsp;Nordlys<\/li>\n<li><a href=\"https:\/\/news.google.com\/rss\/articles\/CBMiqwFBVV95cUxQRmlyNndBTE95bWVqbVUwOHhjYUlmek42dk1PM0dHVzU0WVJsYU9zcjkwaU1oUV9lNXRsQW9ob0xjbmk3Y0kySmVFY3NhVGg1VW9NVU1EUmN4SmRFcEgxUlVPd2dRd0ZlOXA5dVpORUxkV3dBRkYwSHdnNFFlWV8tUi1KNTAyZ1JDcDh4eUJSWWw2bGtOejEtLUM2M0RrSlowNVdjd3JxTGZDYXc?oc=5\" target=\"_blank\" rel=\"nofollow noopener\">Opplysninger til VG: KFUM-stopper p\u00e5 vei til Troms\u00f8 i rekordavtale<\/a>&nbsp;&nbsp;VG<\/li>\n<li><a href=\"https:\/\/news.google.com\/rss\/articles\/CBMimgFBVV95cUxQQXU4Rzl2RnMzV250SUxOeVFubWJUMUF2bUZxOVF0S0NyRkI2S0hiSGNmbVFIVG1wN0RqbkJFcExEa2xvdGRlQjFhUExKYjRNVEJ6T0NRMWx6UWx4WnR6ZkUwZjRUempkZE5FT0pGcGxmTTc5NzNEeC1tV2JPdTJrQnhqWmJvSTVLSDRjMUc4aUF2M1g5dHZwSnVB?oc=5\" target=\"_blank\" rel=\"nofollow noopener\">TV 2 erfarer: Troms\u00f8 blar opp 13 millioner for stoppertalent<\/a>&nbsp;&nbsp;TV2.no<\/li>\n<li><a href=\"https:\/\/news.google.com\/rss\/articles\/CBMitAFBVV95cUxONWprTW5MYURLRVZMdkdPekgyQ2FaTlAzRDJIT3JrODNyT0lQWHRYZXN2elY0RlgtM05VZWVrRWJ1TEZEWWl1VDV6Um50MWp4N2pKT1NHSUdqWktLZTVSNzVPbmxWUFhyck5MMW1YWmowaGEzRXI5MFdINi14dWNXOWxFVTV1TzJUTDY0bm1GT1VzNkxLRXJiZnJ4QkJWOFNtMUc5aFgwdDJHSUFSelBiVTQ2V0w?oc=5\" target=\"_blank\" rel=\"nofollow noopener\">(+) Opplysninger til iTroms\u00f8: TIL n\u00e6re \u00e5 gjennomf\u00f8re to (!) rekordkj\u00f8p<\/a>&nbsp;&nbsp;itromso.no<\/li>\n<li><a href=\"https:\/\/news.google.com\/rss\/articles\/CBMinwFBVV95cUxPWUFuLXRHUUVkcDBRQlBaMkNieVpQNmVMSmxUZmV5clk4YlZiZ0dBU3Jnd244aEpmZmdBNFlURU12NDBHLXEtTVlTUnlJZUZtcGtCT3R1MGhnRlBJeWVCRzloc0x1Y2JFNXJ2YkpTMHZwLUlRblZhUklhbTctRTF2QzJfQ2lRZzNqeTJYc2h0b3RZY0EtcFBxekNBVUx0Ymc?oc=5\" target=\"_blank\" rel=\"nofollow noopener\">Mathias T\u00f8nnessen, Troms\u00f8 il | Troms\u00f8 blar opp 13 millioner for Eliteserien-profil<\/a>&nbsp;&nbsp;Nettavisen<\/li>\n<\/ol>\n","protected":false},"excerpt":{"rendered":"TIL, Fotball | Ny enighet: Mathias (22) blir stor TIL-signering&nbsp;&nbsp;Nordlys Opplysninger til VG: KFUM-stopper p\u00e5 vei til Troms\u00f8&hellip;\n","protected":false},"author":2,"featured_media":122128,"comment_status":"","ping_status":"","sticky":false,"template":"","format":"standard","meta":{"footnotes":""},"categories":[5],"tags":[20,21,24,25,15,19,22,23,17,18,13,30,28,29,14,16,26,27],"class_list":{"0":"post-122127","1":"post","2":"type-post","3":"status-publish","4":"format-standard","5":"has-post-thumbnail","7":"category-overskrifter","8":"tag-breaking-news","9":"tag-breakingnews","10":"tag-featured-news","11":"tag-featurednews","12":"tag-headlines","13":"tag-hovedoppslag","14":"tag-latest-news","15":"tag-latestnews","16":"tag-main-news","17":"tag-mainnews","18":"tag-news","19":"tag-no","20":"tag-norge","21":"tag-norway","22":"tag-nyheter","23":"tag-overskrifter","24":"tag-top-stories","25":"tag-topstories"},"share_on_mastodon":{"url":"https:\/\/pubeurope.com\/@no\/115785628577584867","error":""},"_links":{"self":[{"href":"https:\/\/www.europesays.com\/no\/wp-json\/wp\/v2\/posts\/122127","targetHints":{"allow":["GET"]}}],"collection":[{"href":"https:\/\/www.europesays.com\/no\/wp-json\/wp\/v2\/posts"}],"about":[{"href":"https:\/\/www.europesays.com\/no\/wp-json\/wp\/v2\/types\/post"}],"author":[{"embeddable":true,"href":"https:\/\/www.europesays.com\/no\/wp-json\/wp\/v2\/users\/2"}],"replies":[{"embeddable":true,"href":"https:\/\/www.europesays.com\/no\/wp-json\/wp\/v2\/comments?post=122127"}],"version-history":[{"count":0,"href":"https:\/\/www.europesays.com\/no\/wp-json\/wp\/v2\/posts\/122127\/revisions"}],"wp:featuredmedia":[{"embeddable":true,"href":"https:\/\/www.europesays.com\/no\/wp-json\/wp\/v2\/media\/122128"}],"wp:attachment":[{"href":"https:\/\/www.europesays.com\/no\/wp-json\/wp\/v2\/media?parent=122127"}],"wp:term":[{"taxonomy":"category","embeddable":true,"href":"https:\/\/www.europesays.com\/no\/wp-json\/wp\/v2\/categories?post=122127"},{"taxonomy":"post_tag","embeddable":true,"href":"https:\/\/www.europesays.com\/no\/wp-json\/wp\/v2\/tags?post=122127"}],"curies":[{"name":"wp","href":"https:\/\/api.w.org\/{rel}","templated":true}]}}