{"id":122131,"date":"2025-12-26T11:33:18","date_gmt":"2025-12-26T11:33:18","guid":{"rendered":"https:\/\/www.europesays.com\/no\/122131\/"},"modified":"2025-12-26T11:33:18","modified_gmt":"2025-12-26T11:33:18","slug":"erna-solberg-hoyre-solberg-er-ubekymret-om-nedturen-vi-blir-storst-igjen","status":"publish","type":"post","link":"https:\/\/www.europesays.com\/no\/122131\/","title":{"rendered":"Erna Solberg, H\u00f8yre | Solberg er ubekymret om nedturen: \u2013 Vi blir st\u00f8rst igjen"},"content":{"rendered":"\n<p>\u2013 H\u00f8yre kommer igjen til \u00e5 bli st\u00f8rre enn Frp, sl\u00e5r Solberg fast.<\/p>\n<p>Hun m\u00f8ter til intervju utenfor Stortinget gjennomf\u00f8rt antrukket i forventningens og h\u00e5pets farge, lilla.<\/p>\n<p>Helt siden 2004 har Erna Solberg ledet H\u00f8yre, men i februar er Ine Eriksen S\u00f8reide innstilt av valgkomiteen og klar for \u00e5 ta over stafettpinnen p\u00e5 H\u00f8yres landsm\u00f8te. Solberg vil ikke bli en \u00absjuende mor i huset\u00bb og legge seg opp i hva den nye partiledelsen vil prioritere.<\/p>\n<p>\u2013 Jeg tror at det blir en morsom v\u00e5r i H\u00f8yre. Det er jo alltid s\u00e5nn n\u00e5r du skal skifte partileder. I H\u00f8yre er det jo lenge siden sist gang, men \u2026, sier hun og ler litt som for \u00e5 understreke at hun er den partilederen i H\u00f8yre som har sittet suverent lengst i partiets 141 \u00e5r lange historie.<\/p>\n<p><b>Les ogs\u00e5: <\/b><a class=\"simple-relation related-teaser article--c-eRUmMG article--c-eRUmMG-fZoQSp-design-nettavisen article--c-eRUmMG-gwthdJ-cv\" href=\"https:\/\/www.nettavisen.no\/innrommer-trodde-ap-ville-tape-valget\/s\/5-95-2796021\" rel=\"nofollow noopener\" target=\"_blank\">Stoltenberg innr\u00f8mmer: \u2013 Trodde Ap ville tape valget<\/a><\/p>\n<p>Bekymret over oljepengebruken<\/p>\n<p>I sitt 37. \u00e5r p\u00e5 Stortinget er hun fremdeles verken slagen eller utbrent, men optimistisk og engasjert. Erna Solberg vil ha mer realfag i skolen, ha \u00f8kt satsing p\u00e5 Norge som teknologinasjon etter oljen, f\u00e5 vekk formuesskatten for \u00e5 f\u00e5 mer aktivitet og har en tydelig bekymring over bruken av oljepenger som hun mener har l\u00f8pt l\u00f8psk.<\/p>\n<p>\u2013 Vi hadde trengt \u00e5 bruke mer av pengene v\u00e5re p\u00e5 de tingene som gj\u00f8r at man f\u00e5r vekst i Norge, sier Solberg til NTB som en resignert kritikk av det nylig vedtatte statsbudsjettet for 2026.<\/p>\n<p>Julen og nytt\u00e5r feires hjemme i Bergen og skal ikke preges av politikk, men av familie og venner. Men p\u00e5 ny\u00e5ret er hun klar for nok et semester med pendling, n\u00e5 p\u00e5 plass i utenriks. og forsvarskomiteen, av flere trukket fram som en av de viktigste p\u00e5 Stortinget.<\/p>\n<p>   <img decoding=\"async\" width=\"8052\" height=\"5233\" fetchpriority=\"low\"  loading=\"lazy\"  src=\"https:\/\/www.europesays.com\/no\/wp-content\/uploads\/2025\/12\/Erna+Solberg+i+Vinterland+p%C3%A5+Karl+Johan+2025.jpg\" alt=\"Oslo 20251217. &#10;Avtroppende partileder i H\u00f8yre Erna Solberg fotografert i Vinterland p\u00e5 Karl Johan.&#10;Foto: Ole Berg-Rusten \/ NTB\" class=\"brick-c-cFOWSL\" style=\"--brick-image-ratio: 8052 \/ 5233;\"\/><\/p>\n<p>      G\u00c5R AV: Avtroppende partileder i H\u00f8yre Erna Solberg blir avl\u00f8st p\u00e5 ny\u00e5ret, men fortsetter p\u00e5 Stortinget.<br \/>\n      Foto: Ole Berg-Rusten (NTB)\n    <\/p>\n<p>  Jobbe hardere<\/p>\n<p>Flere meningsm\u00e5linger f\u00f8r jul plasserer H\u00f8yre p\u00e5 om lag 17 prosents oppslutning. Det er solid bak Frp som tar godt over 27 prosent av velgerne. Solberg tar det alvorlig, men \u00f8ser seg ikke opp av den grunn. H\u00f8yre har ligget godt under sin samarbeidspartner p\u00e5 h\u00f8yresiden tidligere ogs\u00e5, sier hun, og har helt rett.<\/p>\n<p><b>Les ogs\u00e5: <\/b><a class=\"simple-relation related-teaser article--c-eRUmMG article--c-eRUmMG-fZoQSp-design-nettavisen article--c-eRUmMG-gwthdJ-cv\" href=\"https:\/\/www.nettavisen.no\/raser-mot-snusforbudet-hvor-skal-dette-ende\/s\/5-95-2786680\" rel=\"nofollow noopener\" target=\"_blank\">Raser mot snusforbudet: \u2013 Hvor skal dette ende?<\/a><\/p>\n<p>Under Ernas styre har H\u00f8yre opplevd b\u00e5de dype daler og h\u00f8ye tinder p\u00e5 m\u00e5lingene. I juli 2009 l\u00e5 H\u00f8yre nede p\u00e5 13,1 prosent oppslutning, mens Frp paraderte med en tilhengerskare p\u00e5 27,5 prosent, viser historiske data fra Poll of polls. Tre \u00e5r senere var posisjonene snudd helt rundt. H\u00f8yre snuste helt opp mot 34 prosents oppslutning, mens Frp vaket rundt 15 prosent.<\/p>\n<p>\u2013 Vi snudde jo dette rundt og leverte politikk. Det er bare et sp\u00f8rsm\u00e5l om \u00e5 jobbe hardt og f\u00e5 fram den nye ledelsen i partiet og vise fram politikk og snakke om v\u00e5re l\u00f8sninger, sier Solberg selvsikkert.<\/p>\n<p>Mener Norge kunne sluppet EU-tollen<\/p>\n<p>I sin siste jul som partileder kommer Erna Solberg med et spark mot hovedrivalen Jonas Gahr St\u00f8re (Ap) ogs\u00e5. Det skulle ikke g\u00e5 mange m\u00e5nedene etter at Senterpartiet i januar br\u00f8t regjeringssamarbeidet over uenighet om \u00e5 innf\u00f8re deler av EUs omstridte Ren Energi-pakke, f\u00f8r Arbeiderpartiet hentet st\u00f8tte fra de borgerlige partiene og fikk innf\u00f8rt tre av de \u00e5tte direktivene.<\/p>\n<p>Samtidig lovet imidlertid St\u00f8re at de fem resterende delene av pakken skulle legges i skuffen.<\/p>\n<p>Akkurat det tenker Erna Solberg var et grep fra St\u00f8re som skaper st\u00f8rre utfordringer i Norges forhold til EU enn n\u00f8dvendig. Med litt st\u00f8rre smidighet i sin omgang med EU, kunne St\u00f8re s\u00f8rget for at Norge unnslapp tollrestriksjoner inn mot EU, mener hun.<\/p>\n<p>\u2013 Noe av grunnen til at vi klarte \u00e5 slippe unna den situasjonen vi n\u00e5 har kommet i knyttet til toll, da vi satt i regjering, var nok at vi hadde tette forhold p\u00e5 noen omr\u00e5der og at det politiske overkj\u00f8rte det juridiske slik at de ikke ga oss ekstra toll, sier Solberg.<\/p>\n<p>    Vil du se neste video?<\/p>\n<p>    <a href=\"https:\/\/www.nettavisen.no\/nyheter\/stripper-pa-string-showbar-i-oslo-avslorer-slik-far-jeg-mest-tips-i-trusa\/v\/5-95-2772941\" class=\"recommend-poster\" data-adp-clicklabel=\"video-recommend\" data-adp-clickvalue=\"poster\" rel=\"nofollow noopener\" target=\"_blank\"><br \/>\n      <img decoding=\"async\" width=\"200\" height=\"200\" loading=\"lazy\" src=\"https:\/\/www.europesays.com\/no\/wp-content\/uploads\/2025\/12\/Stripper+til+cue.jpg\" alt=\"\" class=\"brick-c-cFOWSL\" style=\"--brick-image-ratio: 200 \/ 200;\"\/><\/p>\n<p>Stripper avsl\u00f8rer: \u2013 Slik f\u00e5r jeg mest tips i trusa1:46<\/p>\n<p>    <\/a><\/p>\n<p>Enstemmig valgt \u2013 trakk seg<\/p>\n<p>Aksjeskandalen knyttet til ektemannen Sindre Finnes, som ble rullet opp for to og et halvt \u00e5r siden, har satt sine spor. Finnes solgte aksjene sine og dro hjem til Bergen da den omfattende listen over aksjehandlene ble offentliggjort. Erna ble igjen i stortingsleiligheten sin i Oslo, forberedt p\u00e5 videre politikk og klar for \u00e5 bli statsminister for borgerlig side etter valget i h\u00f8st.<\/p>\n<p>Landsm\u00f8tet til H\u00f8yre trodde nok velgerne ogs\u00e5 hadde lagt Finnes-saken bak seg da Solberg ble gjenvalgt ved st\u00e5ende applaus 22. mars i \u00e5r. Men etter en valgkamp der Ap, styrket med Jens Stoltenberg, heller valgte Sylvi Listhaug som motstander framfor H\u00f8yre, falt H\u00f8yre helt gjennom p\u00e5 valgdagen 8. september.<\/p>\n<p>Bare 14,6 prosent av velgerne ga H\u00f8yre sin stemme i valget \u2013 deres tredje d\u00e5rligste valg siden krigen. Fire dager senere sa Solberg at hun ville trekke seg som partileder. Men selv sto hun p\u00e5 f\u00f8rsteplass p\u00e5 H\u00f8yres liste i Hordaland og kom derfor overlegent inn p\u00e5 Stortinget. Der vil hun sitte de neste fire \u00e5rene, og det gleder hun seg over.<\/p>\n<p><b>Les ogs\u00e5: <\/b><a class=\"simple-relation related-teaser article--c-eRUmMG article--c-eRUmMG-fZoQSp-design-nettavisen article--c-eRUmMG-gwthdJ-cv\" href=\"https:\/\/www.nettavisen.no\/pafort-tidlig-dod-av-staten-vi-ble-dolket-i-ryggen\/s\/5-95-2782356\" rel=\"nofollow noopener\" target=\"_blank\">P\u00e5f\u00f8rt tidlig d\u00f8d av staten: \u2013 Vi ble dolket i ryggen<\/a><\/p>\n<p>En tid for alt<\/p>\n<p>\u2013 Det er selvf\u00f8lgelig litt vemodig. Samtidig syns jeg det er litt fint ogs\u00e5. Jeg hadde jo egentlig trodd at jeg skulle g\u00e5tt av i forrige periode. Men s\u00e5 ble det ikke s\u00e5nn, sier hun.<\/p>\n<p>Hun sier seg glad over at prosessen med lederbytte har v\u00e6rt rolig og mener det viser fram en god partikultur som er sjener\u00f8s og hvor folk er opptatt av hverandre.<\/p>\n<p>\u2013 Og s\u00e5 tenker jeg at det er en tid for alt. Jeg har blitt moden. Det blir sikkert litt rart n\u00e5r det endelig er s\u00e5nn, og jeg ikke trenger l\u00f8pe p\u00e5 et morgenm\u00f8te lenger. Eller et gruppestyrem\u00f8te og mye annet. Men det er masse ting \u00e5 ta fatt p\u00e5, sier hun.<\/p>\n<p>    Vil du se neste video?<\/p>\n<p>    <a href=\"https:\/\/www.nettavisen.no\/nyheter\/stripper-pa-string-showbar-i-oslo-avslorer-slik-far-jeg-mest-tips-i-trusa\/v\/5-95-2772941\" class=\"recommend-poster\" data-adp-clicklabel=\"video-recommend\" data-adp-clickvalue=\"poster\" rel=\"nofollow noopener\" target=\"_blank\"><br \/>\n      <img decoding=\"async\" width=\"200\" height=\"200\" loading=\"lazy\" src=\"https:\/\/www.europesays.com\/no\/wp-content\/uploads\/2025\/12\/Stripper+til+cue.jpg\" alt=\"\" class=\"brick-c-cFOWSL\" style=\"--brick-image-ratio: 200 \/ 200;\"\/><\/p>\n<p>Stripper avsl\u00f8rer: \u2013 Slik f\u00e5r jeg mest tips i trusa1:46<\/p>\n<p>    <\/a><\/p>\n","protected":false},"excerpt":{"rendered":"\u2013 H\u00f8yre kommer igjen til \u00e5 bli st\u00f8rre enn Frp, sl\u00e5r Solberg fast. Hun m\u00f8ter til intervju utenfor&hellip;\n","protected":false},"author":2,"featured_media":122132,"comment_status":"","ping_status":"","sticky":false,"template":"","format":"standard","meta":{"footnotes":""},"categories":[10],"tags":[20,21,24,25,15,22,23,13,30,28,29,14,16,26,27],"class_list":{"0":"post-122131","1":"post","2":"type-post","3":"status-publish","4":"format-standard","5":"has-post-thumbnail","7":"category-norge","8":"tag-breaking-news","9":"tag-breakingnews","10":"tag-featured-news","11":"tag-featurednews","12":"tag-headlines","13":"tag-latest-news","14":"tag-latestnews","15":"tag-news","16":"tag-no","17":"tag-norge","18":"tag-norway","19":"tag-nyheter","20":"tag-overskrifter","21":"tag-top-stories","22":"tag-topstories"},"share_on_mastodon":{"url":"https:\/\/pubeurope.com\/@no\/115785656333725203","error":""},"_links":{"self":[{"href":"https:\/\/www.europesays.com\/no\/wp-json\/wp\/v2\/posts\/122131","targetHints":{"allow":["GET"]}}],"collection":[{"href":"https:\/\/www.europesays.com\/no\/wp-json\/wp\/v2\/posts"}],"about":[{"href":"https:\/\/www.europesays.com\/no\/wp-json\/wp\/v2\/types\/post"}],"author":[{"embeddable":true,"href":"https:\/\/www.europesays.com\/no\/wp-json\/wp\/v2\/users\/2"}],"replies":[{"embeddable":true,"href":"https:\/\/www.europesays.com\/no\/wp-json\/wp\/v2\/comments?post=122131"}],"version-history":[{"count":0,"href":"https:\/\/www.europesays.com\/no\/wp-json\/wp\/v2\/posts\/122131\/revisions"}],"wp:featuredmedia":[{"embeddable":true,"href":"https:\/\/www.europesays.com\/no\/wp-json\/wp\/v2\/media\/122132"}],"wp:attachment":[{"href":"https:\/\/www.europesays.com\/no\/wp-json\/wp\/v2\/media?parent=122131"}],"wp:term":[{"taxonomy":"category","embeddable":true,"href":"https:\/\/www.europesays.com\/no\/wp-json\/wp\/v2\/categories?post=122131"},{"taxonomy":"post_tag","embeddable":true,"href":"https:\/\/www.europesays.com\/no\/wp-json\/wp\/v2\/tags?post=122131"}],"curies":[{"name":"wp","href":"https:\/\/api.w.org\/{rel}","templated":true}]}}