{"id":122135,"date":"2025-12-26T11:42:09","date_gmt":"2025-12-26T11:42:09","guid":{"rendered":"https:\/\/www.europesays.com\/no\/122135\/"},"modified":"2025-12-26T11:42:09","modified_gmt":"2025-12-26T11:42:09","slug":"egypt-botelegges-etter-apningskampen-i-afrikamesterskapet","status":"publish","type":"post","link":"https:\/\/www.europesays.com\/no\/122135\/","title":{"rendered":"Egypt b\u00f8telegges etter \u00e5pningskampen i Afrikamesterskapet"},"content":{"rendered":"\n<p class=\"_lead_o9xde_2 _lead_xtcu6_50 layout-component text-serif-m layout-normal text-serif-l layout-component layout-wide layout-padded _wide_17hqh_1 layout-padded\">Mohamed Salah og co. gikk rett forbi journalistene etter seieren over Zimbabwe i Afrikamesterskapet. Det koster Egypts fotballforbund en bot p\u00e5 50.000 kroner.<\/p>\n<p><img alt=\"Mohamed Salah og Egypt b\u00f8telegges.  Foto: Mosa'ab Elshamy \/ AP \/ NTB\" class=\"_image_qp4xg_65 layout-component layout-wide\" data-fullscreen- data-track-element-type=\"Article image fullscreen\" data-track-name=\"ImageFullscreen\" fetchpriority=\"high\" decoding=\"sync\" loading=\"eager\" height=\"3744\" itemprop=\"image\"  src=\"https:\/\/www.europesays.com\/no\/wp-content\/uploads\/2025\/12\/c6233664-f237-462b-b8a4-ec4bff9ab94d\"  style=\"object-position:0% 0%\" width=\"5616\"\/>Mohamed Salah og Egypt b\u00f8telegges.  Foto: Mosa&#8217;ab Elshamy \/ AP \/ NTB<\/p>\n<ul aria-hidden=\"true\" class=\"_images_ntbth_112\">\n<li><a class=\"_link_ntbth_117\" href=\"https:\/\/www.vg.no\/forfatter\/ntb\" style=\"z-index:1\" title=\"NTB\" rel=\"nofollow noopener\" target=\"_blank\"><img alt=\"Bilde av NTB\" class=\"_image_ntbth_93\" fetchpriority=\"low\" loading=\"lazy\" decoding=\"async\" itemprop=\"image\"  src=\"https:\/\/www.europesays.com\/no\/wp-content\/uploads\/2025\/12\/1766749329_246_c33980b0-5d07-4027-84a1-813f90a7c8d6\"  width=\"480\"\/><\/a><\/li>\n<\/ul>\n<p> Oppdatert fredag 26. desember kl. 12:00     <\/p>\n<p class=\"_paragraph_o9xde_4 _paragraph_xtcu6_10 layout-component text-serif-m layout-normal text-serif-m layout-padded\">Det afrikanske fotballforbundet (CAF) opplyser om boten fredag.<\/p>\n<p class=\"_paragraph_o9xde_4 _paragraph_xtcu6_10 layout-component text-serif-m layout-normal text-serif-m layout-padded\">Salah ble matchvinner i overtiden da Egypt slo Zimbabwe tidligere i uken. I etterkant ville ingen av spillerne snakke med pressen, noe som er p\u00e5lagt i mesterskapet.<\/p>\n<p class=\"_paragraph_o9xde_4 _paragraph_xtcu6_10 layout-component text-serif-m layout-normal text-serif-m layout-padded\">CAF har samtidig advart om at straffen blir betydelig strengere om det skjer igjen.<\/p>\n<p class=\"_paragraph_o9xde_4 _paragraph_xtcu6_10 layout-component text-serif-m layout-normal text-serif-m layout-padded\">Salah kom inn til mesterskapet etter noen vindfulle uker som Liverpool-spiller. Tidlig i desember gikk han hardt ut mot egen klubb samt trener Arne Slot for det han mente var urettmessig behandling.<\/p>\n<p class=\"_paragraph_o9xde_4 _paragraph_xtcu6_10 layout-component text-serif-m layout-normal text-serif-m layout-padded\">Egypteren har blitt plassert p\u00e5 benken i mange kamper denne sesongen, og han mente han ble brukt som syndebukk for klubbens svake resultater.<\/p>\n<p class=\"_paragraph_o9xde_4 _paragraph_xtcu6_10 layout-component text-serif-m layout-normal text-serif-m layout-padded\">I etterkant har han ikke villet snakke med pressen. Det er ikke kjent hvorfor spillerne unnlot \u00e5 gj\u00f8re det etter kampen mot Zimbabwe.<\/p>\n<p class=\"_paragraph_o9xde_4 _paragraph_xtcu6_10 layout-component text-serif-m layout-normal text-serif-m layout-padded\">Egypt skal senere fredag m\u00f8te S\u00f8r-Afrika i andre puljekamp. Marokko er arrang\u00f8r for mesterskapet.<\/p>\n","protected":false},"excerpt":{"rendered":"Mohamed Salah og co. gikk rett forbi journalistene etter seieren over Zimbabwe i Afrikamesterskapet. Det koster Egypts fotballforbund&hellip;\n","protected":false},"author":2,"featured_media":122136,"comment_status":"","ping_status":"","sticky":false,"template":"","format":"standard","meta":{"footnotes":""},"categories":[5],"tags":[20,21,24,25,15,19,22,23,17,18,13,30,28,29,14,16,26,27],"class_list":{"0":"post-122135","1":"post","2":"type-post","3":"status-publish","4":"format-standard","5":"has-post-thumbnail","7":"category-overskrifter","8":"tag-breaking-news","9":"tag-breakingnews","10":"tag-featured-news","11":"tag-featurednews","12":"tag-headlines","13":"tag-hovedoppslag","14":"tag-latest-news","15":"tag-latestnews","16":"tag-main-news","17":"tag-mainnews","18":"tag-news","19":"tag-no","20":"tag-norge","21":"tag-norway","22":"tag-nyheter","23":"tag-overskrifter","24":"tag-top-stories","25":"tag-topstories"},"share_on_mastodon":{"url":"https:\/\/pubeurope.com\/@no\/115785691546079403","error":""},"_links":{"self":[{"href":"https:\/\/www.europesays.com\/no\/wp-json\/wp\/v2\/posts\/122135","targetHints":{"allow":["GET"]}}],"collection":[{"href":"https:\/\/www.europesays.com\/no\/wp-json\/wp\/v2\/posts"}],"about":[{"href":"https:\/\/www.europesays.com\/no\/wp-json\/wp\/v2\/types\/post"}],"author":[{"embeddable":true,"href":"https:\/\/www.europesays.com\/no\/wp-json\/wp\/v2\/users\/2"}],"replies":[{"embeddable":true,"href":"https:\/\/www.europesays.com\/no\/wp-json\/wp\/v2\/comments?post=122135"}],"version-history":[{"count":0,"href":"https:\/\/www.europesays.com\/no\/wp-json\/wp\/v2\/posts\/122135\/revisions"}],"wp:featuredmedia":[{"embeddable":true,"href":"https:\/\/www.europesays.com\/no\/wp-json\/wp\/v2\/media\/122136"}],"wp:attachment":[{"href":"https:\/\/www.europesays.com\/no\/wp-json\/wp\/v2\/media?parent=122135"}],"wp:term":[{"taxonomy":"category","embeddable":true,"href":"https:\/\/www.europesays.com\/no\/wp-json\/wp\/v2\/categories?post=122135"},{"taxonomy":"post_tag","embeddable":true,"href":"https:\/\/www.europesays.com\/no\/wp-json\/wp\/v2\/tags?post=122135"}],"curies":[{"name":"wp","href":"https:\/\/api.w.org\/{rel}","templated":true}]}}