{"id":122137,"date":"2025-12-26T11:48:33","date_gmt":"2025-12-26T11:48:33","guid":{"rendered":"https:\/\/www.europesays.com\/no\/122137\/"},"modified":"2025-12-26T11:48:33","modified_gmt":"2025-12-26T11:48:33","slug":"politiet-mittjessheim-travel-natt-for-politiet-mange-bortvist-romerikes-blad","status":"publish","type":"post","link":"https:\/\/www.europesays.com\/no\/122137\/","title":{"rendered":"Politiet, Mittjessheim | Travel natt for politiet: Mange bortvist &#8211; Romerikes Blad"},"content":{"rendered":"<ol>\n<li><a href=\"https:\/\/news.google.com\/rss\/articles\/CBMifEFVX3lxTE0wSUZmMHF5d2UxMk1qcXpsbXNseVFPeTAzWDZtZlJ5VWUtYVpZVnA4TlRERnV3RWdpRGtZVFk2aTRzckxCc3Y0WUY0WW1MQUZsZklSRElpNlR5eFZsLTdtMUpUTGUwdUlReG9rSTl5Y1dFTFJPYTV5eWZWZnI?oc=5\" target=\"_blank\" rel=\"nofollow noopener\">Politiet, Mittjessheim | Travel natt for politiet: Mange bortvist<\/a>&nbsp;&nbsp;Romerikes Blad<\/li>\n<li><a href=\"https:\/\/news.google.com\/rss\/articles\/CBMieEFVX3lxTE1HR2J3ZURFSjJUNjJhbjVkcDI4TGdJcUpPalBaVWdwVENxZGxXSUJ4TWk1MGppM3l0dXZNMWcxNy12VkItZFpCVk9pMTlNS1JDTlR0OGFnRmVIQTM3anRCWFFQMjJBdlA4N0RKQjBwWmZZRWlPU1g1bg?oc=5\" target=\"_blank\" rel=\"nofollow noopener\">L\u00f8renskog, MittL\u00f8renskog | Drapsd\u00f8mt p\u00e5grepet p\u00e5 lille julaften<\/a>&nbsp;&nbsp;Romerikes Blad<\/li>\n<li><a href=\"https:\/\/news.google.com\/rss\/articles\/CBMic0FVX3lxTE84T0h0MEd4M1dqS0RLS09pdHlIem56OFVJMDV5WHU5YmJuLWpCNi1ZWWxSVl9CUWxodGh1SkxsckpoRHFrdUpndDRPUEdQRXBVcFR6cXQwcFozb0RadmNQb2hUOTR3UG9xcjdQOVFhU2p0eEk?oc=5\" target=\"_blank\" rel=\"nofollow noopener\">Mittjessheim, Gardermoen | Kraftig fall i antall st\u00f8yklager<\/a>&nbsp;&nbsp;Romerikes Blad<\/li>\n<li><a href=\"https:\/\/news.google.com\/rss\/articles\/CBMidkFVX3lxTE9qcmdQWjZqQ0owMHhqcHl5T1BzTXk4ZERjUVMxay12YkFycVRGcVhsbzZ1QXNvMlQ0RVJickdmSEhVVnFwZmc2bmQ0NEIzT1dTS3Frc1FfeWllaktXQjJoMVVIMDlldFRkVWtSYnFqUTJZNnppcWc?oc=5\" target=\"_blank\" rel=\"nofollow noopener\">Julequiz, Quiz | Pr\u00f8v RBs julekalender-quiz: Luke 24<\/a>&nbsp;&nbsp;Romerikes Blad<\/li>\n<li><a href=\"https:\/\/news.google.com\/rss\/articles\/CBMidkFVX3lxTE11bXNGT2VtcV9FbnhYV0NDS0JlTzMxdnluWnpfNzI0bWZkV0hjU084ZlQxRWtXNGkwQzdDX3hfdXlTalpVLVBlMER6cDdiWWdja25KUHl3bmZ6cUd6ekJkd0RwUUVrdVBjemYtOXhSenRiUzBVNGc?oc=5\" target=\"_blank\" rel=\"nofollow noopener\">Pr\u00f8v RBs julekalender-quiz: Luke 19<\/a>&nbsp;&nbsp;Romerikes Blad<\/li>\n<\/ol>\n","protected":false},"excerpt":{"rendered":"Politiet, Mittjessheim | Travel natt for politiet: Mange bortvist&nbsp;&nbsp;Romerikes Blad L\u00f8renskog, MittL\u00f8renskog | Drapsd\u00f8mt p\u00e5grepet p\u00e5 lille julaften&nbsp;&nbsp;Romerikes&hellip;\n","protected":false},"author":2,"featured_media":122138,"comment_status":"","ping_status":"","sticky":false,"template":"","format":"standard","meta":{"footnotes":""},"categories":[10],"tags":[20,21,24,25,15,22,23,13,30,28,29,14,16,26,27],"class_list":{"0":"post-122137","1":"post","2":"type-post","3":"status-publish","4":"format-standard","5":"has-post-thumbnail","7":"category-norge","8":"tag-breaking-news","9":"tag-breakingnews","10":"tag-featured-news","11":"tag-featurednews","12":"tag-headlines","13":"tag-latest-news","14":"tag-latestnews","15":"tag-news","16":"tag-no","17":"tag-norge","18":"tag-norway","19":"tag-nyheter","20":"tag-overskrifter","21":"tag-top-stories","22":"tag-topstories"},"share_on_mastodon":{"url":"https:\/\/pubeurope.com\/@no\/115785715067445924","error":""},"_links":{"self":[{"href":"https:\/\/www.europesays.com\/no\/wp-json\/wp\/v2\/posts\/122137","targetHints":{"allow":["GET"]}}],"collection":[{"href":"https:\/\/www.europesays.com\/no\/wp-json\/wp\/v2\/posts"}],"about":[{"href":"https:\/\/www.europesays.com\/no\/wp-json\/wp\/v2\/types\/post"}],"author":[{"embeddable":true,"href":"https:\/\/www.europesays.com\/no\/wp-json\/wp\/v2\/users\/2"}],"replies":[{"embeddable":true,"href":"https:\/\/www.europesays.com\/no\/wp-json\/wp\/v2\/comments?post=122137"}],"version-history":[{"count":0,"href":"https:\/\/www.europesays.com\/no\/wp-json\/wp\/v2\/posts\/122137\/revisions"}],"wp:featuredmedia":[{"embeddable":true,"href":"https:\/\/www.europesays.com\/no\/wp-json\/wp\/v2\/media\/122138"}],"wp:attachment":[{"href":"https:\/\/www.europesays.com\/no\/wp-json\/wp\/v2\/media?parent=122137"}],"wp:term":[{"taxonomy":"category","embeddable":true,"href":"https:\/\/www.europesays.com\/no\/wp-json\/wp\/v2\/categories?post=122137"},{"taxonomy":"post_tag","embeddable":true,"href":"https:\/\/www.europesays.com\/no\/wp-json\/wp\/v2\/tags?post=122137"}],"curies":[{"name":"wp","href":"https:\/\/api.w.org\/{rel}","templated":true}]}}