{"id":122139,"date":"2025-12-26T11:54:37","date_gmt":"2025-12-26T11:54:37","guid":{"rendered":"https:\/\/www.europesays.com\/no\/122139\/"},"modified":"2025-12-26T11:54:37","modified_gmt":"2025-12-26T11:54:37","slug":"danmarks-idrettspresident-kritiserer-ioc-for-a-tillate-russiske-utovere","status":"publish","type":"post","link":"https:\/\/www.europesays.com\/no\/122139\/","title":{"rendered":"Danmarks idrettspresident kritiserer IOC for \u00e5 tillate russiske ut\u00f8vere"},"content":{"rendered":"<p class=\"kicker \" style=\"\">Sivert Guttorm Bakken funnet d\u00f8d:<\/p>\n<p>  Idrettsut\u00f8vere har testet masketrening med simulert h\u00f8yde p\u00e5 10 000 moh.<\/p>\n<p>\n    P\u00c5 FULL FART TILBAKE: Formen pekte oppover for Sivert Guttorm Bakken under det siste verdenscuprennet i Frankrike f\u00f8r jul. S\u00e5 skjedde det fatale p\u00e5 treningsleiren i Italia f\u00e5 dager seinere. Det gj\u00f8r at h\u00f8ydemasken m\u00e5 stoppes inntil \u00e5rsaken til d\u00f8dsfallet er avklart. FOTO: Florian Frison\/DPPI\/Shutterstock\n  <\/p>\n<p>EN hel skiskytterverden s\u00f8rger over d\u00f8dsfallet til Sivert Guttorm Bakken. Han var en konkurrent som gjorde et sterkt og godt inntrykk p\u00e5 dette milj\u00f8et.<\/p>\n<p>Samtidig begynner utenlandske sportsmedier \u00e5 fortelle om den \u00f8kende\u00a0 bruken av h\u00f8ydemasker i enkelte idretter. I g\u00e5r var nyheten om masken toppoppslaget p\u00e5 italienske <a href=\"https:\/\/www.gazzetta.it\/olimpiadi-invernali\/25-12-2025\/bakken-al-momento-della-morte-indossava-una-maschera-ipossica.shtml\" rel=\"nofollow noopener\" target=\"_blank\">Gazetta dello Sport<\/a> som skrev om hvordan dette teknologiske verkt\u00f8yet ble brukt under trening.<\/p>\n<p>Omtalen kom med en klar advarsel:<\/p>\n<p>&#8211; Dette er fortsatt omstridt og har \u00e5penbart stor risiko for brukeren, <a href=\"https:\/\/www.gazzetta.it\/olimpiadi-invernali\/25-12-2025\/bakken-al-momento-della-morte-indossava-una-maschera-ipossica.shtml\" rel=\"nofollow noopener\" target=\"_blank\">skrev<\/a> Gazetto dello Sport.<\/p>\n<p>Det \u00e5 oppholde seg eller trene i ekstrem tynnluft gir ulike <a href=\"https:\/\/www.heart.org\/en\/news\/2025\/01\/08\/heart-protecting-advice-for-a-peak-experience-in-the-mountains\" rel=\"nofollow noopener\" target=\"_blank\">dokumenterte<\/a> medisinske <a href=\"https:\/\/www.ncbi.nlm.nih.gov\/books\/NBK430916\/\" rel=\"nofollow noopener\" target=\"_blank\">utfordringer<\/a>.\u00a0Det er den risikoen ledelsen i norsk idrett tilsynelatende er villig til \u00e5 ta, selv om det fortsatt mangler sikker kunnskap om at dette d\u00f8dsfallet har noe som helst \u00e5 gj\u00f8re med bruken av h\u00f8ydemaske.<\/p>\n<p>I p\u00e5vente av disse medisinske svarene har toppidrettssjef Tore \u00d8vreb\u00f8 enn\u00e5 ikke stoppet eventuell annen norsk maskebruk. Heller ikke hans overordnete i Norges Idrettsforbund har grepet inn:<\/p>\n<p>Verken idrettspresident Zaineb Al Samarai eller generalsekret\u00e6r Kjell Bjarne Helland har uttalt seg om de idrettslige konsekvensene av dette tragiske d\u00f8dsfallet.<\/p>\n<p>Den n\u00f8lingen overrasker det internasjonale forskermilj\u00f8et p\u00e5 h\u00f8ydetrening. Etter det Dagbladet erfarer er flere av disse ekspertene skeptiske til at en norsk toppidrett som lenge har hevdet seg sensasjonelt godt gjennom kjente, \u00e5pne treningsmetoder, n\u00e5 blir knyttet til ekstrem trening i det mange mener er en etisk og medisinsk gr\u00e5sone.<\/p>\n<p>RETT etter at det ble kjent at Sivert Guttorm Bakken var blitt funnet d\u00f8d p\u00e5 hotellrommet med h\u00f8ydemaske, gikk det ut en oppsiktsvekkende pressemelding fra Norges Skiskytterforbund.<\/p>\n<p>Der ble det understreket at Skiskytterforbundet ikke kjente til \u00ab<a href=\"https:\/\/www.dagbladet.no\/sport\/funnet-dod-hadde-pa-hoydemaske\/84025743\" rel=\"nofollow noopener\" target=\"_blank\">omstendighetene rundt anskaffelse og bruk av denne masken<\/a>\u00bb.<\/p>\n<p>Det er en uvitenhet det er vrient \u00e5 forst\u00e5 i og med at de unge skiskytternes treningsopplegg med h\u00f8ydemaske etter det Dagbladet erfarer, har v\u00e6rt godt kjent i milj\u00f8et.\u00a0<\/p>\n<p>    <a itemprop=\"url\" href=\"https:\/\/www.dagbladet.no\/sport\/nekter-a-svare\/84025914\" rel=\"nofollow noopener\" target=\"_blank\"><\/p>\n<p>        <img loading=\"lazy\" decoding=\"async\" src=\"https:\/\/www.europesays.com\/no\/wp-content\/uploads\/2025\/12\/1766750075_54_84026061.webp\" width=\"980\" height=\"441\" title=\"Nekter \u00e5 svare\" alt=\"\" class=\"lazyload\" style=\"--aspect-ratio-image: 2.22; \"\/><\/p>\n<p>        Nekter \u00e5 svare<\/p>\n<p>    <\/a><\/p>\n<p>DESSUTEN er all bruk av simulert h\u00f8yde i norsk toppidrett regulert gjennom egne <a href=\"https:\/\/olympiatoppen.no\/fagomrader\/utholdenhet\/simulert-hoyde\/\" rel=\"nofollow noopener\" target=\"_blank\">retningslinjer<\/a> fra Olympiatoppen. Der understrekes det at b\u00e5de ut\u00f8ver og trener\u00a0\u00abskal r\u00e5df\u00f8re seg med fagpersonell i Olympiatoppen\u00bb. Og at begrunnelsen for bruk\u00a0\u00abskal v\u00e6re grundig vurdert ut fra et helhetlig perspektiv\u00bb.<\/p>\n<p>Sivert Guttorm Bakken var i likhet med et par andre i dette Lillehammer-baserte treningsmilj\u00f8et knyttet tett opp mot h\u00f8ydetrenings-forskerne p\u00e5 Universitetet Innlandet. Der er den sentrale personen i denne forskningen ogs\u00e5 ansatt p\u00e5 deltid hos Olympiatoppen Innlandet.<\/p>\n<p>P\u00e5 den bakgrunn er det grunn til \u00e5 tro at store deler av disse fors\u00f8kene p\u00e5 \u00e5 finne de mest effektive treningsformene, har v\u00e6rt felles kunnskap blant trenerne og lederne i landslagsmilj\u00f8et i skiskyting.<\/p>\n<p>        LAVAZE, ITALIA: Dagbladets reporter er p\u00e5 plass utenfor hotellet der skiskytter Sivert Guttorm Bakken (27) ble funnet d\u00f8d p\u00e5 lille julaften. Reporter: Sondre Nodland<\/p>\n<p>NETTOPP derfor er det overraskende at en norsk toppidrett som lever av tilliten hos storsamfunnet, i en krisesituasjon ikke vil fortelle om hvordan denne treningen er blitt drevet.<\/p>\n<p>Da toppidrettssjef Tore \u00d8vreb\u00f8 forleden nektet \u00e5 svare p\u00e5 sp\u00f8rsm\u00e5l om denne driften, br\u00f8t han tilsynelatende med sine egne retningslinjer.<\/p>\n<p>For der blir det understreket at\u00a0\u00abut\u00f8ver og trener \u00e5pent skal kommunisere om bruk av simulert h\u00f8yde\u00bb.<\/p>\n<p>Poenget for denne i utgangspunktet strengt regulerte bruken av ulike kunstige verkt\u00f8y for h\u00f8ydetrening, er alts\u00e5 \u00e5 unng\u00e5 \u00f8deleggende hemmelighold.<\/p>\n<p>    <a itemprop=\"url\" href=\"https:\/\/www.dagbladet.no\/sport\/funnet-dod-hadde-pa-hoydemaske\/84025743\" rel=\"nofollow noopener\" target=\"_blank\"><\/p>\n<p>        <img loading=\"lazy\" decoding=\"async\" src=\"https:\/\/www.europesays.com\/no\/wp-content\/uploads\/2025\/12\/1766750076_235_84025748.webp\" width=\"980\" height=\"441\" title=\"Funnet d\u00f8d: Hadde p\u00e5 h\u00f8ydemaske\" alt=\"\" class=\"lazyload\" style=\"--aspect-ratio-image: 2.22; \"\/><\/p>\n<p>        Funnet d\u00f8d: Hadde p\u00e5 h\u00f8ydemaske<\/p>\n<p>    <\/a><\/p>\n<p>N\u00c5 ligger disse reglene som et \u00e5pent dokument p\u00e5 Olympiatoppens nettsider. Der er bare ment som veiledning for de aller beste i norsk toppidrett:<\/p>\n<p class=\"italic m-italic\" data-lab-italic=\"italic\">Olympiatoppen frar\u00e5der all bruk\u00a0med mindre du skal til EM, VM eller OL.<\/p>\n<p>Heller ikke p\u00e5 dette niv\u00e5 mangler det advarsler. Her fortelles det om vanskene ved de ulike teknologiske verkt\u00f8yene. Om en s\u00e5kalt \u00abHood\u00bb rundt sengeputa som kan oppleves <a href=\"https:\/\/olympiatoppen.no\/fagomrader\/utholdenhet\/simulert-hoyde\/\" rel=\"nofollow noopener\" target=\"_blank\">klaustrofobisk<\/a>, om h\u00f8ydetelt som kan bli <a href=\"https:\/\/olympiatoppen.no\/fagomrader\/utholdenhet\/simulert-hoyde\/\" rel=\"nofollow noopener\" target=\"_blank\">ubehagelig varme<\/a> og om masker som har \u00ab<a href=\"https:\/\/olympiatoppen.no\/fagomrader\/utholdenhet\/simulert-hoyde\/\" rel=\"nofollow noopener\" target=\"_blank\">un\u00f8yaktig kontroll av h\u00f8yde<\/a>\u00bb.<\/p>\n<p>Og alt dette ubehaget for en tvilsom effekt.<\/p>\n<p>FOR Olympiatoppen selv anbefaler <a href=\"https:\/\/olympiatoppen.no\/fagomrader\/utholdenhet\/simulert-hoyde\/\" rel=\"nofollow noopener\" target=\"_blank\">ikke<\/a> norske ut\u00f8vere \u00e5 benytte seg av utstyr for \u00e5 simulere h\u00f8yde p\u00e5 egenh\u00e5nd.\u00a0<\/p>\n<p>Dette fordi det if\u00f8lge Olympiatoppen mangler bredt nok <a href=\"https:\/\/olympiatoppen.no\/fagomrader\/utholdenhet\/simulert-hoyde\/\" rel=\"nofollow noopener\" target=\"_blank\">vitenskapelig grunnlag<\/a> for at denne treningsformen har en positiv innvirkning p\u00e5 prestasjonen.<\/p>\n<p>Hvordan Olympiatoppen likevel er blitt s\u00e5 tilsynelatende tett knyttet til denne maskebruken, mangler det forel\u00f8pig forklaring p\u00e5.<\/p>\n<p>    <a itemprop=\"url\" href=\"https:\/\/www.dagbladet.no\/sport\/engasjeres-etter-dodsfallet\/84027216\" rel=\"nofollow noopener\" target=\"_blank\"><\/p>\n<p>        <img loading=\"lazy\" decoding=\"async\" src=\"https:\/\/www.europesays.com\/no\/wp-content\/uploads\/2025\/12\/1766750076_263_84027221.webp\" width=\"980\" height=\"441\" title=\"Engasjeres etter d\u00f8dsfallet\" alt=\"\" class=\"lazyload\" style=\"--aspect-ratio-image: 2.22; \"\/><\/p>\n<p>        Engasjeres etter d\u00f8dsfallet<\/p>\n<p>    <\/a><\/p>\n<p>MEN det mangler ikke p\u00e5 vanvittige historier om hvordan enkelte ut\u00f8vere tester h\u00f8ydetrening.<\/p>\n<p>\u00c5ret f\u00f8r norsk idrett valgte \u00e5 skrote forbudet mot manipulert h\u00f8ydetrening, snakket den rutinerte belgiske sykkelstjernen Victor Campenaerts \u00e5pent om sin nye treningshverdag med h\u00f8ydemaske:<\/p>\n<p>&#8211; Hver ettermiddag tar jeg p\u00e5 masken en times tid for \u00e5 trene med mindre oksygen, <a href=\"https:\/\/www.cyclingnews.com\/news\/campenaerts-takes-altitude-training-to-further-extremes\/\" rel=\"nofollow noopener\" target=\"_blank\">sa<\/a> han til avisa Het Laatse Nieuws, og fortalte om s\u00e5kalt\u00a0\u00ab<a href=\"https:\/\/no.longfian.net\/news\/methods-of-hypoxic-training-69798000.html\" rel=\"nofollow noopener\" target=\"_blank\">intermitterende hypoksisk trening<\/a>\u00bb:<\/p>\n<p>&#8211; Det er en boost p\u00e5 ekstrem lav oksygenkonsentrasjon som gir kroppen din et intensiv til \u00e5 produsere ekstra r\u00f8de blodceller, <a href=\"https:\/\/www.cyclingnews.com\/news\/campenaerts-takes-altitude-training-to-further-extremes\/\" rel=\"nofollow noopener\" target=\"_blank\">forklarte<\/a> han.<\/p>\n<p>        <img loading=\"lazy\" decoding=\"async\" src=\"https:\/\/www.europesays.com\/no\/wp-content\/uploads\/2025\/12\/1766750077_834_84028288.webp\" width=\"980\" height=\"559\" title=\"TAR SJANSER: Den belgiske sykkelstjernen Victor Campenaerts har gjennomf\u00f8rt daglige \u00f8kter med h\u00f8ydemaske p\u00e5 10 000 moh. Verdens h\u00f8yeste fjell Mount Everest ligger p\u00e5 8848 moh, og krever stadig livet til klatrere som ikke t\u00e5ler den tynne lufta. FOTO: Kurt Desplenter\/ AFP\" alt=\"\" class=\"\" style=\"--aspect-ratio-image: 1.75; \"\/><\/p>\n<p>\n        TAR SJANSER: Den belgiske sykkelstjernen Victor Campenaerts har gjennomf\u00f8rt daglige \u00f8kter med h\u00f8ydemaske p\u00e5 10 000 moh. Verdens h\u00f8yeste fjell Mount Everest ligger p\u00e5 8848 moh, og krever stadig livet til klatrere som ikke t\u00e5ler den tynne lufta. FOTO: Kurt Desplenter\/ AFP\n    <\/p>\n<p>FRA f\u00f8r var det kjent at Campenaerts mente \u00e5 f\u00e5 god effekt av h\u00f8ydetelt innstilt p\u00e5 4700 moh.<\/p>\n<p>Da f\u00f8lte han seg\u00a0\u00ab<a href=\"https:\/\/www.cyclingnews.com\/news\/campenaerts-takes-altitude-training-to-further-extremes\/\" rel=\"nofollow noopener\" target=\"_blank\">som \u00e5 sykle p\u00e5 EPO<\/a>\u00bb; alts\u00e5 det samme som \u00e5 bruke denne medisinen <a href=\"https:\/\/sml.snl.no\/EPO_-_erytropoietin\" rel=\"nofollow noopener\" target=\"_blank\">mot blodmangel <\/a>som fra slutten p\u00e5 1980-tallet ble et prestasjonsfremmende middel som \u00f8dela internasjonal eliteidrett i ti\u00e5r.<\/p>\n<p>I de periodene Campenaerts sov i h\u00f8ydeteltet klarte han bare \u00e5 sykle effektivt 8 mil i uka fordi kroppen var i ubalanse. Da han utvidet med en times daglig maskebruk i ekstrem h\u00f8yde p\u00e5 simulert 10 000 moh (alts\u00e5 dr\u00f8yt 1000 meter h\u00f8yere enn Mount Everest), ble bivirkningene dramatiske:<\/p>\n<p>&#8211; Jeg klarer bare \u00e5 ligge p\u00e5 senga.\u00a0 Det er kjedelig. Men da jeg begynte \u00e5 fingre med mobilen, klarte jeg ikke \u00e5 konsentrere meg. Hvert ord jeg skrev ble feil,<a href=\"https:\/\/www.cyclingnews.com\/news\/campenaerts-takes-altitude-training-to-further-extremes\/\" rel=\"nofollow noopener\" target=\"_blank\"> fortalte <\/a>Victor Campenaerts til avisa.<\/p>\n<p>DENNE belgieren eksperimenterer fortsatt med ulike former for h\u00f8ydetrening, men n\u00e5 <a href=\"https:\/\/www.bicycling.com\/tour-de-france\/a61646349\/altitude-training-is-worth-the-hype-victor-campenaerts\/\" rel=\"nofollow noopener\" target=\"_blank\">snakker han<\/a> mest om lenge opphold i normal tynnluft i fjellene.\u00a0<\/p>\n<p>Det er den treningsformen de fleste av de norske OL-stjernene driver med. Slik trening er til \u00e5 forst\u00e5 ogs\u00e5 utenfor toppidrettsmilj\u00f8et, og det gj\u00f8r de ofte uansett ekstreme treningshverdagene lysere og gladere.<\/p>\n<p>Det er en slik \u00e5pen, mer gjenkjennelig norsk eliteidrett som topplederne i idrettsbevegelsen m\u00e5 beskytte.<\/p>\n<p>Da er det klokt \u00e5 stoppe bruk av h\u00f8ydemasker i p\u00e5vente av mer kunnskap om \u00e5rsakene til denne tragedien i norsk idrett.<\/p>\n<p>    <a itemprop=\"url\" href=\"https:\/\/www.dagbladet.no\/sport\/nye-ville-avsloringer\/73748504\" rel=\"nofollow noopener\" target=\"_blank\"><\/p>\n<p>        <img loading=\"lazy\" decoding=\"async\" src=\"https:\/\/www.europesays.com\/no\/wp-content\/uploads\/2025\/12\/1766750077_684_67410693.webp\" width=\"980\" height=\"441\" title=\"Nye ville avsl\u00f8ringer\" alt=\"\" class=\"lazyload\" style=\"--aspect-ratio-image: 2.22; \"\/><\/p>\n<p>        Nye ville avsl\u00f8ringer<\/p>\n<p>    <\/a><\/p>\n","protected":false},"excerpt":{"rendered":"Sivert Guttorm Bakken funnet d\u00f8d: Idrettsut\u00f8vere har testet masketrening med simulert h\u00f8yde p\u00e5 10 000 moh. P\u00c5 FULL&hellip;\n","protected":false},"author":2,"featured_media":122140,"comment_status":"","ping_status":"","sticky":false,"template":"","format":"standard","meta":{"footnotes":""},"categories":[12],"tags":[20,21,1524,24,25,15,22,23,13,30,28,29,14,16,3650,83,26,27,42,43,44,45],"class_list":{"0":"post-122139","1":"post","2":"type-post","3":"status-publish","4":"format-standard","5":"has-post-thumbnail","7":"category-verden","8":"tag-breaking-news","9":"tag-breakingnews","10":"tag-danmark","11":"tag-featured-news","12":"tag-featurednews","13":"tag-headlines","14":"tag-latest-news","15":"tag-latestnews","16":"tag-news","17":"tag-no","18":"tag-norge","19":"tag-norway","20":"tag-nyheter","21":"tag-overskrifter","22":"tag-ski","23":"tag-sport","24":"tag-top-stories","25":"tag-topstories","26":"tag-verden","27":"tag-world","28":"tag-world-news","29":"tag-worldnews"},"share_on_mastodon":{"url":"https:\/\/pubeurope.com\/@no\/115785739062991481","error":""},"_links":{"self":[{"href":"https:\/\/www.europesays.com\/no\/wp-json\/wp\/v2\/posts\/122139","targetHints":{"allow":["GET"]}}],"collection":[{"href":"https:\/\/www.europesays.com\/no\/wp-json\/wp\/v2\/posts"}],"about":[{"href":"https:\/\/www.europesays.com\/no\/wp-json\/wp\/v2\/types\/post"}],"author":[{"embeddable":true,"href":"https:\/\/www.europesays.com\/no\/wp-json\/wp\/v2\/users\/2"}],"replies":[{"embeddable":true,"href":"https:\/\/www.europesays.com\/no\/wp-json\/wp\/v2\/comments?post=122139"}],"version-history":[{"count":0,"href":"https:\/\/www.europesays.com\/no\/wp-json\/wp\/v2\/posts\/122139\/revisions"}],"wp:featuredmedia":[{"embeddable":true,"href":"https:\/\/www.europesays.com\/no\/wp-json\/wp\/v2\/media\/122140"}],"wp:attachment":[{"href":"https:\/\/www.europesays.com\/no\/wp-json\/wp\/v2\/media?parent=122139"}],"wp:term":[{"taxonomy":"category","embeddable":true,"href":"https:\/\/www.europesays.com\/no\/wp-json\/wp\/v2\/categories?post=122139"},{"taxonomy":"post_tag","embeddable":true,"href":"https:\/\/www.europesays.com\/no\/wp-json\/wp\/v2\/tags?post=122139"}],"curies":[{"name":"wp","href":"https:\/\/api.w.org\/{rel}","templated":true}]}}