{"id":122141,"date":"2025-12-26T11:55:09","date_gmt":"2025-12-26T11:55:09","guid":{"rendered":"https:\/\/www.europesays.com\/no\/122141\/"},"modified":"2025-12-26T11:55:09","modified_gmt":"2025-12-26T11:55:09","slug":"sonn-siktet-for-drapsforsok-julaften-etter-voldshendelse-i-arendal-nrk-sorlandet-lokale-nyheter-tv-og-radio","status":"publish","type":"post","link":"https:\/\/www.europesays.com\/no\/122141\/","title":{"rendered":"S\u00f8nn siktet for drapsfors\u00f8k julaften etter voldshendelse i Arendal \u2013 NRK S\u00f8rlandet \u2013 Lokale nyheter, TV og radio"},"content":{"rendered":"<p><strong>\u2013 Det var en sammenkomst hjemme hos forn\u00e6rmede, hvor disse to var til stede. Og s\u00e5 skal det ha utviklet seg etter at forn\u00e6rmede ikke \u00f8nsket at s\u00f8nnen skulle v\u00e6re der.<\/strong><\/p>\n<p>Det sier politiadvokat i Agder politidistrikt, Sondre Halvorsen til NRK.<\/p>\n<p>Politiet fikk melding om en voldshendelse p\u00e5 en privat adresse i Arendal like f\u00f8r klokken 19 julaften.<\/p>\n<p>En mann i 70-\u00e5rene ble sendt til sykehus, og en person ble p\u00e5grepet, mistenkt i saken opplyste operasjonsleder Eyvind Formo julaften.<\/p>\n<p>Mannen i 30-\u00e5rene var opprinnelig siktet for kroppsskade.<\/p>\n<p>Det var <a href=\"https:\/\/www.tv2.no\/nyheter\/sonn-siktet-for-drapsforsok-pa-faren-pa-julaften\/18413087\/\" ec-id=\"https:\/\/www.tv2.no\/nyheter\/sonn-siktet-for-drapsforsok-pa-faren-pa-julaften\/18413087\/\" ec-name=\"TV 2\" rel=\"nofollow noopener\" target=\"_blank\">TV 2<\/a> som f\u00f8rst omtalte om at siktelsen blir utvidet til drapsfors\u00f8k.<\/p>\n<p><strong>\u2013 Siktelsen er basert p\u00e5 informasjon vi har innhentet i forbindelse med etterforskning av saken \u2013 b\u00e5de da politiet kom til stedet, og uttalelser som er gitt i avh\u00f8r, sier Halvorsen til NRK.<\/strong><\/p>\n<p><img decoding=\"async\"   src=\"data:image\/gif;base64,R0lGODlhAQABAIAAAAAAAP\/\/\/yH5BAEAAAAALAAAAAABAAEAAAIBRAA7\" loading=\"eager\" alt=\"en gul lastebil og en hvit varebil (Bildebeskrivelsen er laget av en KI-tjeneste)\" title=\"Foto: Elisabeth G. Altenborg\"\/><\/p>\n<p class=\"\">Politiet rykket ut til en privat adresse i Arendal julaften. <\/p>\n<p>Foto: Elisabeth G. Altenborg<\/p>\n<p>Erkjente seg f\u00f8rst skyldig<\/p>\n<p>Fredag formiddag var det fengslingsm\u00f8te i Agder tingrett i Kristiansand. Politiet \u00f8nsker \u00e5 varetektsfengsle siktede i fire uker.<\/p>\n<p>Der sa siktede at han erkjente seg skyldig.<\/p>\n<p>Like etter tok forsvarer Eirik Glad Balchen ordet, og sa at klienten hans ikke hadde tatt stilling til skyldsp\u00f8rsm\u00e5let etter r\u00e5d fra ham.<\/p>\n<p><strong>\u2013 Vi har ikke tatt stilling til skyldsp\u00f8rsm\u00e5let p\u00e5 grunn av tilregnelighet, sier Balchen til NRK. <\/strong><\/p>\n<p>Beslaglagt kniv<\/p>\n<p>N\u00e5 viser det seg at den p\u00e5grepne er s\u00f8nnen til den forn\u00e6rmede mannen i 70-\u00e5rene.<\/p>\n<p>De to skal ha v\u00e6rt alene da hendelsen skjedde.<\/p>\n<p><strong>En nabo skal ha varsla politiet etter at vedkommende h\u00f8rte br\u00e5k fra leiligheten.<\/strong><\/p>\n<p>Politiet har ogs\u00e5 beslaglagt en kniv. Faren skal ikke v\u00e6re alvorlig skadet.<\/p>\n<p>\u2013 Forn\u00e6rmede ble ikke p\u00e5f\u00f8rt livstruende skader, og ble avh\u00f8rt i g\u00e5r, forteller Halvorsen 2. juledag.<\/p>\n<p>Vil varetektsfengsles i fire uker<\/p>\n<p>Politiet \u00f8nsker \u00e5 varetektsfengsle siktede i fire uker. Han ble fremstilt for fengsling fredag.<\/p>\n<p>Et tema i saken vil v\u00e6re \u00e5 belyse siktedes helsetilstand, sier Halvorsen.<\/p>\n<p>\u2013 Hvordan stiller den siktede seg til forholdet? <\/p>\n<p>\u2013 Han har ikke tatt stilling til straffskyld, sier han.<\/p>\n<p>Publisert<\/p>\n<p>26.12.2025, kl. 11.24<\/p>\n<p>Oppdatert<\/p>\n<p>26.12.2025, kl. 12.54<\/p>\n","protected":false},"excerpt":{"rendered":"\u2013 Det var en sammenkomst hjemme hos forn\u00e6rmede, hvor disse to var til stede. Og s\u00e5 skal det&hellip;\n","protected":false},"author":2,"featured_media":122142,"comment_status":"","ping_status":"","sticky":false,"template":"","format":"standard","meta":{"footnotes":""},"categories":[10],"tags":[20,21,24,25,15,22,23,13,30,28,29,14,16,26,27],"class_list":{"0":"post-122141","1":"post","2":"type-post","3":"status-publish","4":"format-standard","5":"has-post-thumbnail","7":"category-norge","8":"tag-breaking-news","9":"tag-breakingnews","10":"tag-featured-news","11":"tag-featurednews","12":"tag-headlines","13":"tag-latest-news","14":"tag-latestnews","15":"tag-news","16":"tag-no","17":"tag-norge","18":"tag-norway","19":"tag-nyheter","20":"tag-overskrifter","21":"tag-top-stories","22":"tag-topstories"},"share_on_mastodon":{"url":"https:\/\/pubeurope.com\/@no\/115785742609377999","error":""},"_links":{"self":[{"href":"https:\/\/www.europesays.com\/no\/wp-json\/wp\/v2\/posts\/122141","targetHints":{"allow":["GET"]}}],"collection":[{"href":"https:\/\/www.europesays.com\/no\/wp-json\/wp\/v2\/posts"}],"about":[{"href":"https:\/\/www.europesays.com\/no\/wp-json\/wp\/v2\/types\/post"}],"author":[{"embeddable":true,"href":"https:\/\/www.europesays.com\/no\/wp-json\/wp\/v2\/users\/2"}],"replies":[{"embeddable":true,"href":"https:\/\/www.europesays.com\/no\/wp-json\/wp\/v2\/comments?post=122141"}],"version-history":[{"count":0,"href":"https:\/\/www.europesays.com\/no\/wp-json\/wp\/v2\/posts\/122141\/revisions"}],"wp:featuredmedia":[{"embeddable":true,"href":"https:\/\/www.europesays.com\/no\/wp-json\/wp\/v2\/media\/122142"}],"wp:attachment":[{"href":"https:\/\/www.europesays.com\/no\/wp-json\/wp\/v2\/media?parent=122141"}],"wp:term":[{"taxonomy":"category","embeddable":true,"href":"https:\/\/www.europesays.com\/no\/wp-json\/wp\/v2\/categories?post=122141"},{"taxonomy":"post_tag","embeddable":true,"href":"https:\/\/www.europesays.com\/no\/wp-json\/wp\/v2\/tags?post=122141"}],"curies":[{"name":"wp","href":"https:\/\/api.w.org\/{rel}","templated":true}]}}