{"id":122153,"date":"2025-12-26T12:23:08","date_gmt":"2025-12-26T12:23:08","guid":{"rendered":"https:\/\/www.europesays.com\/no\/122153\/"},"modified":"2025-12-26T12:23:08","modified_gmt":"2025-12-26T12:23:08","slug":"sivert-bakken-hoydemaske-rykker-ut-med-advarsel-etter-dodsfallet-til-sivert-bakken","status":"publish","type":"post","link":"https:\/\/www.europesays.com\/no\/122153\/","title":{"rendered":"Sivert Bakken, H\u00f8ydemaske | Rykker ut med advarsel etter d\u00f8dsfallet til Sivert Bakken"},"content":{"rendered":"\n<p>Lille julaften ble det kjent at skiskytteren Sivert Guttorm Bakken hadde g\u00e5tt bort. Han ble funnet d\u00f8d p\u00e5 sitt hotellrom i Italia.<\/p>\n<p>Senere kunne Norges Skiskytterforbund bekrefte at Bakken ble funnet d\u00f8d med en h\u00f8ydemaske p\u00e5 seg.<\/p>\n<p>N\u00e5 rykker Olympiatoppen ut med en advarsel i kj\u00f8lvannet av d\u00f8dsfallet.<\/p>\n<p>\u2013 I p\u00e5vente av fakta i saken knyttet til det tragiske d\u00f8dsfallet til Sivert Bakken har Olympiatoppen besluttet, og kommunisert til idrettene at de frar\u00e5der bruk av simulert h\u00f8yde til ut\u00f8vere som eventuelt benytter seg av dette.<\/p>\n<p>Det skriver Olympiatoppen i en pressemelding fredag ettermiddag.<\/p>\n<p>Det er ikke kjent om bruken av h\u00f8ydemasken har hatt p\u00e5virkning til d\u00f8dsfallet, men Olympiatoppen tar grep fram til fakta er p\u00e5 bordet.<\/p>\n<p>Delte ny informasjon p\u00e5 julaften <\/p>\n<p>F\u00f8lgende informasjon ble delt av Norges Skiskytterforbund om saken p\u00e5 julaften.<\/p>\n<ul>\n<li>Da Sivert Bakken ble funnet d\u00f8d hadde han p\u00e5 seg en h\u00f8ydemaske. Norges Skiskytterforbund kjenner per n\u00e5 ikke til omstendighetene rundt anskaffelse og bruk av denne masken. I dagene som kommer vil forbundet fors\u00f8ke \u00e5 f\u00e5 n\u00e6rmere klarhet i faktiske forhold knyttet til dette.<\/li>\n<li>Det vil bli gjennomf\u00f8rt obduksjon av Bakken i l\u00f8pet av romjula i Italia.Norges Skiskytterforbund samarbeider fortsatt tett med politiet p\u00e5 stedet.<\/li>\n<li>Kontakt mellom italiensk politi og p\u00e5r\u00f8rende er etablert.<\/li>\n<li>Ut\u00f8vere som er ber\u00f8rt av hendelsen, f\u00f8lges opp tett av v\u00e5re egne ressurser samt ressurser fra Olympiatoppen.<\/li>\n<li>Kriseteam p\u00e5 Lillehammer st\u00f8tter familien.<\/li>\n<\/ul>\n<p>Politiet ber om t\u00e5lmodighet<\/p>\n<p>Fra italiensk politis side har det blitt meldt at det trolig vil ta litt tid f\u00f8r obduksjonen blir gjennomf\u00f8rt og de har flere svar.<\/p>\n<p>Det er varslet at de f\u00f8rste resultatene av obduksjonen av Bakken kommer tidlig neste uke.<\/p>\n<p>Generalsekret\u00e6r i Norges Skiskytterforbund, Emilie Nordskar, har uttalt dette:<\/p>\n<p>\u2013 Dette er en tragisk situasjon med mange uavklarte sp\u00f8rsm\u00e5l. V\u00e5re tanker g\u00e5r f\u00f8rst og fremst til Siverts familie og n\u00e6re venner, som n\u00e5 st\u00e5r i en sv\u00e6rt krevende periode midt i en h\u00f8ytid.<\/p>\n<p>Torsdag ble det for \u00f8vrig kjent at advokatfirmaet Elden h\u00e5ndterer den videre kommunikasjonen med mediene i Bakken-saken.<\/p>\n","protected":false},"excerpt":{"rendered":"Lille julaften ble det kjent at skiskytteren Sivert Guttorm Bakken hadde g\u00e5tt bort. Han ble funnet d\u00f8d p\u00e5&hellip;\n","protected":false},"author":2,"featured_media":121197,"comment_status":"","ping_status":"","sticky":false,"template":"","format":"standard","meta":{"footnotes":""},"categories":[59],"tags":[30,28,29,83,82],"class_list":{"0":"post-122153","1":"post","2":"type-post","3":"status-publish","4":"format-standard","5":"has-post-thumbnail","7":"category-sport","8":"tag-no","9":"tag-norge","10":"tag-norway","11":"tag-sport","12":"tag-sports"},"share_on_mastodon":{"url":"https:\/\/pubeurope.com\/@no\/115785852695087534","error":""},"_links":{"self":[{"href":"https:\/\/www.europesays.com\/no\/wp-json\/wp\/v2\/posts\/122153","targetHints":{"allow":["GET"]}}],"collection":[{"href":"https:\/\/www.europesays.com\/no\/wp-json\/wp\/v2\/posts"}],"about":[{"href":"https:\/\/www.europesays.com\/no\/wp-json\/wp\/v2\/types\/post"}],"author":[{"embeddable":true,"href":"https:\/\/www.europesays.com\/no\/wp-json\/wp\/v2\/users\/2"}],"replies":[{"embeddable":true,"href":"https:\/\/www.europesays.com\/no\/wp-json\/wp\/v2\/comments?post=122153"}],"version-history":[{"count":0,"href":"https:\/\/www.europesays.com\/no\/wp-json\/wp\/v2\/posts\/122153\/revisions"}],"wp:featuredmedia":[{"embeddable":true,"href":"https:\/\/www.europesays.com\/no\/wp-json\/wp\/v2\/media\/121197"}],"wp:attachment":[{"href":"https:\/\/www.europesays.com\/no\/wp-json\/wp\/v2\/media?parent=122153"}],"wp:term":[{"taxonomy":"category","embeddable":true,"href":"https:\/\/www.europesays.com\/no\/wp-json\/wp\/v2\/categories?post=122153"},{"taxonomy":"post_tag","embeddable":true,"href":"https:\/\/www.europesays.com\/no\/wp-json\/wp\/v2\/tags?post=122153"}],"curies":[{"name":"wp","href":"https:\/\/api.w.org\/{rel}","templated":true}]}}