{"id":122158,"date":"2025-12-26T12:30:19","date_gmt":"2025-12-26T12:30:19","guid":{"rendered":"https:\/\/www.europesays.com\/no\/122158\/"},"modified":"2025-12-26T12:30:19","modified_gmt":"2025-12-26T12:30:19","slug":"jeanette-hegg-duestad-skyting-jeanette-kobler-ut-etter-drommear-hos-pappa-hun-har-aldri-slurvet-med-noe","status":"publish","type":"post","link":"https:\/\/www.europesays.com\/no\/122158\/","title":{"rendered":"Jeanette Hegg Duestad, Skyting | Jeanette kobler ut etter dr\u00f8mme\u00e5r hos pappa: \u2013 Hun har aldri slurvet med noe"},"content":{"rendered":"\n<p>\u2013 Jeg vet ikke hvordan et liv uten hester er. Og jeg vil ikke vite det heller. Dette er mitt fristed, fortsetter Jeanette \u2013 omgitt av sine firbeinte venner.<\/p>\n<p>Et langt oppl\u00f8p unna T\u00f8nsberg sentrum<\/p>\n<p>   <img decoding=\"async\" width=\"528\" height=\"613\" fetchpriority=\"low\"  loading=\"lazy\"  src=\"https:\/\/www.europesays.com\/no\/wp-content\/uploads\/2025\/12\/Jeanettefacebook.PNG\" alt=\"\" class=\"brick-c-cFOWSL\" style=\"--brick-image-ratio: 528 \/ 613;\"\/><\/p>\n<p>      FAKSIMILE FRA FACEBOOK: \u00abDuestad\u2019s dream year continues\u00bb, skriver The International Shooting Sport Federation p\u00e5 Facebook.<br \/>\n      Foto: \/Skjermdump fra Facebook\n    <\/p>\n<p>Dagen p\u00e5 g\u00e5rden og sm\u00e5bruket til pappa Bj\u00f8rn Duestad er rolig og solfylt. Vi er et langt oppl\u00f8p unna T\u00f8nsberg sentrum \u2013 p\u00e5 veien mot \u00c5sg\u00e5rdstrand.<\/p>\n<p>Her lader Jeanette batteriene etter en hektisk sesong i verdenstoppen av en verdensidrett. \u00abDuestad\u2019s dream year continues\u00bb, skriver The International Shooting Sport Federation p\u00e5 Facebook.<\/p>\n<p>Mange millioner skyttere fra over 160 land h\u00f8rer inn under The International Shooting Sport Federation (ISSF), etablert s\u00e5 langt tilbake som i 1907.<\/p>\n<p>P\u00e5 toppen av verdensrankingen for kvinnelige rifleskyttere: Jeanette Hegg Duestad fra Re. Datter av Ellen Hegg, med sprangrytterbakgrunn, og Bj\u00f8rn Duestad. Travtrener, travekspert, hovslager og Kriterie- og Derbyvinner med Scott Springborne i 1999 og 2000.<\/p>\n<p>Blir satt pris p\u00e5<\/p>\n<p>Det er feil \u00e5 si at 2025 har v\u00e6rt Jeanettes gjennombruddssesong. Men det er riktig \u00e5 si at det har v\u00e6rt hennes beste.<\/p>\n<p>Hun har tangert verdensrekorden, blitt verdensmester i Kairo p\u00e5 OL-\u00f8velsen 50 meter helmatch og vunnet verdenscupfinalen i Doha. I hovedstaden i Qatar traff hun blinkene bedre enn de 11 andre p\u00e5 toppen av verdensrankingen.<\/p>\n<p><b>Samme sted fikk hun med seg to utmerkelser som henger h\u00f8yt: \u00abAthlete of The Year 2025 Rifle Women\u00bb og \u00abPeople\u2019s Choice Women Athlete of The Year Award 2025\u00bb.<\/b><\/p>\n<p>   <img decoding=\"async\" width=\"768\" height=\"1024\" fetchpriority=\"low\"  loading=\"lazy\"  src=\"https:\/\/www.europesays.com\/no\/wp-content\/uploads\/2025\/12\/JeanettenyDoha.jpeg\" alt=\"\" class=\"brick-c-cFOWSL\" style=\"--brick-image-ratio: 768 \/ 1024;\"\/><\/p>\n<p>      DRONNING I DOHA: Jeanette ble satt pris under verdenscup-finalen i Doha.<br \/>\n      Foto: Lindis Gr\u00e6sdal\/Norges Skytterforbund\n    <\/p>\n<p>Den siste er hva vi kan kalle en popularitetspris, \u00abvoted by fans\u00bb. En pris som forteller om mer enn treffsikkerhet.<\/p>\n<p>Nominasjoner til Idrettsgallaen<\/p>\n<p>S\u00e5 har desemberm\u00e5neden plassert Jeanette i nominasjonsfeltet til Idrettsgallaen p\u00e5 Hamar den 10. januar. I et voldsomt \u00e5r for Idretts-Norge er hun nominert i to klasser; \u00ab\u00c5rets kvinnelige ut\u00f8ver\u00bb og \u00ab\u00c5rets Navn\u00bb.<\/p>\n<p><b>En jury best\u00e5ende av Tore \u00d8vreb\u00f8, Suzann Pettersen, Hanne Haugland, Ragnhild Haga, Ola By Rise og Reidar Sollie, avgj\u00f8r i den f\u00f8rste kategorien. Juryen erstattes s\u00e5 av folkets stemmer n\u00e5r \u00ab\u00c5rets Navn\u00bb skal velges.<\/b><\/p>\n<p>Jeanette Hegg Duestad har v\u00e6rt nominert til Idrettsgallaen ogs\u00e5 tidligere. Men i 2025 kan hun helt klart lene seg p\u00e5 sterkere prestasjoner enn f\u00f8r i et stjernespekket finalefelt.<\/p>\n<p><b>Prisen til \u00ab\u00c5rets Kvinnelige Ut\u00f8ver\u00bb tildeles den ut\u00f8veren, som etter juryens vurdering, har st\u00e5tt for den fremste internasjonale prestasjonen\/resultatet i \u00e5ret som gikk.<\/b><\/p>\n<p>\u00abHun har aldri slurvet med noe\u00bb<\/p>\n<p>Jeanette er uj\u00e5lete, reflektert og selvf\u00f8lgelig m\u00e5lbevisst.<\/p>\n<p><b>\u2013 Hun har alltid v\u00e6rt en sosial jente. Og hun har aldri slurvet med noe, svarer pappa Bj\u00f8rn n\u00e5r han blir spurt; \u00abhva er hennes fremste egenskaper?\u00bb.<\/b><\/p>\n<p>Et tydelig svar f\u00e5r vi fra en far og en st\u00f8ttespiller.<\/p>\n<p>   <img decoding=\"async\" width=\"3811\" height=\"2541\" fetchpriority=\"low\"  loading=\"lazy\"  src=\"https:\/\/www.europesays.com\/no\/wp-content\/uploads\/2025\/12\/Duestad_SX_1417.jpg\" alt=\"\" class=\"brick-c-cFOWSL\" style=\"--brick-image-ratio: 3811 \/ 2541;\"\/><\/p>\n<p>      FAR OG DATTER: Bj\u00f8rn Duestad og Jeanette Hegg Duestad. \u2013 Jeanette slurver aldri med noe, sier pappa\u2019n om datteren som har klatret opp p\u00e5 verdenstoppen i skyting.<br \/>\n      Foto: Eirik Stenhaug\n    <\/p>\n<p>  En tilfeldig vei inn p\u00e5 skytebanen<\/p>\n<p>Vi spoler tilbake og henter opp kortversjonen av historien om Jeanettes vei inn p\u00e5 skytebanen.<\/p>\n<p><b>\u2013 En tilfeldighet, sier b\u00e5de far og datter om det som var starten. <\/b><\/p>\n<p>S\u00e5 gikk hun, med egne ord, \u00ablei\u00bb som 12-\u00e5ring. Ville satse for fullt p\u00e5 sprang, dressur og ponnitrav.<\/p>\n<p>Men pappa\u2019n overtalte henne til \u00e5 fortsette \u00ablitt til\u00bb.<\/p>\n<p><b>\u2013 Det var nok den beste avgj\u00f8relsen. Jeg merket jo tidlig at jeg hadde anlegg for sporten, sl\u00e5r Jeanette fast.<\/b><\/p>\n<p>  <a href=\"https:\/\/www.tb.no\/5-76-2723878\" class=\"related-teaser has-image default-story-teaser article--c-eRUmMG article--c-eRUmMG-jKCPdD-design-default\" rel=\"nofollow noopener\" target=\"_blank\"><\/p>\n<p>    <img decoding=\"async\" loading=\"lazy\"  src=\"https:\/\/www.europesays.com\/no\/wp-content\/uploads\/2025\/12\/JHDVMgull.jpg\" alt=\"\" class=\"brick-c-cFOWSL\" style=\"\"\/><\/p>\n<p>\n            Les ogs\u00e5<\/p>\n<p>              Jeanette vant VM-gull: \u2013 En lettelse\n        <\/p>\n<p>  <\/a><br \/>\n  En sport for alle<\/p>\n<p>Uten hardt arbeid og et lass av treningstimer hadde imidlertid blinkene v\u00e6rt lenger unna. Bokstavelig talt.<\/p>\n<p><b>\u2013 Jeg trener opp mot 25 timer i uka. Terper p\u00e5 de minste detaljer. Det handler om fokus, v\u00e6re hundre prosent til stede. N\u00e5r jeg legger meg om kvelden, \u00abvisualiserer\u00bb jeg fra dagens trening. Jeg er veldig stolt over \u00e5 kunne v\u00e6re med p\u00e5 \u00e5 l\u00f8fte skytesporten. En ting som er fint: Denne sporten er for alle. Bestefar og barnebarn. Milj\u00f8et er flott, sier Jeanette, med ettertrykk.<\/b><\/p>\n<p>Hun bor p\u00e5 Kl\u00f8fta, 150 meter fra Norges st\u00f8rste skytehall, med samboer og landslagsskytter Henrik Larsen. <\/p>\n<p>Og n\u00e5r hun ikke bor p\u00e5 Kl\u00f8fta, er hun p\u00e5 reise. Opp mot 150 reisedager i \u00e5ret er betydelig. Legger vi til 10\u201315 sprangridnings-stevner i \u00e5ret, g\u00e5r det an \u00e5 si at Jeanette ikke lever et stillest\u00e5ende liv.<\/p>\n<p>  <a href=\"https:\/\/www.tb.no\/5-76-2751456\" class=\"related-teaser has-image default-story-teaser article--c-eRUmMG article--c-eRUmMG-jKCPdD-design-default\" rel=\"nofollow noopener\" target=\"_blank\"><\/p>\n<p>    <img decoding=\"async\" loading=\"lazy\"  src=\"https:\/\/www.europesays.com\/no\/wp-content\/uploads\/2025\/12\/1766752218_425_Idrettsgalla1016.jpg\" alt=\"\" class=\"brick-c-cFOWSL\" style=\"\"\/><\/p>\n<p>\n            Les ogs\u00e5<\/p>\n<p>              Jeanette og Fredrik p\u00e5 stjernespekket liste\n        <\/p>\n<p>  <\/a><br \/>\n  En liten historie fra Lima i Peru<\/p>\n<p>Sprangridningshestene Diego og Inzpiration Forever er gode f\u00f8lgesvenner, trygt plassert i en stall p\u00e5 Jessheim. N\u00e5 er de p\u00e5 juleferie med Jeanette i T\u00f8nsberg.<\/p>\n<p><b>\u2013 Om det er sprangridning eller trav spiller ingen rolle. Jeg er genuint interessert i alt som har med hest \u00e5 gj\u00f8re, sier hun og forteller en liten historie fra Lima i Peru.<\/b><\/p>\n<p>Der var hun p\u00e5 verdenscup, mens pappa Bj\u00f8rn Duestad kj\u00f8rte Hagebakkens Odin i l\u00f8p p\u00e5 Jarlsberg.<\/p>\n<p><b>\u2013 Jeg tok opp telefonen, s\u00e5 p\u00e5 Rikstoto Direkte og \u00abmana\u00bb. Det ble seier!<\/b><\/p>\n<p>\u00abOL-gullet er stadig en dr\u00f8m\u00bb<\/p>\n<p>Seirer har det blitt mange av for Jeanette. Men ogs\u00e5 tapene har kommet. Seertallene var h\u00f8ye da OL-dr\u00f8mmen i Paris i 2024 endte i t\u00e5rer. En ny fjerdeplass \u2013 etter to ganger fjerde i Tokyo 2020.<\/p>\n<p><b>\u2013 Det var brutalt der og da, men jeg var ikke skuffet over prestasjonen. Det var en konkurranse med verdens beste ut\u00f8vere, og marginene slo feil vei. Jeg presterte s\u00e5 godt jeg kunne. OL i Los Angeles i 2028? Medalje er et m\u00e5l, og OL-gullet er stadig en dr\u00f8m, uttaler Jeanette med et ambisi\u00f8st blikk fram i tid.<\/b><\/p>\n<p>Men forel\u00f8pig er n\u00e5tiden viktigere. F\u00f8rst julefeiring. S\u00e5 konkurranser i Sverige og Idrettsgalla p\u00e5 Hamar f\u00f8r EM i Armenia i februar. Et t\u00f8ft liv og et spennende liv.<\/p>\n<p><b>\u2013 Hestene gj\u00f8r meg til en bedre skytter, sier hun. Ganske bestemt. <\/b><\/p>\n<p>Hestene i havnehagen ser p\u00e5 henne. De setter pris p\u00e5 tillitserkl\u00e6ringen.<\/p>\n<p>  <a href=\"https:\/\/www.tb.no\/5-76-2408775\" class=\"related-teaser has-image default-story-teaser article--c-eRUmMG article--c-eRUmMG-jKCPdD-design-default\" rel=\"nofollow noopener\" target=\"_blank\"><\/p>\n<p>    <img decoding=\"async\" loading=\"lazy\"  src=\"https:\/\/www.europesays.com\/no\/wp-content\/uploads\/2025\/12\/IMG_5605.JPG\" alt=\"\" class=\"brick-c-cFOWSL\" style=\"\"\/><\/p>\n<p>\n            Les ogs\u00e5<\/p>\n<p>              Jeanette (25) har t\u00f8rket t\u00e5rene \u2013 dette tenker hun om framtiden\n        <\/p>\n<p>  <\/a><\/p>\n","protected":false},"excerpt":{"rendered":"\u2013 Jeg vet ikke hvordan et liv uten hester er. Og jeg vil ikke vite det heller. Dette&hellip;\n","protected":false},"author":2,"featured_media":122159,"comment_status":"","ping_status":"","sticky":false,"template":"","format":"standard","meta":{"footnotes":""},"categories":[59],"tags":[36,13569,11358,30,28,29,5128,314,83,82,1510,431],"class_list":{"0":"post-122158","1":"post","2":"type-post","3":"status-publish","4":"format-standard","5":"has-post-thumbnail","7":"category-sport","8":"tag-art","9":"tag-idrettsgallaen","10":"tag-jeanette-hegg-duestad","11":"tag-no","12":"tag-norge","13":"tag-norway","14":"tag-re","15":"tag-skyting","16":"tag-sport","17":"tag-sports","18":"tag-story","19":"tag-tonsberg"},"share_on_mastodon":{"url":"https:\/\/pubeurope.com\/@no\/115785881081079483","error":""},"_links":{"self":[{"href":"https:\/\/www.europesays.com\/no\/wp-json\/wp\/v2\/posts\/122158","targetHints":{"allow":["GET"]}}],"collection":[{"href":"https:\/\/www.europesays.com\/no\/wp-json\/wp\/v2\/posts"}],"about":[{"href":"https:\/\/www.europesays.com\/no\/wp-json\/wp\/v2\/types\/post"}],"author":[{"embeddable":true,"href":"https:\/\/www.europesays.com\/no\/wp-json\/wp\/v2\/users\/2"}],"replies":[{"embeddable":true,"href":"https:\/\/www.europesays.com\/no\/wp-json\/wp\/v2\/comments?post=122158"}],"version-history":[{"count":0,"href":"https:\/\/www.europesays.com\/no\/wp-json\/wp\/v2\/posts\/122158\/revisions"}],"wp:featuredmedia":[{"embeddable":true,"href":"https:\/\/www.europesays.com\/no\/wp-json\/wp\/v2\/media\/122159"}],"wp:attachment":[{"href":"https:\/\/www.europesays.com\/no\/wp-json\/wp\/v2\/media?parent=122158"}],"wp:term":[{"taxonomy":"category","embeddable":true,"href":"https:\/\/www.europesays.com\/no\/wp-json\/wp\/v2\/categories?post=122158"},{"taxonomy":"post_tag","embeddable":true,"href":"https:\/\/www.europesays.com\/no\/wp-json\/wp\/v2\/tags?post=122158"}],"curies":[{"name":"wp","href":"https:\/\/api.w.org\/{rel}","templated":true}]}}