{"id":122160,"date":"2025-12-26T12:31:23","date_gmt":"2025-12-26T12:31:23","guid":{"rendered":"https:\/\/www.europesays.com\/no\/122160\/"},"modified":"2025-12-26T12:31:23","modified_gmt":"2025-12-26T12:31:23","slug":"fucking-amal-27-ar-etter-suksessen","status":"publish","type":"post","link":"https:\/\/www.europesays.com\/no\/122160\/","title":{"rendered":"\u00abFucking \u00c5m\u00e5l\u00bb: 27 \u00e5r etter suksessen"},"content":{"rendered":"<p>Sent p\u00e5 90-tallet forelsket Elin seg i Agnes i den svenske byen \u00c5m\u00e5l. Historien ble fortalt i den popul\u00e6re kultfilmen \u00abFucking \u00c5m\u00e5l\u00bb, hvor seerne fikk f\u00f8lge lokalungdommen p\u00e5 reisen til \u00ab\u00e5 finne seg selv\u00bb.<\/p>\n<p>En typisk \u00abcoming of age\u00bb-historie der alts\u00e5, som egentlig var ganske utypisk i det at den fortalte en skeiv historie.<\/p>\n<p>    <a itemprop=\"url\" href=\"https:\/\/www.seher.no\/kjendis\/gleder-oss\/83993440\" rel=\"nofollow noopener\" target=\"_blank\"><\/p>\n<p>        <img loading=\"lazy\" decoding=\"async\" src=\"https:\/\/www.europesays.com\/no\/wp-content\/uploads\/2025\/12\/1766752271_603_83993500.webp\" width=\"980\" height=\"441\" title=\"- Gleder oss\" alt=\"\" class=\"lazyload\" style=\"--aspect-ratio-image: 2.22; \"\/><\/p>\n<p>        &#8211; Gleder oss<\/p>\n<p>    <\/a><\/p>\n<p> \u00abVarf\u00f6r m\u00e5ste vi bo i fucking, j\u00e4vla kuk-\u00c5m\u00e5l?\u00bb er en frase mange har et forhold til. Utsagnet er blitt like kjent her til lands som i Sverige, der filmen har sitt opprinnelige opphav. <\/p>\n<p>Det er 27 \u00e5r siden skuespillerne Rebecka Liljeberg (43) og Alexandra Dahlstr\u00f6m (40) ga liv til Agnes og Elin &#8211; og dermed 27 \u00e5r siden de ble stjerner over natten. Men hvordan har det egentlig g\u00e5tt med \u00abFucking \u00c5m\u00e5l\u00bb-stjernene?<\/p>\n<p>        <img loading=\"lazy\" decoding=\"async\" src=\"https:\/\/www.europesays.com\/no\/wp-content\/uploads\/2025\/12\/83996424.webp\" width=\"667\" height=\"467\" title=\"AGNES OG ELIN: Rebecka Liljeberg (t.v) og Alexandra Dahlstr\u00f6m (t.h) spilte rollene som Agnes og Elin. Dahlstr\u00f6m driver fremdeles med film i dag, men foretrekker heller rollen bak kameraet. Foto: NTB Scanpix\" alt=\"\" class=\"\" style=\"--aspect-ratio-image: 1.43; \"\/><\/p>\n<p>\n        AGNES OG ELIN: Rebecka Liljeberg (t.v) og Alexandra Dahlstr\u00f6m (t.h) spilte rollene som Agnes og Elin. Dahlstr\u00f6m driver fremdeles med film i dag, men foretrekker heller rollen bak kameraet. Foto: NTB Scanpix\n    <\/p>\n<p>Alexandra Dahlstr\u00f6m &#8211; Elin\t<\/p>\n<p>Dahlstr\u00f6m, som bare var 15 \u00e5r gammel da hun spilte rollen som Elin, har valgt \u00e5 fortsette \u00e5 jobbe som skuespiller. Hun har blant annet dukket opp i filmer og serier som \u00abBlondie\u00bb, \u00abMa\u00f1ana\u00bb og \u00abAstro: An Urban Fable in a Magical Rio de Janeiro\u00bb.<\/p>\n<p>I senere tid har hun tatt steget\u00a0bak\u00a0kameraet, fremfor \u00e5 st\u00e5\u00a0foran. Hun har nemlig produsert en rekke egne filmer, musikkvideoer, reklamefilmer og andre dramaproduksjoner for det svenske produksjonsselskapet FLX &#8211; ofte med fokus p\u00e5 kvinnekamp og likestilling.<\/p>\n<p>For et dr\u00f8yt \u00e5r siden kunne svenske <a href=\"https:\/\/mama.expressen.se\/gravid-forlossning\/gravid\/alexandra-dahlstrom-ar-gravid-med-andra-barnet\/\" target=\"_blank\" rel=\"nofollow noopener\">Expressen<\/a> melde at Dahlstr\u00f6m skulle bli mamma for andre gang.<\/p>\n<p>&#8211;\u00a0 Jeg vil gi denne lille personen rom til \u00e5 velge selv om de vil bli en kunstner eller en streng politibetjent, og ikke falle for navnetrender som vil f\u00f8les pinlige om et par ti\u00e5r, sa hun til avisen.<\/p>\n<p>        BLODIG: Nina og Christina M\u00fcller forteller hva som skjedde f\u00f8r de dramatiske scenene. Video: \u00abKompani Lauritzen: Tropp 4\u00bb\/ TV 2, R\u00f8d L\u00f8per\/ Nora Skavhaug<\/p>\n<p>Rebecka Liljeberg &#8211; Agnes\t<\/p>\n<p>Liljeberg var bare 17 \u00e5r da skuespillerkarrieren skj\u00f8t fart. Hun har p\u00e5 sin side trukket seg tilbake fra rampelyset.\u00a0<\/p>\n<p>Til tross for populariteten som fulgte etter at hun spilte Agnes, valgte hun \u00e5 gj\u00f8re sv\u00e6rt lite skuespill etter det. Hun hadde et par sm\u00e5roller i \u00abEva og Adam\u00bb og \u00abBears Kiss\u00bb, men ingenting annet enn det.<\/p>\n<p>        <img loading=\"lazy\" decoding=\"async\" src=\"https:\/\/www.europesays.com\/no\/wp-content\/uploads\/2025\/12\/83995939.webp\" width=\"667\" height=\"607\" title=\"TRAKK SEG TILBAKE: Liljeberg p\u00e5 filmfestival i Venezia i 2002. Foto: Camilla Morandi\/NTB\" alt=\"\" class=\"\" style=\"--aspect-ratio-image: 1.10; \"\/><\/p>\n<p>\n        TRAKK SEG TILBAKE: Liljeberg p\u00e5 filmfestival i Venezia i 2002. Foto: Camilla Morandi\/NTB\n    <\/p>\n<p>Hun valgte heller \u00e5 sette seg p\u00e5 skolebenken, og studerte i 20-\u00e5rene medisin ved Karolinska Institutet i Stockholm. I 2013 var hun ferdig lege, og fikk jobb ved S\u00f6dersjukhuset i Stockholm.<\/p>\n<p>    <a itemprop=\"url\" href=\"https:\/\/www.seher.no\/kjendis\/nye-detaljer\/83994778\" rel=\"nofollow noopener\" target=\"_blank\"><\/p>\n<p>        <img loading=\"lazy\" decoding=\"async\" src=\"https:\/\/www.europesays.com\/no\/wp-content\/uploads\/2025\/12\/1766752275_549_83994767.webp\" width=\"980\" height=\"441\" title=\"Nye detaljer\" alt=\"\" class=\"lazyload\" style=\"--aspect-ratio-image: 2.22; \"\/><\/p>\n<p>        Nye detaljer<\/p>\n<p>    <\/a><\/p>\n<p>Senere tok hun videre spesialisering og fikk jobb p\u00e5 akutten ved samme sykehus.\u00a0<\/p>\n<p> &#8211; S\u00e5 klart tar jeg en viss risk, men jeg ser samtidig at det er behov for spesialister p\u00e5 akutten ogs\u00e5, har hun tidligere uttalt til svenske <a href=\"https:\/\/www.dagensmedicin.se\/artiklar\/2013\/08\/29\/hon-vagar-satsa-pa-osaker-specialitet\/\" target=\"_blank\" rel=\"nofollow noopener\">Dagens Medicin<\/a>.<\/p>\n<p>Privat er hun gift og har tre barn.<\/p>\n<p>        <img loading=\"lazy\" decoding=\"async\" src=\"https:\/\/www.europesays.com\/no\/wp-content\/uploads\/2025\/12\/83996420.webp\" width=\"667\" height=\"461\" title=\"BLE LEGE: I dag har Rebecka Liljeberg utdannet seg, og jobber som lege ved S\u00f6dersjukhuset i Stockholm. Foto: Niklas Larsson \/ Bildbr\u00e5n\" alt=\"\" class=\"\" style=\"--aspect-ratio-image: 1.45; \"\/><\/p>\n<p>\n        BLE LEGE: I dag har Rebecka Liljeberg utdannet seg, og jobber som lege ved S\u00f6dersjukhuset i Stockholm. Foto: Niklas Larsson \/ Bildbr\u00e5n\n    <\/p>\n<p>Mathias Rust &#8211; Johan\t<\/p>\n<p>Mathias Rust (42) var blant de unge guttene som landet en rolle i \u00abFucking \u00c5m\u00e5l\u00bb. Han gikk p\u00e5 videreg\u00e5ende da han spilte Johan, og han har tidligere fortalt\u00a0<a href=\"https:\/\/www.expressen.se\/noje\/livet-efter-fucking-amal-dramat-efter-premiaren\/\" rel=\"nofollow noopener\" target=\"_blank\">Expressen<\/a>\u00a0at livet fikk en helomvending etter at den popul\u00e6re filmen kom ut.<\/p>\n<p>&#8211; Jeg tenkte at det skulle v\u00e6re et lite prosjekt, men det ble kaos, uttalte han den gangen.<\/p>\n<p>    <a itemprop=\"url\" href=\"https:\/\/www.seher.no\/kongelig\/julen-i-fare\/83992181\" rel=\"nofollow noopener\" target=\"_blank\"><\/p>\n<p>        <img loading=\"lazy\" decoding=\"async\" src=\"https:\/\/www.europesays.com\/no\/wp-content\/uploads\/2025\/12\/1766752278_274_83992458.webp\" width=\"980\" height=\"441\" title=\"Julen i fare\" alt=\"\" class=\"lazyload\" style=\"--aspect-ratio-image: 2.22; \"\/><\/p>\n<p>        Julen i fare<\/p>\n<p>    <\/a><\/p>\n<p>Han trakk spesielt frem en hendelse, fra da han var 16 \u00e5r gammel. Han var p\u00e5 reise i Russland, hvor de ansatte p\u00e5 hotellet angivelig gikk litt for langt i \u00e5 s\u00f8rge for at Rust hadde det bra.<\/p>\n<p>Han fortalte nemlig at de hadde hyret inn prostituerte som ventet p\u00e5 ham inne p\u00e5 hotellet &#8211; sjokkert, skal han ha takket nei da hotellet fortalte ham om dette.<\/p>\n<p>        \u00abSKAL VI DANSE\u00bb: Finalist Tiril Eckhoff viser frem til skjulte talent. Video: Nora Skavhaug\/ R\u00f8d L\u00f8per<\/p>\n<p>Etter \u00abFucking \u00c5m\u00e5l\u00bb sluttet han som skuespiller, men har jobbet med musikk i bandet Mathias Rust &amp; 0520. Han har ogs\u00e5 jobbet som guide og flyvert p\u00e5 de popul\u00e6re feriestedene Tenerife, Mallorca og Kreta.<\/p>\n<p>Privat er han gift med kona Emilia, og de har barna Sigge og Sture. Han jobber i dag innen sikkerhet.<\/p>\n<p>    <a itemprop=\"url\" href=\"https:\/\/www.seher.no\/kjendis\/tok-til-tarene\/83985633\" rel=\"nofollow noopener\" target=\"_blank\"><\/p>\n<p>        <img loading=\"lazy\" decoding=\"async\" src=\"https:\/\/www.europesays.com\/no\/wp-content\/uploads\/2025\/12\/1766752279_10_83988311.webp\" width=\"980\" height=\"441\" title=\"Tok til t\u00e5rene\" alt=\"\" class=\"lazyload\" style=\"--aspect-ratio-image: 2.22; \"\/><\/p>\n<p>        Tok til t\u00e5rene<\/p>\n<p>    <\/a><\/p>\n<p>Erica Carlson &#8211; Jessica\t<\/p>\n<p>Elins stores\u00f8ster Jessica, var det Erica Carlson (43) som spilte. Hun ble virkelig bitt av basillen, og dukket opp i en rekke filmer etter \u00abFucking \u00c5m\u00e5l\u00bb.<\/p>\n<p>Hun var med i \u00abCamp Slaughter\u00bb, \u00ab6 points\u00bb, \u00abTjenare kungen\u00bb og \u00abPuss\u00bb. Hun har ogs\u00e5 ledet programmet \u00abTV-huset\u00bb, if\u00f8lge svenske\u00a0<a href=\"https:\/\/www.elle.se\/noje\/erica-carlson-spelade-storasyrran-jessica-i-fucking-amal-sa-gick-det-sen\/8136457\" rel=\"nofollow noopener\" target=\"_blank\">ELLE<\/a>.<\/p>\n<p>        <img loading=\"lazy\" decoding=\"async\" src=\"https:\/\/www.europesays.com\/no\/wp-content\/uploads\/2025\/12\/83996556.webp\" width=\"667\" height=\"507\" title=\"FERDIG: Erica Carlsson (i midten) har lagt skuespillerkarrieren p\u00e5 hylla. Foto: \u00c5ke Ottosson\/Memfis Film\" alt=\"\" class=\"\" style=\"--aspect-ratio-image: 1.32; \"\/><\/p>\n<p>\n        FERDIG: Erica Carlsson (i midten) har lagt skuespillerkarrieren p\u00e5 hylla. Foto: \u00c5ke Ottosson\/Memfis Film\n    <\/p>\n<p>If\u00f8lge det svenske magasinet uttalte hun seg om mediekj\u00f8ret etter suksessen tilbake i 2004.<\/p>\n<p>&#8211; Alt var kult og spennende. Men jeg var bare 18 \u00e5r og etter hvert ble det for mye med hele mediesirkuset, og det \u00e5 bli gjenkjent p\u00e5 byen og p\u00e5 fest, sa hun den gangen.<\/p>\n<p>F\u00f8r 13-\u00e5rsjubileet til \u00abFucking \u00c5m\u00e5l\u00bb, fortalte hun til\u00a0<a href=\"https:\/\/www.aftonbladet.se\/nojesbladet\/a\/3jP55X\/sa-gick-det-sen-for-fucking-amal-skadespelarna\" rel=\"nofollow noopener\" target=\"_blank\">Aftonbladet<\/a>\u00a0at hadde lagt skuespill p\u00e5 hylla, og jobbet i stedet som sykepleier.<\/p>\n<p>        SVARER: En av Herman Flesvigs karakterer i NRKs julekalender \u00abNissene i skjul\u00bb har f\u00e5tt mye omtale. N\u00e5 svarer en av dem som blir parodiert. Video: Marthe Karlson Nielsen\/ Nora Skavhaug\/ R\u00f8d L\u00f8per<\/p>\n<p>Stefan H\u00f6rberg &#8211; Markus\t<\/p>\n<p>Stefan H\u00f6rberg spilte kj\u00e6resten til Jessica.\u00a0I likhet med de andre skuespillerne, ble ogs\u00e5 han n\u00e6rmest stjerne over natten, etter at filmen hadde sin premiere.\u00a0<\/p>\n<p> Skuespillerkarrieren til den svenske gutten ble imidlertid bare med den filmen, og filmstjernen forsvant mer eller mindre fra medias s\u00f8kelys.<\/p>\n<p>I 2010 kom sjokknyheten om at H\u00f6rberg hadde d\u00f8dd. Han ble 29 \u00e5r gammel.<\/p>\n<p>        <img loading=\"lazy\" decoding=\"async\" src=\"https:\/\/www.europesays.com\/no\/wp-content\/uploads\/2025\/12\/83996461.webp\" width=\"667\" height=\"461\" title=\"D\u00d8D: Stefan H\u00f6rberg, som spilte Markus i den prisvinnende kultfilmen, d\u00f8de br\u00e5tt i 2010. Foto: Foto: \u00c5ke Ottosson \/ Memfis Film\" alt=\"\" class=\"\" style=\"--aspect-ratio-image: 1.45; \"\/><\/p>\n<p>\n        D\u00d8D: Stefan H\u00f6rberg, som spilte Markus i den prisvinnende kultfilmen, d\u00f8de br\u00e5tt i 2010. Foto: Foto: \u00c5ke Ottosson \/ Memfis Film\n    <\/p>\n<p>D\u00f8dsfallet preget \u00abFucking \u00c5m\u00e5l\u00bb-kollegaene, som beskrev H\u00f6rberg som en gledesspreder under filminnspillingen.<\/p>\n<p>&#8211; Det er kjempetrist, jeg vet ikke hva jeg skal si, uttalte Liljeberg til den svenske avisen\u00a0<a href=\"https:\/\/www.aftonbladet.se\/nojesbladet\/film\/a\/0E9M7J\/moodysson-sorjer-sin-dode-tonarsstjarna\" rel=\"nofollow noopener\" target=\"_blank\">Aftonbladet<\/a>\u00a0den gang.<\/p>\n<p> Regiss\u00f8ren bak \u00abFucking \u00c5m\u00e5l\u00bb, Lukas Moodysson, beskrev H\u00f6rberg som en gledesspreder under innspillingen av filmen. H\u00f6rberg var bare 17 \u00e5r gammel da kultfilmen hadde sin premiere. <\/p>\n","protected":false},"excerpt":{"rendered":"Sent p\u00e5 90-tallet forelsket Elin seg i Agnes i den svenske byen \u00c5m\u00e5l. Historien ble fortalt i den&hellip;\n","protected":false},"author":2,"featured_media":122161,"comment_status":"","ping_status":"","sticky":false,"template":"","format":"standard","meta":{"footnotes":""},"categories":[58],"tags":[71,14497,479,2543,30,28,29,72],"class_list":{"0":"post-122160","1":"post","2":"type-post","3":"status-publish","4":"format-standard","5":"has-post-thumbnail","7":"category-underholdning","8":"tag-entertainment","9":"tag-fucking-amal","10":"tag-kjendis","11":"tag-kjendisdesken","12":"tag-no","13":"tag-norge","14":"tag-norway","15":"tag-underholdning"},"share_on_mastodon":{"url":"https:\/\/pubeurope.com\/@no\/115785884411739011","error":""},"_links":{"self":[{"href":"https:\/\/www.europesays.com\/no\/wp-json\/wp\/v2\/posts\/122160","targetHints":{"allow":["GET"]}}],"collection":[{"href":"https:\/\/www.europesays.com\/no\/wp-json\/wp\/v2\/posts"}],"about":[{"href":"https:\/\/www.europesays.com\/no\/wp-json\/wp\/v2\/types\/post"}],"author":[{"embeddable":true,"href":"https:\/\/www.europesays.com\/no\/wp-json\/wp\/v2\/users\/2"}],"replies":[{"embeddable":true,"href":"https:\/\/www.europesays.com\/no\/wp-json\/wp\/v2\/comments?post=122160"}],"version-history":[{"count":0,"href":"https:\/\/www.europesays.com\/no\/wp-json\/wp\/v2\/posts\/122160\/revisions"}],"wp:featuredmedia":[{"embeddable":true,"href":"https:\/\/www.europesays.com\/no\/wp-json\/wp\/v2\/media\/122161"}],"wp:attachment":[{"href":"https:\/\/www.europesays.com\/no\/wp-json\/wp\/v2\/media?parent=122160"}],"wp:term":[{"taxonomy":"category","embeddable":true,"href":"https:\/\/www.europesays.com\/no\/wp-json\/wp\/v2\/categories?post=122160"},{"taxonomy":"post_tag","embeddable":true,"href":"https:\/\/www.europesays.com\/no\/wp-json\/wp\/v2\/tags?post=122160"}],"curies":[{"name":"wp","href":"https:\/\/api.w.org\/{rel}","templated":true}]}}