{"id":122167,"date":"2025-12-26T12:44:11","date_gmt":"2025-12-26T12:44:11","guid":{"rendered":"https:\/\/www.europesays.com\/no\/122167\/"},"modified":"2025-12-26T12:44:11","modified_gmt":"2025-12-26T12:44:11","slug":"kronprinsfamilien-feirer-jul-i-numedal","status":"publish","type":"post","link":"https:\/\/www.europesays.com\/no\/122167\/","title":{"rendered":"Kronprinsfamilien feirer jul i Numedal:"},"content":{"rendered":"<p class=\"kicker \" style=\"\">Prinsesse Ingrid Alexandra:<\/p>\n<p>  Kronprinsfamilien fikk en hvit jul da de samlet seg til gudstjeneste i Uvdal.<\/p>\n<p>\n    H\u00c5ND I H\u00c5ND: Kronprinsfamilien var p\u00e5 plass for \u00e5 se julegudstjenesten i kirken. Foto: Terje Bendiksby \/ NTB\n  <\/p>\n<p>Etter et krevende \u00e5r for kronprinsfamilien, samlet de seg p\u00e5 fjellet i Numedal, der tempoet er lavere og omgivelsene velkjente.\u00a0<\/p>\n<p>    <a itemprop=\"url\" href=\"https:\/\/www.seher.no\/kongelig\/kongen-avslort-av-barna\/83985662\" rel=\"nofollow noopener\" target=\"_blank\"><\/p>\n<p>        <img loading=\"lazy\" decoding=\"async\" src=\"https:\/\/www.europesays.com\/no\/wp-content\/uploads\/2025\/12\/83985889.webp\" width=\"980\" height=\"441\" title=\"Kongen avsl\u00f8rt av barna\" alt=\"\" class=\"lazyload\" style=\"--aspect-ratio-image: 2.22; \"\/><\/p>\n<p>        Kongen avsl\u00f8rt av barna<\/p>\n<p>    <\/a><\/p>\n<p>Ogs\u00e5 i \u00e5r m\u00f8tte familien opp til julegudstjeneste i Uvdal kirke p\u00e5 julaften, og her s\u00e5 det ut til at sn\u00f8en hadde lagt seg da kronprinsfamilien dukket opp.<\/p>\n<p>Fast samlingspunkt\t<\/p>\n<p>Se og H\u00f8rs kongehusekspert, Caroline Vagle, tror at familien nyter godt av at alle er under samme tak i julen.<\/p>\n<p>        <img loading=\"lazy\" decoding=\"async\" src=\"https:\/\/www.europesays.com\/no\/wp-content\/uploads\/2025\/12\/84026891.webp\" width=\"686\" height=\"899\" title=\"JULESTEMNING: I kjente omgivelser og sn\u00f8 p\u00e5 bakken feiret kronprinsfamilien jula p\u00e5 hytta. Foto: Terje Bendiksby \/ NTB\" alt=\"\" class=\"\" style=\"--aspect-ratio-image: 0.76; \"\/><\/p>\n<p>\n        JULESTEMNING: I kjente omgivelser og sn\u00f8 p\u00e5 bakken feiret kronprinsfamilien jula p\u00e5 hytta. Foto: Terje Bendiksby \/ NTB\n    <\/p>\n<p>&#8211; S\u00e5 koselige\u00a0bilder av kronprinsparet h\u00e5nd i h\u00e5nd sammen med barna. De nyter nok \u00e5 ha prinsen og prinsessen sammen med seg i jule, etter at begge har tilbrakt h\u00f8sten utenlands. I t\u00f8ffe tider er det spesielt godt \u00e5 samle flokken.<\/p>\n<p>Kronprinsparet kj\u00f8pte hytta i Fjellsnaret i 2007, og stedet har siden v\u00e6rt et fast samlingspunkt i julen. Gjennom \u00e5rene har familien ved flere anledninger tilbrakt julften i Uvdal, med gudstjenesten i lokalkirken som en gjennomg\u00e5ende tradisjon.<\/p>\n<p>        BES\u00d8KER BRANNSTASJON: Prinsesse Ingrid Alexandra og Prins Sverre Magnus f\u00e5r pr\u00f8ve seg som brannkonstabel n\u00e5r de bes\u00f8ker Sentrum brannstasjon i Oslo. Video: Danny Son Ngoc To \/Thea Hope\/ R\u00f8d L\u00f8per<\/p>\n<p>Kirken ligger i Nore og Uvdal kommune \u00f8verst i Numedal i Buskerud. Den ble bygd i 1893 i dragestil og har plass til rundt 350 personer.<\/p>\n<p>&#8211; Et godt eksempel\t<\/p>\n<p>\u00c5rets julefeiring kommer etter et \u00e5r med store endringer for familien. Prinsesse Ingrid Alexandra (21) flyttet til Australia i sommer for \u00e5 studere ved Universitetet i Sydney, men er n\u00e5 hjemme for \u00e5 feire jul med familien.<\/p>\n<p>    <a itemprop=\"url\" href=\"https:\/\/www.seher.no\/kongelig\/pa-storrelse-med-en-skoeske\/84025717\" rel=\"nofollow noopener\" target=\"_blank\"><\/p>\n<p>        <img loading=\"lazy\" decoding=\"async\" src=\"https:\/\/www.europesays.com\/no\/wp-content\/uploads\/2025\/12\/84025724.webp\" width=\"980\" height=\"441\" title=\"- P\u00e5 st\u00f8rrelse med en skoeske\" alt=\"\" class=\"lazyload\" style=\"--aspect-ratio-image: 2.22; \"\/><\/p>\n<p>        &#8211; P\u00e5 st\u00f8rrelse med en skoeske<\/p>\n<p>    <\/a><\/p>\n<p>Kongehuseksperten peker p\u00e5 at prinsessen har for vane \u00e5 hente inspirasjon fra sin mor, kronprinsesse Mette Marit, n\u00e5r hun skal pynte seg til arrangementer.\u00a0<\/p>\n<p>&#8211; Jeg ser for \u00f8vrig at prinsessen i kjent stil har v\u00e6rt i sin mors klesskap i anledning julaften. Hun l\u00e5ner ofte kl\u00e6r fra kronprinsessen, og denne gangen er det en eksklusiv k\u00e5pe fra Max Mara, sier Vagle, og legger til:\u00a0<\/p>\n<p>        <img loading=\"lazy\" decoding=\"async\" src=\"https:\/\/www.europesays.com\/no\/wp-content\/uploads\/2025\/12\/84026897.webp\" width=\"667\" height=\"988\" title=\"S\u00d8SKENPAR: Prinsesse Ingrid Alexandra og prins Sverre Magnus p\u00e5 inn til julegudstjeneste i Uvdal kirke p\u00e5 julaften. Klesvalget til f\u00f8rstnevnte vekker oppsikt. Foto: Terje Bendiksby \/ NTB\" alt=\"\" class=\"\" style=\"--aspect-ratio-image: 0.68; \"\/><\/p>\n<p>\n        S\u00d8SKENPAR: Prinsesse Ingrid Alexandra og prins Sverre Magnus p\u00e5 inn til julegudstjeneste i Uvdal kirke p\u00e5 julaften. Klesvalget til f\u00f8rstnevnte vekker oppsikt. Foto: Terje Bendiksby \/ NTB\n    <\/p>\n<p>&#8211; Vi s\u00e5 den f\u00f8rste gang p\u00e5 Mette-Marit, da kronprinsparet var p\u00e5 fylkestur i h\u00f8st. Hun hadde den ogs\u00e5 p\u00e5 i forbindelse med Redd Barnas fredspris tidligere i desember.<\/p>\n<p>        <img loading=\"lazy\" decoding=\"async\" src=\"https:\/\/www.europesays.com\/no\/wp-content\/uploads\/2025\/12\/84026946.webp\" width=\"667\" height=\"928\" title=\"OVERRASKET: Kronprinsesse Mette-Marit avbildet med den eksklusive k\u00e5pen under Nobels fredspris-utdelingen tidligere i \u00e5r. Foto: Gorm Kallestad \/ NTB\" alt=\"\" class=\"\" style=\"--aspect-ratio-image: 0.72; \"\/><\/p>\n<p>\n        OVERRASKET: Kronprinsesse Mette-Marit avbildet med den eksklusive k\u00e5pen under Nobels fredspris-utdelingen tidligere i \u00e5r. Foto: Gorm Kallestad \/ NTB\n    <\/p>\n<p>Gjenbruk og second hand-shopping har blitt en stor trend de siste \u00e5rene, kanskje spesielt blant unge, og Valge mener at prinsessen er et prakteksempel p\u00e5 at man ikke alltid trenger \u00e5 kj\u00f8pe nye kl\u00e6r.\u00a0<\/p>\n<p>&#8211; L\u00e5n fra mor er rett og slett blitt Ingrid Alexandras varemerke! Jeg synes det er bra at hun g\u00e5r foran som et godt eksempel i s\u00e5 m\u00e5te. Gjenbruk er gull! Alt m\u00e5 ikke til en hver tid v\u00e6re nytt.<\/p>\n<p>Dukket opp med M\u00e4rtha og Durek\t<\/p>\n<p>Torsdag var det ogs\u00e5 tid for at kongeparet skulle feire sin tradisjonelle julegudstjeneste i Holmenkollen.\u00a0<\/p>\n<p>        <img loading=\"lazy\" decoding=\"async\" src=\"https:\/\/www.europesays.com\/no\/wp-content\/uploads\/2025\/12\/84027011.webp\" width=\"686\" height=\"460\" title=\"SAMLET: Kong Harald, dronning Sonja, prinsesse M\u00e4rtha Louise og Durek Verrett p\u00e5 plass i anledning 1. juledagsgudstjeneste i Oslo. Foto: Terje Bendiksby \/ NTB\" alt=\"\" class=\"\" style=\"--aspect-ratio-image: 1.49; \"\/><\/p>\n<p>\n        SAMLET: Kong Harald, dronning Sonja, prinsesse M\u00e4rtha Louise og Durek Verrett p\u00e5 plass i anledning 1. juledagsgudstjeneste i Oslo. Foto: Terje Bendiksby \/ NTB\n    <\/p>\n<p>Med seg til gudstjenesten hadde kong Harald (88) og dronning Sonja (88) datteren sin, prinsesse M\u00e4rtha Louise (54), og ektemannen hennes, Durek Verrett (51).\u00a0Det skriver NTB.<\/p>\n<p>Litt f\u00f8r klokka 12 ankom de Holmenkollen kapell der de ble tatt imot av sogneprest Paul Erik Wirgenes. Det er fast tradisjon at kongeparet feirer h\u00f8ytidsgudstjeneste i Holmenkollen kapell i julen.<\/p>\n<p>        <img loading=\"lazy\" decoding=\"async\" src=\"https:\/\/www.europesays.com\/no\/wp-content\/uploads\/2025\/12\/84027012.webp\" width=\"667\" height=\"594\" title=\"TRADISJON: Kong Harald og dronning Sonja ble tatt imot av sognepresten da de ankom Holmenkollen kapell torsdag. Foto: Terje Bendiksby \/ NTB\" alt=\"\" class=\"\" style=\"--aspect-ratio-image: 1.12; \"\/><\/p>\n<p>\n        TRADISJON: Kong Harald og dronning Sonja ble tatt imot av sognepresten da de ankom Holmenkollen kapell torsdag. Foto: Terje Bendiksby \/ NTB\n    <\/p>\n<p>Kongeparet feiret som vanlig jul p\u00e5 Kongsseteren.<\/p>\n<p>Alle de siste \u00e5rene har kongeparet feiret jul p\u00e5 Kongsseteren, som er en av hyttene til kongefamilien. Seteren ligger p\u00e5 Voksenkollen i Oslo og var opprinnelig en kroningsgave til kong Haakon VII og dronning Maud fra det norske folk.<\/p>\n","protected":false},"excerpt":{"rendered":"Prinsesse Ingrid Alexandra: Kronprinsfamilien fikk en hvit jul da de samlet seg til gudstjeneste i Uvdal. H\u00c5ND I&hellip;\n","protected":false},"author":2,"featured_media":122168,"comment_status":"","ping_status":"","sticky":false,"template":"","format":"standard","meta":{"footnotes":""},"categories":[5],"tags":[20,21,24,25,15,19,5258,13692,14436,479,2543,22,23,17,18,13,30,28,29,14,16,291,26,27],"class_list":{"0":"post-122167","1":"post","2":"type-post","3":"status-publish","4":"format-standard","5":"has-post-thumbnail","7":"category-overskrifter","8":"tag-breaking-news","9":"tag-breakingnews","10":"tag-featured-news","11":"tag-featurednews","12":"tag-headlines","13":"tag-hovedoppslag","14":"tag-hytte","15":"tag-julefeiring","16":"tag-julegudstjeneste","17":"tag-kjendis","18":"tag-kjendisdesken","19":"tag-latest-news","20":"tag-latestnews","21":"tag-main-news","22":"tag-mainnews","23":"tag-news","24":"tag-no","25":"tag-norge","26":"tag-norway","27":"tag-nyheter","28":"tag-overskrifter","29":"tag-prinsesse-ingrid-alexandra","30":"tag-top-stories","31":"tag-topstories"},"share_on_mastodon":{"url":"https:\/\/pubeurope.com\/@no\/115785935796240436","error":""},"_links":{"self":[{"href":"https:\/\/www.europesays.com\/no\/wp-json\/wp\/v2\/posts\/122167","targetHints":{"allow":["GET"]}}],"collection":[{"href":"https:\/\/www.europesays.com\/no\/wp-json\/wp\/v2\/posts"}],"about":[{"href":"https:\/\/www.europesays.com\/no\/wp-json\/wp\/v2\/types\/post"}],"author":[{"embeddable":true,"href":"https:\/\/www.europesays.com\/no\/wp-json\/wp\/v2\/users\/2"}],"replies":[{"embeddable":true,"href":"https:\/\/www.europesays.com\/no\/wp-json\/wp\/v2\/comments?post=122167"}],"version-history":[{"count":0,"href":"https:\/\/www.europesays.com\/no\/wp-json\/wp\/v2\/posts\/122167\/revisions"}],"wp:featuredmedia":[{"embeddable":true,"href":"https:\/\/www.europesays.com\/no\/wp-json\/wp\/v2\/media\/122168"}],"wp:attachment":[{"href":"https:\/\/www.europesays.com\/no\/wp-json\/wp\/v2\/media?parent=122167"}],"wp:term":[{"taxonomy":"category","embeddable":true,"href":"https:\/\/www.europesays.com\/no\/wp-json\/wp\/v2\/categories?post=122167"},{"taxonomy":"post_tag","embeddable":true,"href":"https:\/\/www.europesays.com\/no\/wp-json\/wp\/v2\/tags?post=122167"}],"curies":[{"name":"wp","href":"https:\/\/api.w.org\/{rel}","templated":true}]}}