{"id":122173,"date":"2025-12-26T12:49:13","date_gmt":"2025-12-26T12:49:13","guid":{"rendered":"https:\/\/www.europesays.com\/no\/122173\/"},"modified":"2025-12-26T12:49:13","modified_gmt":"2025-12-26T12:49:13","slug":"donald-trump-jimmy-kimmel-jimmy-kimmel-ut-mot-donald-trump-tyranniet-blomstrer-i-usa","status":"publish","type":"post","link":"https:\/\/www.europesays.com\/no\/122173\/","title":{"rendered":"Donald Trump, Jimmy Kimmel | Jimmy Kimmel ut mot Donald Trump: \u2013 Tyranniet blomstrer i USA"},"content":{"rendered":"\n<p>\u2013 Jeg kan si at fra et fascisme-perspektiv s\u00e5 har det v\u00e6rt et veldig bra \u00e5r. Tyranniet blomster her.<\/p>\n<p>Det sier Jimmy Kimmel (58) i en \u00e5rlig julemelding som sendes p\u00e5 den statlige britiske kanalen Channel 4.<\/p>\n<p><b>Les ogs\u00e5: <a href=\"https:\/\/www.nettavisen.no\/kjendis\/oyvind-blindheim-apenhjertig-om-sonnens-sykdom-syver-vil-bare-bli-sykere\/s\/5-95-2787832\" rel=\"Follow nofollow noopener\" target=\"_blank\">\u00c5penhjertig om s\u00f8nnens sykdom: \u2013 Syver vil bare bli sykere<\/a><\/b><\/p>\n<p><a rel=\"Follow nofollow noopener\" href=\"https:\/\/www.nettavisen.no\/nyheter\/jimmy-kimmel-returnerer\/s\/5-95-2632611\" target=\"_blank\">I september ble Kimmels talkshow \u00abJimmy Kimmel Live!\u00bb av lufta p\u00e5 ubestemt tid.<\/a><\/p>\n<p>    Vil du se neste video?<\/p>\n<p>    <a href=\"https:\/\/www.nettavisen.no\/nyheter\/stripper-pa-string-showbar-i-oslo-avslorer-slik-far-jeg-mest-tips-i-trusa\/v\/5-95-2772941\" class=\"recommend-poster\" data-adp-clicklabel=\"video-recommend\" data-adp-clickvalue=\"poster\" rel=\"nofollow noopener\" target=\"_blank\"><br \/>\n      <img decoding=\"async\" width=\"200\" height=\"200\" loading=\"lazy\" src=\"https:\/\/www.europesays.com\/no\/wp-content\/uploads\/2025\/12\/Stripper+til+cue.jpg\" alt=\"\" class=\"brick-c-cFOWSL\" style=\"--brick-image-ratio: 200 \/ 200;\"\/><\/p>\n<p>Stripper avsl\u00f8rer: \u2013 Slik f\u00e5r jeg mest tips i trusa1:46<\/p>\n<p>    <\/a><\/p>\n<p>Beslutningen kom etter at Kimmel uttalte seg om drapet p\u00e5 Charlie Kirk og hvordan det ble framstilt av deler av den amerikanske h\u00f8yresiden. Han gjorde ogs\u00e5 narr av president Donald Trumps reaksjon i etterkant av drapet.<\/p>\n<p>\u2013 Du har nok lest i avisene deres at presidenten i landet mitt vil at jeg skal tie fordi jeg ikke forguder ham som han liker \u00e5 bli forgudet. Regjeringen truet meg og selskapet jeg jobber for, og plutselig er vi tatt av luften.<\/p>\n<p><b>Les ogs\u00e5: <a href=\"https:\/\/www.nettavisen.no\/kjendis\/fra-statsrad-til-danseparkett-emilie-enger-mehls-omveltende-2025\/s\/5-95-2786507\" rel=\"Follow nofollow noopener\" target=\"_blank\">Kryptisk om fremtiden: \u2013 Fint \u00e5 ikke ha opplysningsplikt<\/a><\/b><\/p>\n<p>Avgj\u00f8relsen m\u00f8tte sterk motstand, og \u00abJimmy Kimmel Live!\u00bb var tilbake p\u00e5 luften etter en uke.<\/p>\n<p>\u2013 Jeg forteller dere denne historien fordi dere kanskje tenker at en regjering som f\u00e5r kritikere sine til \u00e5 tie, er noe som skjer i land som Russland og Nord-Korea. Vel, det var det vi trodde, og n\u00e5 har vi f\u00e5tt kong Donnie den \u00e5ttende som krever henrettelser, sier han.<\/p>\n<p>    Vil du se neste video?<\/p>\n<p>    <a href=\"https:\/\/www.nettavisen.no\/nyheter\/stripper-pa-string-showbar-i-oslo-avslorer-slik-far-jeg-mest-tips-i-trusa\/v\/5-95-2772941\" class=\"recommend-poster\" data-adp-clicklabel=\"video-recommend\" data-adp-clickvalue=\"poster\" rel=\"nofollow noopener\" target=\"_blank\"><br \/>\n      <img decoding=\"async\" width=\"200\" height=\"200\" loading=\"lazy\" src=\"https:\/\/www.europesays.com\/no\/wp-content\/uploads\/2025\/12\/Stripper+til+cue.jpg\" alt=\"\" class=\"brick-c-cFOWSL\" style=\"--brick-image-ratio: 200 \/ 200;\"\/><\/p>\n<p>Stripper avsl\u00f8rer: \u2013 Slik f\u00e5r jeg mest tips i trusa1:46<\/p>\n<p>    <\/a><\/p>\n<p>Kimmel mener imidlertid at han tok det siste stikket, ettersom han fikk kontrakten sin forlenget til 2027. Han ber om britene ikke gir opp amerikanerne.<\/p>\n<p>\u2013 Vi g\u00e5r gjennom en litt vanskelig periode n\u00e5, men vi kommer oss. Det virker kanskje ikke slik, men vi elsker dere, avslutter han.<\/p>\n","protected":false},"excerpt":{"rendered":"\u2013 Jeg kan si at fra et fascisme-perspektiv s\u00e5 har det v\u00e6rt et veldig bra \u00e5r. Tyranniet blomster&hellip;\n","protected":false},"author":2,"featured_media":122174,"comment_status":"","ping_status":"","sticky":false,"template":"","format":"standard","meta":{"footnotes":""},"categories":[12],"tags":[20,21,24,25,15,22,23,13,30,28,29,14,16,26,27,42,43,44,45],"class_list":{"0":"post-122173","1":"post","2":"type-post","3":"status-publish","4":"format-standard","5":"has-post-thumbnail","7":"category-verden","8":"tag-breaking-news","9":"tag-breakingnews","10":"tag-featured-news","11":"tag-featurednews","12":"tag-headlines","13":"tag-latest-news","14":"tag-latestnews","15":"tag-news","16":"tag-no","17":"tag-norge","18":"tag-norway","19":"tag-nyheter","20":"tag-overskrifter","21":"tag-top-stories","22":"tag-topstories","23":"tag-verden","24":"tag-world","25":"tag-world-news","26":"tag-worldnews"},"share_on_mastodon":{"url":"https:\/\/pubeurope.com\/@no\/115785955628414458","error":""},"_links":{"self":[{"href":"https:\/\/www.europesays.com\/no\/wp-json\/wp\/v2\/posts\/122173","targetHints":{"allow":["GET"]}}],"collection":[{"href":"https:\/\/www.europesays.com\/no\/wp-json\/wp\/v2\/posts"}],"about":[{"href":"https:\/\/www.europesays.com\/no\/wp-json\/wp\/v2\/types\/post"}],"author":[{"embeddable":true,"href":"https:\/\/www.europesays.com\/no\/wp-json\/wp\/v2\/users\/2"}],"replies":[{"embeddable":true,"href":"https:\/\/www.europesays.com\/no\/wp-json\/wp\/v2\/comments?post=122173"}],"version-history":[{"count":0,"href":"https:\/\/www.europesays.com\/no\/wp-json\/wp\/v2\/posts\/122173\/revisions"}],"wp:featuredmedia":[{"embeddable":true,"href":"https:\/\/www.europesays.com\/no\/wp-json\/wp\/v2\/media\/122174"}],"wp:attachment":[{"href":"https:\/\/www.europesays.com\/no\/wp-json\/wp\/v2\/media?parent=122173"}],"wp:term":[{"taxonomy":"category","embeddable":true,"href":"https:\/\/www.europesays.com\/no\/wp-json\/wp\/v2\/categories?post=122173"},{"taxonomy":"post_tag","embeddable":true,"href":"https:\/\/www.europesays.com\/no\/wp-json\/wp\/v2\/tags?post=122173"}],"curies":[{"name":"wp","href":"https:\/\/api.w.org\/{rel}","templated":true}]}}