{"id":122179,"date":"2025-12-26T12:52:11","date_gmt":"2025-12-26T12:52:11","guid":{"rendered":"https:\/\/www.europesays.com\/no\/122179\/"},"modified":"2025-12-26T12:52:11","modified_gmt":"2025-12-26T12:52:11","slug":"minneord-age-hareide-vikebladet-no","status":"publish","type":"post","link":"https:\/\/www.europesays.com\/no\/122179\/","title":{"rendered":"Minneord, \u00c5ge Hareide &#8211; vikebladet.no"},"content":{"rendered":"<p data-testid=\"textWithMarkup-text\" data-v-81d7dc2b=\"\" data-v-62d58f52=\"\">23. september 1953 f\u00f8ddest ein liten krabat p\u00e5 Teigen, ytre Hareid, som nummer to og sistemann i Fridtjof og \u00c5sta Hareide sin vesle barneflokk.\u00a0 Storebroren H\u00e5vard var alt blitt 9 \u00e5r og det var sj\u00f8lvsagt stas med ein attp\u00e5klatt. <\/p>\n<p data-testid=\"textWithMarkup-text\" data-v-81d7dc2b=\"\" data-v-62d58f52=\"\">Han fekk namnet \u00c5ge Fridtjof etter foreldra. <\/p>\n<p data-testid=\"textWithMarkup-markup\" data-v-62d58f52=\"\"><a href=\"https:\/\/www.vikebladet.no\/i\/zOG5w9\" rel=\"nofollow noopener\" target=\"_blank\">18. desember 2025 &#8211; i ein alder av 72 \u00e5r &#8211; gjekk han ut av tida,<\/a> r\u00e5ka av ein alvorleg kreftsjukdom.<\/p>\n<p data-testid=\"textWithMarkup-text\" data-v-81d7dc2b=\"\" data-v-62d58f52=\"\">Han vart kjend over heile landet som fotballspelar, fotballtrenar og tv-kommentator, men i dette minneordet vil vi i f\u00f8rste rekke trekke fram tida hans p\u00e5 Hareid og i H\u00f8dd.<\/p>\n<p>Ville bli ber\u00f8mt<\/p>\n<p data-testid=\"textWithMarkup-text\" data-v-81d7dc2b=\"\" data-v-62d58f52=\"\">Alt fr\u00e5 ung alder var det \u00c5ge sitt m\u00e5l i bli ein ber\u00f8mt fotballspelar. Grannane s\u00e5g han st\u00e5 \u00e5leine i timesvis og sparke fotballen mot garasjen eller heade mot husveggen. Seinare sette faren opp m\u00e5l, med fiskenot som nett, og d\u00e5 vart det seriekampar mellom grendalaga i bygda. \u00c5ge arrangerte sin eigen serie med lag fr\u00e5 Indre Hareid, Ytre Hareid, Bigset, Hj\u00f8rungav\u00e5g og Brandal. I biografien \u00ab\u00c5ge Hareide &#8211; et fotballiv\u00bb av Arild Stavrum, fortel \u00c5ge at han ofte hadde med sin eigen fotball til desse kampane og at han ogs\u00e5 likte \u00e5 vere dommar. D\u00e5 hadde han i tillegg kontroll p\u00e5 resultatet. \u00abFekk eg ikkje viljen min, tok eg berre ballen og sykla av garde. Skulle det vere kamp, var det p\u00e5 mine premissar\u00bb, fortalde han til Stavrum.<\/p>\n<p data-testid=\"textWithMarkup-text\" data-v-81d7dc2b=\"\" data-v-62d58f52=\"\">L\u00e9rballen hadde han ogs\u00e5 med seg til kampar p\u00e5 Hovlid-bana, ei lett skr\u00e5nande attelege som ligg over dei \u00f8vste gardane i Hovlida. Ein barndomskompis fortel at dei kunne sparke fotball i timesvis der oppe.<\/p>\n<p data-testid=\"textWithMarkup-text\" data-v-81d7dc2b=\"\" data-v-62d58f52=\"\">Vi kan trygt seie at \u00c5ge voks opp i ein heim som sette tydelege krav, men som samtidig gav fridom og ballast. I lia der han budde var der fleire sm\u00e5 l\u00f8kker, som hadde g\u00e5tt ut av bruk som beitemark. Ei lita flate like bak heimen p\u00e5 Teigen gav rom til \u00e5 utvikle seg. \u00c5ge begynte med organisert fotball i Hareid IL og var mellom dei yngste, men likevel ein sentral spelar, p\u00e5 eit lag som vann \u201dSunnm\u00f8rspostens gutteklubbcup\u201d i \u00c5lesund i 1966. <\/p>\n<p>Slektsband til H\u00f8dd<\/p>\n<p data-testid=\"textWithMarkup-text\" data-v-81d7dc2b=\"\" data-v-62d58f52=\"\">Faren Fridtjof var fiskar og verkstadarbeidar &#8211; mora \u00c5sta f. Hasund, var heimeverande. Ho var forresten s\u00f8skenbarn til H\u00f8dd-kjendisane Hallbj\u00f8rn og Kjetil Hasund, sentrale spelarar d\u00e5 H\u00f8dd p\u00e5 mirakul\u00f8st vis spelte seg opp i eliteserien i fotball i 1965. Dette bandet til H\u00f8dd var nok avgjerande for at \u00c5ge sette kursen for H\u00f8ddvoll alt som gutespelar. <\/p>\n<p data-testid=\"textWithMarkup-text\" data-v-81d7dc2b=\"\" data-v-62d58f52=\"\">I boka til Stavrum st\u00e5r det ogs\u00e5 at \u00c5ge og mora \u00c5sta ofte tok turen til Hasund for \u00e5 vitje slekta hennar. Der hadde \u00c5ge eit to \u00e5r eldre s\u00f8skenbarn, Bj\u00f8rg.\u00a0 Dei to tente pengar p\u00e5 \u00e5 rykke opp h\u00f8ymoler eller trakke t\u00f8rrh\u00f8y. Dei bada og sl\u00e5st &#8211; og nokre gonger klarte Bj\u00f8rg \u00e5 lure \u00c5ge til \u00e5 leike med dokker. Men \u00c5ge var mykje meir interessert i aktivitetane til mora sine to s\u00f8skenbarn Hallbj\u00f8rn og Kjetil Hasund, som var hans store heltar og p\u00e5 veg til \u00e5 bli stjerner p\u00e5 H\u00f8dd sitt a-lag. \u00c5ge snappa opp mange av triksa deira \u2013 og terpa p\u00e5 dei mot husveggen n\u00e5r han kom heim til Hareid. <\/p>\n<p data-testid=\"textWithMarkup-text\" data-v-81d7dc2b=\"\" data-v-62d58f52=\"\">&#8211; Eg er imponert over \u00c5ge. Det var fleire fotballtalent p\u00e5 hans alder i Hareid, men ingen var s\u00e5 treningsvillige som han. \u00c5ge hadde jernvilje. I tillegg hadde han eit godt hovud. Han var flink p\u00e5 skule &#8211; og han var snill, fortel ein tidlegare skulekamerat.<\/p>\n<p data-testid=\"textWithMarkup-text\" data-v-81d7dc2b=\"\" data-v-62d58f52=\"\">Ei venninne fr\u00e5 gymnastida fortel at \u00c5ge skreiv namnet sitt over fleire blad i kladdeboka hennar. \u00abDu kan g\u00f8yme p\u00e5 det til eg blir ber\u00f8mt\u00bb, smilte han. Denne venninna dreg ogs\u00e5 fram \u00c5ge si store interesse for geografi, historie og litteratur. Geografi-interessa trur ho kanskje kom av at broren H\u00e5vard, som var uteseglar, stadig sende heim postkort og frimerke fr\u00e5 nye plassar han kom til. Heime p\u00e5 Hareid sat \u00c5ge med atlas og globus for \u00e5 l\u00e6re om desse plassane.<\/p>\n<p data-testid=\"textWithMarkup-text\" data-v-81d7dc2b=\"\" data-v-62d58f52=\"\">Men ein karriere som vart altfor kort for \u00c5ge, var musikant-tida i Hareid skulekorps. Han fekk b\u00e5de skarptromme og uniform, men musikanten m\u00e5tte etter eit par \u00e5r vike for fotballsparkaren.<\/p>\n<p>Fotballkarrieren<\/p>\n<p data-testid=\"textWithMarkup-text\" data-v-81d7dc2b=\"\" data-v-62d58f52=\"\">Som 17-\u00e5ring spelte \u00c5ge sin f\u00f8rste kamp p\u00e5 a-laget til H\u00f8dd. Fr\u00e5 og med sesongen 1971 var han fast inventar p\u00e5 a-laget fram til sommaren 1975, to av sesongane i eliteserien. Med sin oppofrande og kompromisslause spelestil fekk han tidleg ord p\u00e5 seg for \u00e5 vere ein vinnarskalle. \u00c5ge fekk tilsaman 152 a-kampar for H\u00f8dd.<\/p>\n<p data-testid=\"textWithMarkup-text\" data-v-81d7dc2b=\"\" data-v-62d58f52=\"\">Etter sommaren 1975 begynte han p\u00e5 skatterevisorstudium ved DH i Molde og melde overgang til Molde FK. I mellomtida hadde det vorte landskampar, f\u00f8rst p\u00e5 U19- og U21-landslaga. Seinare fekk han tilsaman 50 a-landskampar i tidsromet 1976-86. <\/p>\n<p data-testid=\"textWithMarkup-text\" data-v-81d7dc2b=\"\" data-v-62d58f52=\"\">I 1981, som 27-\u00e5ring, fekk han &#8211; som den andre nordmannen &#8211; proffkontrakt i England, med Manchester City. F\u00f8rstemann var Nottingham Forest-spelaren Einar Jan Aas. \u00c5ge runda av den tre\u00e5rige englandskarrieren som Norwich-spelar. I det som var annonsert som den aller siste kampen scora han med ei heading i 1-1-oppgjeret mot Everton. Dei ordspelande engelske tabloidane slo opp scoringa med overskrifta \u201dHeading for home\u201d.<\/p>\n<p data-testid=\"textWithMarkup-text\" data-v-81d7dc2b=\"\" data-v-62d58f52=\"\">Heime i Norge var \u00c5ge spelande trenar i Molde eit par sesongar f\u00f8r han gav seg som spelar i 1987 og innleidde ein imponerande trenarkarriere som omfatta klubbane Molde, H\u00e4lsingborg, Br\u00f8ndby, Rosenborg, \u00d8rgryte, Viking og Malm\u00f8. Han fekk aldri noko serie- eller cupgull som spelar, men VG k\u00e5ra han til \u201d\u00c5rets spelar\u201d i eliteserien i 1980. Derimot tok han mange gull som trenar: i 1994 trente han Molde FK til cupgull \u2013 deretter tok han cupgull med svenske H\u00e4lsingborg i 1998 og svensk seriemeisterskap med same klubb i 1999. S\u00e5 trente han danske Br\u00f8ndby til seriegull i 2002 \u2013 for s\u00e5 \u00e5 vende heim til Norge og leie Rosenborg til b\u00e5de cup- og seriegull i 2003. S\u00e5 kom ein periode som landslagstrenar for Norge (2003-2008) f\u00f8r han i 2014 var tilbake p\u00e5 klubbniv\u00e5 og trente svenske Malm\u00f8 FF til seriegull. Gjetord om trenarbragdene hans f\u00f8rte han over \u00d8resund til landslagstrenaroppdrag for danskane \u00e5ra 2015-2020. Det resulterte i deltaking i b\u00e5de VM- og EM-sluttspel \u2013 og \u00c5ge vart k\u00e5ra til \u201dridder av Danebrogsordenen\u201d.<\/p>\n<p data-testid=\"textWithMarkup-text\" data-v-81d7dc2b=\"\" data-v-62d58f52=\"\">\u00c5ge avslutta trenarkarrieren som landslagstrenar for Island 2023-2024.<\/p>\n<p>Gl\u00f8ymde aldri r\u00f8tene<\/p>\n<p data-testid=\"textWithMarkup-text\" data-v-81d7dc2b=\"\" data-v-62d58f52=\"\">Som den fotballtrottaren \u00c5ge vart, ogs\u00e5 som fast TV-kommentator, gl\u00f8ymde han aldri r\u00f8tene sine. Han stilte gjerne opp for milj\u00f8et kring IL H\u00f8dd og barndomsklubben Hareid IL \u2013 anten det var som k\u00e5s\u00f8r eller for \u00e5 kaste glans over viktige hendingar i lokalsamfunnet. Til Hareid IL sitt 75-\u00e5rsjubileum i 1997 tok han med eit toppa Molde-lag til oppvisningskamp mot eit forsterka Hareid-lag p\u00e5 Hareid stadion &#8211; og han stilte opp d\u00e5 den nye kunstgrasbana p\u00e5 Hareid vart opna i 2007. <\/p>\n<p data-testid=\"textWithMarkup-text\" data-v-81d7dc2b=\"\" data-v-62d58f52=\"\">Det var berre \u00e5 ringe. Hadde han tid, kom han.<\/p>\n<p data-testid=\"textWithMarkup-text\" data-v-81d7dc2b=\"\" data-v-62d58f52=\"\">Eit stort bilde av \u00c5ge Hareide har lenge hatt ein framtredande plass p\u00e5 veggen i Hareid IL sitt klubbhus \u2013 og der blir det heilt sikkert hengande.<\/p>\n<p data-testid=\"textWithMarkup-text\" data-v-81d7dc2b=\"\" data-v-62d58f52=\"\">&#8211; Ein knakande kjekk kar, men han kom med klare meldingar og kunne vere hissig, samtidig som han var b\u00e5de lun og hadde godt hum\u00f8r, fortel dei som kjende han.<\/p>\n<p>Vaksen- og familieliv i Molde<\/p>\n<p data-testid=\"textWithMarkup-text\" data-v-81d7dc2b=\"\" data-v-62d58f52=\"\">I 1976 hadde \u00c5ge gifta seg med Annbj\u00f8rg Naas, opprinneleg fr\u00e5 Eide. Dei hadde hus i Molde og fekk etter kvart to barn; Bendik (f. 1979) og Anne Henrikke (f. 1984), som har gitt paret fire barnebarn. <\/p>\n<p data-testid=\"textWithMarkup-text\" data-v-81d7dc2b=\"\" data-v-62d58f52=\"\">Broren H\u00e5vard, som slo seg ned i \u00c5lesund, fortel om mange gjestingar i Molde. B\u00e5de faren Fridtjof og H\u00e5vard var ivrige fiskarar &#8211; og ogs\u00e5 \u00c5ge skaffa seg b\u00e5t for \u00e5 fiske i Moldefjorden. Men bror H\u00e5vard meiner han aldri fekk heilt dreis p\u00e5 det:<\/p>\n<p data-testid=\"textWithMarkup-text\" data-v-81d7dc2b=\"\" data-v-62d58f52=\"\">&#8211; Han hadde ikkje tolmod. Kom vi oss ut p\u00e5 fjorden og det ikkje beit med ein gong, ville han heim att, fortel H\u00e5vard, og legg til:<\/p>\n<p data-testid=\"textWithMarkup-text\" data-v-81d7dc2b=\"\" data-v-62d58f52=\"\">&#8211; Men han var ein sv\u00e6rt triveleg kar \u2013 og levande interessert i heimbygda Hareid heile livet. Han snakka ofte om folka i Me-gata og angra p\u00e5 at han ikkje hadde filma dei.<\/p>\n<p data-testid=\"textWithMarkup-markup\" data-v-62d58f52=\"\"><a href=\"https:\/\/www.vikebladet.no\/i\/e78PvQ\" rel=\"nofollow noopener\" target=\"_blank\">\u00c5ge Hareide skal bisetjast fr\u00e5 Molde domkyrkje torsdag 8. januar.<\/a><\/p>\n","protected":false},"excerpt":{"rendered":"23. september 1953 f\u00f8ddest ein liten krabat p\u00e5 Teigen, ytre Hareid, som nummer to og sistemann i Fridtjof&hellip;\n","protected":false},"author":2,"featured_media":122180,"comment_status":"","ping_status":"","sticky":false,"template":"","format":"standard","meta":{"footnotes":""},"categories":[59],"tags":[30,28,29,83,82],"class_list":{"0":"post-122179","1":"post","2":"type-post","3":"status-publish","4":"format-standard","5":"has-post-thumbnail","7":"category-sport","8":"tag-no","9":"tag-norge","10":"tag-norway","11":"tag-sport","12":"tag-sports"},"share_on_mastodon":{"url":"https:\/\/pubeurope.com\/@no\/115785966771424672","error":""},"_links":{"self":[{"href":"https:\/\/www.europesays.com\/no\/wp-json\/wp\/v2\/posts\/122179","targetHints":{"allow":["GET"]}}],"collection":[{"href":"https:\/\/www.europesays.com\/no\/wp-json\/wp\/v2\/posts"}],"about":[{"href":"https:\/\/www.europesays.com\/no\/wp-json\/wp\/v2\/types\/post"}],"author":[{"embeddable":true,"href":"https:\/\/www.europesays.com\/no\/wp-json\/wp\/v2\/users\/2"}],"replies":[{"embeddable":true,"href":"https:\/\/www.europesays.com\/no\/wp-json\/wp\/v2\/comments?post=122179"}],"version-history":[{"count":0,"href":"https:\/\/www.europesays.com\/no\/wp-json\/wp\/v2\/posts\/122179\/revisions"}],"wp:featuredmedia":[{"embeddable":true,"href":"https:\/\/www.europesays.com\/no\/wp-json\/wp\/v2\/media\/122180"}],"wp:attachment":[{"href":"https:\/\/www.europesays.com\/no\/wp-json\/wp\/v2\/media?parent=122179"}],"wp:term":[{"taxonomy":"category","embeddable":true,"href":"https:\/\/www.europesays.com\/no\/wp-json\/wp\/v2\/categories?post=122179"},{"taxonomy":"post_tag","embeddable":true,"href":"https:\/\/www.europesays.com\/no\/wp-json\/wp\/v2\/tags?post=122179"}],"curies":[{"name":"wp","href":"https:\/\/api.w.org\/{rel}","templated":true}]}}