{"id":122183,"date":"2025-12-26T12:56:11","date_gmt":"2025-12-26T12:56:11","guid":{"rendered":"https:\/\/www.europesays.com\/no\/122183\/"},"modified":"2025-12-26T12:56:11","modified_gmt":"2025-12-26T12:56:11","slug":"nar-alt-blir-en-meme","status":"publish","type":"post","link":"https:\/\/www.europesays.com\/no\/122183\/","title":{"rendered":"N\u00e5r alt blir en \u00abmeme\u00bb"},"content":{"rendered":"\n<p class=\"_prefix_nfjwc_1 layout-padded\">Meninger<br \/>Debattinnlegg<\/p>\n<p class=\"_lead_o9xde_2 _lead_xtcu6_50 layout-component text-serif-m layout-normal text-serif-l _lead_1eue0_21 layout-component layout-normal layout-padded layout-padded\">Det blir lettere for dem med makt \u00e5 slippe unna n\u00e5r internett gj\u00f8r alt om til en vits.<\/p>\n<p><img decoding=\"async\" class=\"_image_1pdwo_15\" itemprop=\"image\" loading=\"lazy\"  src=\"https:\/\/www.europesays.com\/no\/wp-content\/uploads\/2025\/12\/beaa3067-7cb3-4164-a880-bb45fd4863d3\"  width=\"40\"\/><strong>Celina Abi Saab<\/strong><\/p>\n<p class=\"_description_1pdwo_10 text-sans-s\">Student<\/p>\n<p><img alt=\"Melania Trump fremstilles som sympatisk og ufarlig p\u00e5 TikTok, skriver innleggsforfatteren. Foto: Julia Demaree Nikhinson \/ AP \/ NTB\" class=\"_image_qp4xg_65 layout-component layout-wide\" data-fullscreen- data-track-element-type=\"Article image fullscreen\" data-track-name=\"ImageFullscreen\" fetchpriority=\"high\" decoding=\"sync\" loading=\"eager\" height=\"3347\" itemprop=\"image\"  src=\"https:\/\/www.europesays.com\/no\/wp-content\/uploads\/2025\/12\/ba436877-c577-47b0-976a-7b52ce2f5adb\"  style=\"object-position:49.352718581955784% 47.95339109650433%\" width=\"5021\"\/>Melania Trump fremstilles som sympatisk og ufarlig p\u00e5 TikTok, skriver innleggsforfatteren. Foto: Julia Demaree Nikhinson \/ AP \/ NTBFredag 26. desember kl. 12:46     <\/p>\n<p class=\"_paragraph_o9xde_4 _paragraph_xtcu6_10 layout-component text-serif-m layout-normal text-serif-m layout-padded\">Det er mye m\u00f8rkt om dagen. <\/p>\n<p class=\"_paragraph_o9xde_4 _paragraph_xtcu6_10 layout-component text-serif-m layout-normal text-serif-m layout-padded\"><a href=\"https:\/\/www.vg.no\/tag\/gaza?utm_source=vg-article&amp;utm_medium=auto-tagger&amp;utm_campaign=7plLkv\" class=\"_link_o9xde_39\" rel=\"nofollow noopener\" target=\"_blank\">Gaza<\/a>, Trump, Sudan, klimakrise og KI som selger dataene v\u00e5re er bare en br\u00f8kdel av det.<\/p>\n<p class=\"_paragraph_o9xde_4 _paragraph_xtcu6_10 layout-component text-serif-m layout-normal text-serif-m layout-padded\">Det er forst\u00e5elig at man kan f\u00f8le seg overveldet. Spesielt n\u00e5r man bor langt nok vekk til \u00e5 kunne bestemme om man vil konfrontere problemene eller ikke. <\/p>\n<p class=\"_paragraph_o9xde_4 _paragraph_xtcu6_10 layout-component text-serif-m layout-normal text-serif-m layout-padded\">\u00c5 skru av, beskytte psyken og slippe ubehaget er et r\u00e5d mange f\u00f8lger. En annen typisk reaksjon er \u00e5 ville tulle det bort.<\/p>\n<p class=\"_paragraph_o9xde_4 _paragraph_xtcu6_10 layout-component text-serif-m layout-normal text-serif-m layout-padded\">P\u00e5 sosiale medier, s\u00e6rlig p\u00e5 TikTok, har politisk humor tatt over mange sin \u00abfor you page\u00bb\u00abfor you page\u00bbHovedfeeden i apper som TikTok, der innhold vises basert p\u00e5 algoritmen og hva du liker \u00e5 se p\u00e5.  og vi blir stadig mer kyniske rundt hva vi ler av.<\/p>\n<p class=\"_paragraph_o9xde_4 _paragraph_xtcu6_10 layout-component text-serif-m layout-normal text-serif-m layout-padded\"><strong class=\"_strong_o9xde_25\">La oss ta et eksempel:<\/strong><\/p>\n<p class=\"_paragraph_o9xde_4 _paragraph_xtcu6_10 layout-component text-serif-m layout-normal text-serif-m layout-padded\">Tidlig i 2024 sto over 70 personer fram og anklaget rapper og produsent Sean \u00abDiddy\u00bb Combs for blant annet overgrep og menneskehandel. <\/p>\n<p class=\"_paragraph_o9xde_4 _paragraph_xtcu6_10 layout-component text-serif-m layout-normal text-serif-m layout-padded\">Senere ble det kjent at han hadde mer enn tusen flasker babyolje hjemme. Dette ble i seg selv et humoristisk fenomen.<\/p>\n<p class=\"_paragraph_o9xde_4 _paragraph_xtcu6_10 layout-component text-serif-m layout-normal text-serif-m layout-padded\">Internett flommet over av memes og spekulasjonsvideoer, og flere par kledde seg til og med ut som \u00abDiddy og babyoljen\u00bb til halloween. <\/p>\n<p class=\"_paragraph_o9xde_4 _paragraph_xtcu6_10 layout-component text-serif-m layout-normal text-serif-m layout-padded\">Jeg tenker ofte p\u00e5 den perioden da annenhver Instagram-reel var en sp\u00f8k om babyoljen. <\/p>\n<p class=\"_paragraph_o9xde_4 _paragraph_xtcu6_10 layout-component text-serif-m layout-normal text-serif-m layout-padded\">Selv da f\u00f8ltes det ubehagelig hvor lett situasjonen ble gjort til underholdning. For ofrene hans var det alt annet enn morsomt.<\/p>\n<p><img alt=\"Sean Combs, bedre kjent som \u00abP Diddy\u00bb. Den 55 \u00e5r gamle rapperen ble d\u00f8mt til 50 m\u00e5neder fengsel etter \u00e5 ha blitt funnet skyldig i to tiltalepunkter om transport for \u00e5 drive prostitusjon. Juryen frikjente ham for de mer alvorlige anklagene om menneskehandel og utpressing, som kunne gitt ham livstid i fengsel.  Foto: ANGELA WEISS \/ AFP \/ NTB\" class=\"_image_qp4xg_65 layout-component layout-normal\" data-fullscreen- data-track-element-type=\"Article image fullscreen\" data-track-name=\"ImageFullscreen\" decoding=\"async\" loading=\"lazy\" height=\"3209\" itemprop=\"image\"  src=\"https:\/\/www.europesays.com\/no\/wp-content\/uploads\/2025\/12\/9216b9c6-12e1-4a15-b05b-7844043bc5be\"  style=\"object-position:48.60163710777626% 30.41445933312558%\" width=\"2932\"\/>Sean Combs, bedre kjent som \u00abP Diddy\u00bb. Den 55 \u00e5r gamle rapperen ble d\u00f8mt til 50 m\u00e5neder fengsel etter \u00e5 ha blitt funnet skyldig i to tiltalepunkter om transport for \u00e5 drive prostitusjon. Juryen frikjente ham for de mer alvorlige anklagene om menneskehandel og utpressing, som kunne gitt ham livstid i fengsel.  Foto: ANGELA WEISS \/ AFP \/ NTB<\/p>\n<p class=\"_paragraph_o9xde_4 _paragraph_xtcu6_10 layout-component text-serif-m layout-normal text-serif-m layout-padded\">De risikerte livet ved \u00e5 st\u00e5 fram mot en av verdens mektigste artister, og ble m\u00f8tt med h\u00e5n. N\u00e5r vi humoriserer slike hendelser, svekker vi alvoret og dermed ogs\u00e5 ford\u00f8mmelsen av lignende forbrytelser.<\/p>\n<p class=\"_paragraph_o9xde_4 _paragraph_xtcu6_10 layout-component text-serif-m layout-normal text-serif-m layout-padded\">Oppmerksomheten Trump f\u00e5r, er et annet glitrende eksempel. <\/p>\n<p class=\"_paragraph_o9xde_4 _paragraph_xtcu6_10 layout-component text-serif-m layout-normal text-serif-m layout-padded\">Morsomme klipp av ham sirkulerer konstant: <\/p>\n<p class=\"_paragraph_o9xde_4 _paragraph_xtcu6_10 layout-component text-serif-m layout-normal text-serif-m layout-padded\">Utdrag fra det gamle realityshowet hans, klipp der han krangler med reportere, og KI-videoer av hotellene han \u00abskal bygge\u00bb over hele Gaza n\u00e5r han f\u00e5r viljen sin.<\/p>\n<p class=\"_paragraph_o9xde_4 _paragraph_xtcu6_10 layout-component text-serif-m layout-normal text-serif-m layout-padded\">Men hva er det vi ler av? <\/p>\n<p class=\"_paragraph_o9xde_4 _paragraph_xtcu6_10 layout-component text-serif-m layout-normal text-serif-m layout-padded\">Trump er ikke en dum klovn. Han er en strategisk politisk akt\u00f8r som vet hvordan han skal distrahere folk fra det som faktisk skjer. <\/p>\n<p><img alt=\"Foto: Evelyn Hockstein \/ Reuters \/ NTB\" class=\"_image_qp4xg_65 layout-component layout-normal\" data-fullscreen- data-track-element-type=\"Article image fullscreen\" data-track-name=\"ImageFullscreen\" decoding=\"async\" loading=\"lazy\" height=\"3667\" itemprop=\"image\"  src=\"https:\/\/www.europesays.com\/no\/wp-content\/uploads\/2025\/12\/cb1ce142-9bf7-49b8-b899-f84f83d0b925\"  style=\"object-position:0% 0%\" width=\"5500\"\/>Foto: Evelyn Hockstein \/ Reuters \/ NTB<\/p>\n<p class=\"_paragraph_o9xde_4 _paragraph_xtcu6_10 layout-component text-serif-m layout-normal text-serif-m layout-padded\">Det snakkes ustoppelig om hvor \u00abdum\u00bb han m\u00e5 v\u00e6re som tror han fortjener Nobels fredspris. <\/p>\n<p class=\"_paragraph_o9xde_4 _paragraph_xtcu6_10 layout-component text-serif-m layout-normal text-serif-m layout-padded\">Derimot er det langt mindre oppmerksomhet rundt at \u00e5rets prisvinner er en av hans allierte, som har st\u00f8ttet Israels handlinger i Gaza.<\/p>\n<p class=\"_paragraph_o9xde_4 _paragraph_xtcu6_10 layout-component text-serif-m layout-normal text-serif-m layout-padded\">Selv Melania Trump blir humorisert: fremstilt som en diva, en ironisk heltinne som \u00abhater\u00bb mannen sin like mye som mange andre gj\u00f8r. <\/p>\n<p class=\"_paragraph_o9xde_4 _paragraph_xtcu6_10 layout-component text-serif-m layout-normal text-serif-m layout-padded\">Det gj\u00f8r henne sympatisk og ufarlig, og tar oppmerksomhet bort fra at hun er en del av et politisk system som bidrar til vold og polarisering. <\/p>\n<p class=\"_paragraph_o9xde_4 _paragraph_xtcu6_10 layout-component text-serif-m layout-normal text-serif-m layout-padded\">Humor gj\u00f8r henne lettere \u00e5 like, og dermed lettere \u00e5 svelge.<\/p>\n<p class=\"_paragraph_o9xde_4 _paragraph_xtcu6_10 layout-component text-serif-m layout-normal text-serif-m layout-padded\">\u00c5 reagere p\u00e5 noe i dag ofte avskrives som \u00e5 v\u00e6re \u00abfor sensitiv\u00bb. <\/p>\n<p class=\"_paragraph_o9xde_4 _paragraph_xtcu6_10 layout-component text-serif-m layout-normal text-serif-m layout-padded\">Etter at woke-b\u00f8lgen fra 2020 roet seg og de performative aktivistene trakk seg tilbake, har det blitt enda mindre popul\u00e6rt \u00e5 vise empati eller sette andres opplevelser f\u00f8rst. <\/p>\n<p class=\"_paragraph_o9xde_4 _paragraph_xtcu6_10 layout-component text-serif-m layout-normal text-serif-m layout-padded\">Og ja: verden er full av kriser, og humor er for mange en m\u00e5te \u00e5 holde hodet over vannet.<\/p>\n<p class=\"_paragraph_o9xde_4 _paragraph_xtcu6_10 layout-component text-serif-m layout-normal text-serif-m layout-padded\">Men ting blir ikke bedre. P\u00e5 et tidspunkt m\u00e5 vi t\u00f8rre \u00e5 se det ubehagelige og forst\u00e5 det. <\/p>\n<p class=\"_paragraph_o9xde_4 _paragraph_xtcu6_10 layout-component text-serif-m layout-normal text-serif-m layout-padded\">Det er ikke tullinger som styrer verden mot en klimakatastrofe de selv ikke tror p\u00e5, det er smarte milliard\u00e6rer som aldri kommer til \u00e5 st\u00e5 i flommene de skaper, og som allerede har sikret seg n\u00e5r krisen rammer.<\/p>\n<p class=\"_paragraph_o9xde_4 _paragraph_xtcu6_10 layout-component text-serif-m layout-normal text-serif-m layout-padded\">Det er heller ikke \u00abt\u00f8ysete\u00bb n\u00e5r Trump p\u00e5st\u00e5r at Israel har skapt fred med Hamas, mens palestinere fortsatt bombes lenge etter den p\u00e5st\u00e5tte fredsavtalen. Det er strategi. <\/p>\n<p class=\"_paragraph_o9xde_4 _paragraph_xtcu6_10 layout-component text-serif-m layout-normal text-serif-m layout-padded\">Og den fungerer bare fordi vi gj\u00f8r det til billig underholdning.<\/p>\n<p class=\"_paragraph_o9xde_4 _paragraph_xtcu6_10 layout-component text-serif-m layout-normal text-serif-m layout-padded\">For de av oss som faktisk \u00f8nsker endring, er det avgj\u00f8rende \u00e5 v\u00e5kne. <\/p>\n<p class=\"_paragraph_o9xde_4 _paragraph_xtcu6_10 layout-component text-serif-m layout-normal text-serif-m layout-padded\">Dette skjer i virkeligheten, ikke bare p\u00e5 skjermen. Hadde vi sett disse hendelsene uten filteret av humor, ville alvoret v\u00e6rt umulig \u00e5 ignorere.<\/p>\n<p>   Dette er en kronikk. Kronikken gir uttrykk for skribentens holdning. Du kan sende inn kronikker og debattinnlegg til <a class=\"_link_jv5ak_10\" href=\"https:\/\/www.vg.no\/nyheter\/i\/7plLkv\/mailto:debatt@vg.no\" rel=\"nofollow noopener\" target=\"_blank\">debatt@vg.no<\/a>. <\/p>\n","protected":false},"excerpt":{"rendered":"MeningerDebattinnlegg Det blir lettere for dem med makt \u00e5 slippe unna n\u00e5r internett gj\u00f8r alt om til en&hellip;\n","protected":false},"author":2,"featured_media":122184,"comment_status":"","ping_status":"","sticky":false,"template":"","format":"standard","meta":{"footnotes":""},"categories":[12],"tags":[20,21,24,25,53,15,22,23,13,30,28,29,14,16,26,27,42,103,43,44,45],"class_list":{"0":"post-122183","1":"post","2":"type-post","3":"status-publish","4":"format-standard","5":"has-post-thumbnail","7":"category-verden","8":"tag-breaking-news","9":"tag-breakingnews","10":"tag-featured-news","11":"tag-featurednews","12":"tag-gaza","13":"tag-headlines","14":"tag-latest-news","15":"tag-latestnews","16":"tag-news","17":"tag-no","18":"tag-norge","19":"tag-norway","20":"tag-nyheter","21":"tag-overskrifter","22":"tag-top-stories","23":"tag-topstories","24":"tag-verden","25":"tag-vgmeninger","26":"tag-world","27":"tag-world-news","28":"tag-worldnews"},"share_on_mastodon":{"url":"https:\/\/pubeurope.com\/@no\/115785982700535080","error":""},"_links":{"self":[{"href":"https:\/\/www.europesays.com\/no\/wp-json\/wp\/v2\/posts\/122183","targetHints":{"allow":["GET"]}}],"collection":[{"href":"https:\/\/www.europesays.com\/no\/wp-json\/wp\/v2\/posts"}],"about":[{"href":"https:\/\/www.europesays.com\/no\/wp-json\/wp\/v2\/types\/post"}],"author":[{"embeddable":true,"href":"https:\/\/www.europesays.com\/no\/wp-json\/wp\/v2\/users\/2"}],"replies":[{"embeddable":true,"href":"https:\/\/www.europesays.com\/no\/wp-json\/wp\/v2\/comments?post=122183"}],"version-history":[{"count":0,"href":"https:\/\/www.europesays.com\/no\/wp-json\/wp\/v2\/posts\/122183\/revisions"}],"wp:featuredmedia":[{"embeddable":true,"href":"https:\/\/www.europesays.com\/no\/wp-json\/wp\/v2\/media\/122184"}],"wp:attachment":[{"href":"https:\/\/www.europesays.com\/no\/wp-json\/wp\/v2\/media?parent=122183"}],"wp:term":[{"taxonomy":"category","embeddable":true,"href":"https:\/\/www.europesays.com\/no\/wp-json\/wp\/v2\/categories?post=122183"},{"taxonomy":"post_tag","embeddable":true,"href":"https:\/\/www.europesays.com\/no\/wp-json\/wp\/v2\/tags?post=122183"}],"curies":[{"name":"wp","href":"https:\/\/api.w.org\/{rel}","templated":true}]}}