{"id":122185,"date":"2025-12-26T12:57:12","date_gmt":"2025-12-26T12:57:12","guid":{"rendered":"https:\/\/www.europesays.com\/no\/122185\/"},"modified":"2025-12-26T12:57:12","modified_gmt":"2025-12-26T12:57:12","slug":"trafikk-lofoten-turister-nektet-a-forlate-full-buss-kraftig-forsinkelse","status":"publish","type":"post","link":"https:\/\/www.europesays.com\/no\/122185\/","title":{"rendered":"Trafikk, Lofoten | Turister nektet \u00e5 forlate full buss \u2013 kraftig forsinkelse"},"content":{"rendered":"\n<p>Bussen som forlot Narvik 09:45 i retning Lofoten er forsinket med inntil en time.<\/p>\n<p>En tipser sier til Fremover at det var en gruppe asiatiske turister som nektet \u00e5 forlate den fulle bussen ved Evenes flyplass.<\/p>\n<p>Politiet bekrefter at de ble bedt om \u00e5 komme til stedet, men Operasjonssentralen i Nordland forteller til Fremover at de ikke har anledning til \u00e5 bist\u00e5 i slike situasjoner.<\/p>\n<p>Ogs\u00e5 trafikkmeldinger fra Nordland fylkeskommune bekrefter at bussen er kraftig forsinket.<\/p>\n<p>\u2013 Gjorde alt han kunne<\/p>\n<p>Tipseren forteller at bussen var nesten full allerede da de kom til Evenes flyplass.<\/p>\n<p>\u2013 Turistene h\u00f8rte ikke p\u00e5 sj\u00e5f\u00f8ren sa han sa de m\u00e5tte vente utenfor. Alle sa at de hadde billett og nektet \u00e5 g\u00e5 av slik at han kunne kj\u00f8re, sier tipseren.<\/p>\n<p>Hun forteller at en vekter fra flyplassen m\u00e5tte komme ut og l\u00f8se situasjonen.<\/p>\n<p>\u2013 Han gjorde alt han kunne for at det skulle ordne seg for alle, og fortjener ros for det, sier tipseren.<\/p>\n<p>Dette svarer Boreal<\/p>\n<p>Jon Kristian Fadnes, presseansvarlig i Boreal bekrefter hendelsen.<\/p>\n<p>Han forteller at bussen ankom Evenes flyplass nogenlunde i rute.<\/p>\n<p>\u2013 I tillegg til ordin\u00e6re reisende var det flere st\u00f8rre reisegrupper som \u00f8nsket \u00e5 v\u00e6re med, som ikke var forh\u00e5ndsmeldt, sier Fadnes, og fortsetter:<\/p>\n<p>\u2013 Vi fors\u00f8kte \u00e5 f\u00e5 satt opp ekstra kapasitet, b\u00e5de ved hjelp av egne sj\u00e5f\u00f8rer og gjennom andre busselskaper, men dette lot seg ikke l\u00f8se p\u00e5 kort varsel og p\u00e5 en helligdag.<\/p>\n<p>Fadnes bekrefter ogs\u00e5 at reisende nektet \u00e5 forlate bussen og at vekteren ved flyplassen m\u00e5tte bist\u00e5.<\/p>\n","protected":false},"excerpt":{"rendered":"Bussen som forlot Narvik 09:45 i retning Lofoten er forsinket med inntil en time. En tipser sier til&hellip;\n","protected":false},"author":2,"featured_media":2503,"comment_status":"","ping_status":"","sticky":false,"template":"","format":"standard","meta":{"footnotes":""},"categories":[10],"tags":[36,20,21,2760,24,25,15,22,23,803,13,30,28,29,14,16,1510,26,27,224],"class_list":{"0":"post-122185","1":"post","2":"type-post","3":"status-publish","4":"format-standard","5":"has-post-thumbnail","7":"category-norge","8":"tag-art","9":"tag-breaking-news","10":"tag-breakingnews","11":"tag-buss","12":"tag-featured-news","13":"tag-featurednews","14":"tag-headlines","15":"tag-latest-news","16":"tag-latestnews","17":"tag-lofoten","18":"tag-news","19":"tag-no","20":"tag-norge","21":"tag-norway","22":"tag-nyheter","23":"tag-overskrifter","24":"tag-story","25":"tag-top-stories","26":"tag-topstories","27":"tag-trafikk"},"share_on_mastodon":{"url":"https:\/\/pubeurope.com\/@no\/115785986473053032","error":""},"_links":{"self":[{"href":"https:\/\/www.europesays.com\/no\/wp-json\/wp\/v2\/posts\/122185","targetHints":{"allow":["GET"]}}],"collection":[{"href":"https:\/\/www.europesays.com\/no\/wp-json\/wp\/v2\/posts"}],"about":[{"href":"https:\/\/www.europesays.com\/no\/wp-json\/wp\/v2\/types\/post"}],"author":[{"embeddable":true,"href":"https:\/\/www.europesays.com\/no\/wp-json\/wp\/v2\/users\/2"}],"replies":[{"embeddable":true,"href":"https:\/\/www.europesays.com\/no\/wp-json\/wp\/v2\/comments?post=122185"}],"version-history":[{"count":0,"href":"https:\/\/www.europesays.com\/no\/wp-json\/wp\/v2\/posts\/122185\/revisions"}],"wp:featuredmedia":[{"embeddable":true,"href":"https:\/\/www.europesays.com\/no\/wp-json\/wp\/v2\/media\/2503"}],"wp:attachment":[{"href":"https:\/\/www.europesays.com\/no\/wp-json\/wp\/v2\/media?parent=122185"}],"wp:term":[{"taxonomy":"category","embeddable":true,"href":"https:\/\/www.europesays.com\/no\/wp-json\/wp\/v2\/categories?post=122185"},{"taxonomy":"post_tag","embeddable":true,"href":"https:\/\/www.europesays.com\/no\/wp-json\/wp\/v2\/tags?post=122185"}],"curies":[{"name":"wp","href":"https:\/\/api.w.org\/{rel}","templated":true}]}}