{"id":122186,"date":"2025-12-26T12:58:45","date_gmt":"2025-12-26T12:58:45","guid":{"rendered":"https:\/\/www.europesays.com\/no\/122186\/"},"modified":"2025-12-26T12:58:45","modified_gmt":"2025-12-26T12:58:45","slug":"framsto-latterlig-dagbladet","status":"publish","type":"post","link":"https:\/\/www.europesays.com\/no\/122186\/","title":{"rendered":"&#8211; Framsto latterlig &#8211; Dagbladet"},"content":{"rendered":"<ol>\n<li><a href=\"https:\/\/news.google.com\/rss\/articles\/CBMiaEFVX3lxTE9iUnRscXBUYnBzbmhsNVo2RzNDNjNWVHRteENoMzVVRnh6aVRncC1DdVJJZ2VlVjFvaVhZdmNuckllSm9mbTdpcDd4WGc0V19oN1I4YnZqbmlPV1hiVlk3RnBKSjJ0R2Fu?oc=5\" target=\"_blank\" rel=\"nofollow noopener\">&#8211; Framsto latterlig<\/a>&nbsp;&nbsp;Dagbladet<\/li>\n<li><a href=\"https:\/\/news.google.com\/rss\/articles\/CBMiwwFBVV95cUxNWTR3T0JnUXRSSWx4SmRTUTAwbkxWZUpQY3EwXzBYcWZ4QVk4NU1QcWtoRVl2c25TSUhOclZoVkxONmlKaGpWYlp3NmU5ODhES3F3eGJRQ0Z1cF9tRkRMYXJGOS1OMlV6OFEyM2xGMTJHNHM2SnBIcUZyQjBDRTloN1dXQ083N2NCLVo2NDNhcDQwYzlteXUyc3pXUVdOM2ZiV0tOQUtvbm1pUjJJOUhSV1BMSUg2R2JNXzlsd3VTTEU1cVE?oc=5\" target=\"_blank\" rel=\"nofollow noopener\">VM i hurtigsjakk: Magnus Carlsen vant \u00e5pningspartiet &#8211; stormester stusset underveis<\/a>&nbsp;&nbsp;NRK<\/li>\n<li><a href=\"https:\/\/news.google.com\/rss\/articles\/CBMiqgFBVV95cUxPd2lnZEtjQXN6aVdLeVZBR2RMU2U5Q3NCQ1Vwc21ESlRtMDkwZkJSNUo3MkdHdEdBWEJDUjRhWEdkOG5pN1k2ODVBQzFETVRlaDFIdmpId01QZm1WWWFUV2xXRmp2SXZ0TUF6Ql9lck1aMmJsR1czenVNVUJFOVQ5MEJHcFFkWFR0MGpFWndoQk9RaTVYZ014RDZlMXlORS1ndDdyUFBzaHVjdw?oc=5\" target=\"_blank\" rel=\"nofollow noopener\">Carlsen vekker oppsikt under VM: \u2013 Kan bli kontroverser<\/a>&nbsp;&nbsp;Nettavisen<\/li>\n<li><a href=\"https:\/\/news.google.com\/rss\/articles\/CBMipwFBVV95cUxPeElYOWJQZnBvQ3VyTjhqUlY3Rnk0X2REdHpYWlF3aFBpZ1N4Yi1vS3VIZkUzT1BhYlRtN25ka3o3aXhBVWlpOHZZSUlWMkJGVXVyd0VWVFhiM3hWVGhmQVc4ZzJwUW5fRDNiaE5pTFV2bkJJemZKYnhoNnZhcG5oSlJBSEJoV3kwcGZsX1pvdU5pWjZGWmdjZ1dVc2k1Z3VKTHFUZjlacw?oc=5\" target=\"_blank\" rel=\"nofollow noopener\">Magnus Carlsen skapte kaos \u2013 dramaet som sjokkerte sjakkverdenen<\/a>&nbsp;&nbsp;Stavanger Aftenblad<\/li>\n<li><a href=\"https:\/\/news.google.com\/rss\/articles\/CBMiswFBVV95cUxOVTdRQ1RDVExmRnllY3VzamgzRktZYW1DRXAzNXRUaXNkc2FuV1F0MFNET2o0Qy1rT05HVndRaW5fdTh1VWpGMjVJelFVczRBWG5weXdTbU5nM2luc2hpQzNhUEVxdThkd0o2V3p4Nm44VUNMYjJjTDNfeklpb0tBcmhRYXpvNmpFR0xnLTE0RFFnNVVVZ1J0ZGdVQVVtU05iYVNibkxrTERsMGtXN0lhM3F3Zw?oc=5\" target=\"_blank\" rel=\"nofollow noopener\">Husker du jeans-br\u00e5ket p\u00e5 NRK? N\u00e5 er reglene snudd p\u00e5 hodet<\/a>&nbsp;&nbsp;Aftenposten<\/li>\n<\/ol>\n","protected":false},"excerpt":{"rendered":"&#8211; Framsto latterlig&nbsp;&nbsp;Dagbladet VM i hurtigsjakk: Magnus Carlsen vant \u00e5pningspartiet &#8211; stormester stusset underveis&nbsp;&nbsp;NRK Carlsen vekker oppsikt under&hellip;\n","protected":false},"author":2,"featured_media":122187,"comment_status":"","ping_status":"","sticky":false,"template":"","format":"standard","meta":{"footnotes":""},"categories":[5],"tags":[20,21,24,25,15,19,22,23,17,18,13,30,28,29,14,16,7611,83,26,27],"class_list":{"0":"post-122186","1":"post","2":"type-post","3":"status-publish","4":"format-standard","5":"has-post-thumbnail","7":"category-overskrifter","8":"tag-breaking-news","9":"tag-breakingnews","10":"tag-featured-news","11":"tag-featurednews","12":"tag-headlines","13":"tag-hovedoppslag","14":"tag-latest-news","15":"tag-latestnews","16":"tag-main-news","17":"tag-mainnews","18":"tag-news","19":"tag-no","20":"tag-norge","21":"tag-norway","22":"tag-nyheter","23":"tag-overskrifter","24":"tag-sjakk","25":"tag-sport","26":"tag-top-stories","27":"tag-topstories"},"share_on_mastodon":{"url":"https:\/\/pubeurope.com\/@no\/115785990435989157","error":""},"_links":{"self":[{"href":"https:\/\/www.europesays.com\/no\/wp-json\/wp\/v2\/posts\/122186","targetHints":{"allow":["GET"]}}],"collection":[{"href":"https:\/\/www.europesays.com\/no\/wp-json\/wp\/v2\/posts"}],"about":[{"href":"https:\/\/www.europesays.com\/no\/wp-json\/wp\/v2\/types\/post"}],"author":[{"embeddable":true,"href":"https:\/\/www.europesays.com\/no\/wp-json\/wp\/v2\/users\/2"}],"replies":[{"embeddable":true,"href":"https:\/\/www.europesays.com\/no\/wp-json\/wp\/v2\/comments?post=122186"}],"version-history":[{"count":0,"href":"https:\/\/www.europesays.com\/no\/wp-json\/wp\/v2\/posts\/122186\/revisions"}],"wp:featuredmedia":[{"embeddable":true,"href":"https:\/\/www.europesays.com\/no\/wp-json\/wp\/v2\/media\/122187"}],"wp:attachment":[{"href":"https:\/\/www.europesays.com\/no\/wp-json\/wp\/v2\/media?parent=122186"}],"wp:term":[{"taxonomy":"category","embeddable":true,"href":"https:\/\/www.europesays.com\/no\/wp-json\/wp\/v2\/categories?post=122186"},{"taxonomy":"post_tag","embeddable":true,"href":"https:\/\/www.europesays.com\/no\/wp-json\/wp\/v2\/tags?post=122186"}],"curies":[{"name":"wp","href":"https:\/\/api.w.org\/{rel}","templated":true}]}}