{"id":122188,"date":"2025-12-26T12:59:10","date_gmt":"2025-12-26T12:59:10","guid":{"rendered":"https:\/\/www.europesays.com\/no\/122188\/"},"modified":"2025-12-26T12:59:10","modified_gmt":"2025-12-26T12:59:10","slug":"vil-ha-vm-fest-men-prislappen-blir-for-hog-sunnhordland-no","status":"publish","type":"post","link":"https:\/\/www.europesays.com\/no\/122188\/","title":{"rendered":"Vil ha VM-fest. Men prislappen blir for h\u00f8g &#8211; sunnhordland.no"},"content":{"rendered":"<ol>\n<li><a href=\"https:\/\/news.google.com\/rss\/articles\/CBMijwFBVV95cUxNdktlMUZrU1hWbVZ2WG9DakNodWJ4YWNjUE1Gbjk0REZla3Zwc1F4aFFuRTYtUkxqRlVyZzBfV1J6d25TUEZKa21ueU0yTGNwcjctNEhnNENqTjVfS1hFXzhGUW9rTWpfRzdtb3BOb09WWmNiamJRZVl5WWt0bHZtRHowUmFwM0RCbndnZGx3NA?oc=5\" target=\"_blank\" rel=\"nofollow noopener\">Vil ha VM-fest. Men prislappen blir for h\u00f8g<\/a>&nbsp;&nbsp;sunnhordland.no<\/li>\n<li><a href=\"https:\/\/news.google.com\/rss\/articles\/CBMibEFVX3lxTE5WWFdSZTdxaGdWOWUxS0VJbTIwLVdEcXY1QjNWUkNFa25wbElsOWtvXzBFQ3prNWtQc0dqTXpCRmlreDE1UnRSX3I0M3N3R1J5MVdVSF9fMGozX3Vxalc1OUVBRzNNZ0dqbG9rSA?oc=5\" target=\"_blank\" rel=\"nofollow noopener\">H\u00f8y pris stopper VM-visning p\u00e5 storskjerm<\/a>&nbsp;&nbsp;Radio Haugaland<\/li>\n<li><a href=\"https:\/\/news.google.com\/rss\/articles\/CBMizgFBVV95cUxQUnBIc3A3XzVtVVVrQjdLQzBSTldncy1wTDAxWlJXYWRaZnJPNllKMjBOWWhjZmhBbDF6NWtuaHZ1S3hxX0N3SThmMGlYRzZFc2NTUGNYWF9KbFJTa0pzTFk1UnBwUWRHV2xNSjZDUzc2UW8wYldPS3FIU0lETHpXMkJmTE5YTmQ4eTNnWkpOU3h4MUFqWGdpZ05FLWhHS3RxYkRVRGhESHM4SWFXeFpZUWtUYkk1S1ZGVVJTQllzekw1WkZpdEVqaTRMVjE2dw?oc=5\" target=\"_blank\" rel=\"nofollow noopener\">Fotball-VM-folkefest ble tema i kommunestyrem\u00f8tet: \u2013 Jeg h\u00e5per vi kan t\u00f8ye regelverket maksimalt<\/a>&nbsp;&nbsp;Halden Arbeiderblad<\/li>\n<li><a href=\"https:\/\/news.google.com\/rss\/articles\/CBMiaEFVX3lxTE1FWHlNeHU3Q1RMVGp3RklNUnVUS1VQNWhfZ0ZNNnIzQVdSelpJeGdKN1ZJcFRYS0xtVXZrR3N5eDhvdzB4MEI5N01Jd3ByRFMzZUZiWkRZNUtacGpUcVZHelhjOVpXamhJ?oc=5\" target=\"_blank\" rel=\"nofollow noopener\">Sport, Fotball | Her blir det VM-fest<\/a>&nbsp;&nbsp;Haugesunds Avis<\/li>\n<li><a href=\"https:\/\/news.google.com\/rss\/articles\/CBMilwFBVV95cUxOOEJfUWhBUGpGY0dBQXdkd1BQeTJEbkFyZEJ2by15ZlJ1OGsyY3YtMGVLTlNYSVozVVhkMGFleEROal9xU1dwQU8tVlFsUFJIMjlxWXF5Smx4bi1kLVNzeWNyMUdCUmZEcl9FZ0JQLTk3RGd6VncxaXZHeWZQeFFZd1VvX1hWSW9OZ3YtX2piXzNVQ2pZaG9V?oc=5\" target=\"_blank\" rel=\"nofollow noopener\">Reagerer sterkt p\u00e5 fotball-nyhet: \u2013 De lokale blir \u00abpisset\u00bb p\u00e5<\/a>&nbsp;&nbsp;Hamar Arbeiderblad<\/li>\n<\/ol>\n","protected":false},"excerpt":{"rendered":"Vil ha VM-fest. Men prislappen blir for h\u00f8g&nbsp;&nbsp;sunnhordland.no H\u00f8y pris stopper VM-visning p\u00e5 storskjerm&nbsp;&nbsp;Radio Haugaland Fotball-VM-folkefest ble tema&hellip;\n","protected":false},"author":2,"featured_media":122189,"comment_status":"","ping_status":"","sticky":false,"template":"","format":"standard","meta":{"footnotes":""},"categories":[59],"tags":[30,28,29,83,82],"class_list":{"0":"post-122188","1":"post","2":"type-post","3":"status-publish","4":"format-standard","5":"has-post-thumbnail","7":"category-sport","8":"tag-no","9":"tag-norge","10":"tag-norway","11":"tag-sport","12":"tag-sports"},"share_on_mastodon":{"url":"https:\/\/pubeurope.com\/@no\/115785994256505129","error":""},"_links":{"self":[{"href":"https:\/\/www.europesays.com\/no\/wp-json\/wp\/v2\/posts\/122188","targetHints":{"allow":["GET"]}}],"collection":[{"href":"https:\/\/www.europesays.com\/no\/wp-json\/wp\/v2\/posts"}],"about":[{"href":"https:\/\/www.europesays.com\/no\/wp-json\/wp\/v2\/types\/post"}],"author":[{"embeddable":true,"href":"https:\/\/www.europesays.com\/no\/wp-json\/wp\/v2\/users\/2"}],"replies":[{"embeddable":true,"href":"https:\/\/www.europesays.com\/no\/wp-json\/wp\/v2\/comments?post=122188"}],"version-history":[{"count":0,"href":"https:\/\/www.europesays.com\/no\/wp-json\/wp\/v2\/posts\/122188\/revisions"}],"wp:featuredmedia":[{"embeddable":true,"href":"https:\/\/www.europesays.com\/no\/wp-json\/wp\/v2\/media\/122189"}],"wp:attachment":[{"href":"https:\/\/www.europesays.com\/no\/wp-json\/wp\/v2\/media?parent=122188"}],"wp:term":[{"taxonomy":"category","embeddable":true,"href":"https:\/\/www.europesays.com\/no\/wp-json\/wp\/v2\/categories?post=122188"},{"taxonomy":"post_tag","embeddable":true,"href":"https:\/\/www.europesays.com\/no\/wp-json\/wp\/v2\/tags?post=122188"}],"curies":[{"name":"wp","href":"https:\/\/api.w.org\/{rel}","templated":true}]}}