{"id":122204,"date":"2025-12-26T13:24:08","date_gmt":"2025-12-26T13:24:08","guid":{"rendered":"https:\/\/www.europesays.com\/no\/122204\/"},"modified":"2025-12-26T13:24:08","modified_gmt":"2025-12-26T13:24:08","slug":"savnet-i-over-to-dogn-alle-gjor-sitt-ytterste-sa-det-er-tungt-fvn-no","status":"publish","type":"post","link":"https:\/\/www.europesays.com\/no\/122204\/","title":{"rendered":"Savnet i over to d\u00f8gn: \u2013 Alle gj\u00f8r sitt ytterste, s\u00e5 det er tungt &#8211; fvn.no"},"content":{"rendered":"<ol>\n<li><a href=\"https:\/\/news.google.com\/rss\/articles\/CBMiqwFBVV95cUxPTnoyUFNZeGxlMDF2eTg5T0F4NHBjeGhLOWF2aGlpYl8xUTUyWnk0NGZ6bi1WYTQtS21RZnd0NmRUMUNQcEFRS2JuakFpMHc2N1N3eTVlbm9qRWZSTGdBYy1LbWRNYlRSQkpoX29LZHNnMmN1bEd4X2dkMUVKdm9QdTBKczk4Qm1YeklRU0M5R0U4UjBxMzJ4ODZYWGJwdVJ2clpic20zVTdnVkE?oc=5\" target=\"_blank\" rel=\"nofollow noopener\">Savnet i over to d\u00f8gn: \u2013 Alle gj\u00f8r sitt ytterste, s\u00e5 det er tungt<\/a>&nbsp;&nbsp;fvn.no<\/li>\n<li><a href=\"https:\/\/news.google.com\/rss\/articles\/CBMifkFVX3lxTE1teDJlcXA0MDQwMjM3djVOYXdEa0o4RjQwd0NtR0dRVGFSbFc1bzFnamEtdjlwSm45MS1oV3duNXcxbTlSd3FhYmV2UVZaRG1aZHNDbmRDNGhPSTBZdFVKMGJXcGN3b3ppUjlpZE45WXFKbFZBc2NFd2FESngyQQ?oc=5\" target=\"_blank\" rel=\"nofollow noopener\">Leteaksjon i Lyngdal fortsetter fredag<\/a>&nbsp;&nbsp;VG<\/li>\n<li><a href=\"https:\/\/news.google.com\/rss\/articles\/CBMihAFBVV95cUxQcUpJX3ZzUHlPX2I1aThPcnBSbnU1TGFvZ3YtdkVjN1VSalpMNjYwT0RKNnBxbUwtalJveEJ1Q3d6c2RSZHF1Nm1WbWxqd2dKcHdKWTAxT3Z3OHRmSG05WXZoZVBBYUJuMlUtYS1UTEVadWZVaEpyU3pPUEc4U2taSElhV3o?oc=5\" target=\"_blank\" rel=\"nofollow noopener\">Politiet: \u2013 Leteaksjonen vil fortsette utover dagen<\/a>&nbsp;&nbsp;lister24.no<\/li>\n<li><a href=\"https:\/\/news.google.com\/rss\/articles\/CBMifkFVX3lxTE1SajctOVJfQlFONFppNUgzWWREQ0QySHI0YWhXZVZFemx1SGNsVWNrTUJCWC1QT2ZSOEM3NDF1akh4cmN0ai1tbEV6VkUxYzhVYXVVc09QT1dsYlJSQVVIdjd2MURUT2JDdld4ZUZLR3pVVFhVZ013Y3ZrX0tqUQ?oc=5\" target=\"_blank\" rel=\"nofollow noopener\">Avslutter operativt s\u00f8k i Lyngdal<\/a>&nbsp;&nbsp;NRK<\/li>\n<li><a href=\"https:\/\/news.google.com\/rss\/articles\/CBMimgFBVV95cUxOZnZSQlk1RURPMWNfaE5RQ3hjSlJvRG14cVRsSEpqUi1ITTVIV1luOTdHZVgtcExsTFlLWWhjbXR4UEFYc0JFUmZydTlSQTl6bHN0RWs5TDgyTGtzRi1TSEhzOGxuRklSVnAySG1ONjRPMTZvTDRaZzE1TmhSbDI0OUxwVWNPUEhDZ1lMM2FQQVNyYi1Odll6RTBB?oc=5\" target=\"_blank\" rel=\"nofollow noopener\">Letaksjon, R\u00f8de Kors | Frederick (24) og frivillige fins\u00f8ker p\u00e5 nytt leteomr\u00e5det: &#8211; Hun kan fortsatt v\u00e6re i live<\/a>&nbsp;&nbsp;Lyngdals Avis<\/li>\n<\/ol>\n","protected":false},"excerpt":{"rendered":"Savnet i over to d\u00f8gn: \u2013 Alle gj\u00f8r sitt ytterste, s\u00e5 det er tungt&nbsp;&nbsp;fvn.no Leteaksjon i Lyngdal fortsetter&hellip;\n","protected":false},"author":2,"featured_media":122205,"comment_status":"","ping_status":"","sticky":false,"template":"","format":"standard","meta":{"footnotes":""},"categories":[5],"tags":[1309,20,21,24,25,15,19,22,23,717,17,18,13,30,28,29,14,16,111,214,48,9857,26,27],"class_list":{"0":"post-122204","1":"post","2":"type-post","3":"status-publish","4":"format-standard","5":"has-post-thumbnail","7":"category-overskrifter","8":"tag-agder","9":"tag-breaking-news","10":"tag-breakingnews","11":"tag-featured-news","12":"tag-featurednews","13":"tag-headlines","14":"tag-hovedoppslag","15":"tag-latest-news","16":"tag-latestnews","17":"tag-lyngdal","18":"tag-main-news","19":"tag-mainnews","20":"tag-news","21":"tag-no","22":"tag-norge","23":"tag-norway","24":"tag-nyheter","25":"tag-overskrifter","26":"tag-redningsaksjon","27":"tag-rode-kors","28":"tag-savnet","29":"tag-sivilforsvaret","30":"tag-top-stories","31":"tag-topstories"},"share_on_mastodon":{"url":"https:\/\/pubeurope.com\/@no\/115786092661468522","error":""},"_links":{"self":[{"href":"https:\/\/www.europesays.com\/no\/wp-json\/wp\/v2\/posts\/122204","targetHints":{"allow":["GET"]}}],"collection":[{"href":"https:\/\/www.europesays.com\/no\/wp-json\/wp\/v2\/posts"}],"about":[{"href":"https:\/\/www.europesays.com\/no\/wp-json\/wp\/v2\/types\/post"}],"author":[{"embeddable":true,"href":"https:\/\/www.europesays.com\/no\/wp-json\/wp\/v2\/users\/2"}],"replies":[{"embeddable":true,"href":"https:\/\/www.europesays.com\/no\/wp-json\/wp\/v2\/comments?post=122204"}],"version-history":[{"count":0,"href":"https:\/\/www.europesays.com\/no\/wp-json\/wp\/v2\/posts\/122204\/revisions"}],"wp:featuredmedia":[{"embeddable":true,"href":"https:\/\/www.europesays.com\/no\/wp-json\/wp\/v2\/media\/122205"}],"wp:attachment":[{"href":"https:\/\/www.europesays.com\/no\/wp-json\/wp\/v2\/media?parent=122204"}],"wp:term":[{"taxonomy":"category","embeddable":true,"href":"https:\/\/www.europesays.com\/no\/wp-json\/wp\/v2\/categories?post=122204"},{"taxonomy":"post_tag","embeddable":true,"href":"https:\/\/www.europesays.com\/no\/wp-json\/wp\/v2\/tags?post=122204"}],"curies":[{"name":"wp","href":"https:\/\/api.w.org\/{rel}","templated":true}]}}