{"id":122206,"date":"2025-12-26T13:25:38","date_gmt":"2025-12-26T13:25:38","guid":{"rendered":"https:\/\/www.europesays.com\/no\/122206\/"},"modified":"2025-12-26T13:25:38","modified_gmt":"2025-12-26T13:25:38","slug":"na-er-det-like-for-det-smeller-igjen-aldri-vaert-sa-stort-som-na-folkebladet-no","status":"publish","type":"post","link":"https:\/\/www.europesays.com\/no\/122206\/","title":{"rendered":"(+) N\u00e5 er det like f\u00f8r det smeller igjen: \u2013 Aldri v\u00e6rt s\u00e5 stort som n\u00e5 &#8211; folkebladet.no"},"content":{"rendered":"<ol>\n<li><a href=\"https:\/\/news.google.com\/rss\/articles\/CBMitgFBVV95cUxQWWJoajBUSEU0S3hybDM2ZlFaMGFPUWJ0V2hvTVZjVUZqeHZvYkx3NXNzbWhlVEV1dS1NQWtBS0ZLLTdaVDRjNDhNTkh6ZG1POFpOOGwzbDZ5aHN1RWRXUnlCRDVFaVNUZjF1eWhLaXFyTHZYcy1yb21MTnkySWsxSHRpSVNXbHpNU3ZGNFVGczNSSFREWUtYaHN3NTY5VGppaF8xWjJIb2d6OEh4R0I4Y0s0LVU4QQ?oc=5\" target=\"_blank\" rel=\"nofollow noopener\">(+) N\u00e5 er det like f\u00f8r det smeller igjen: \u2013 Aldri v\u00e6rt s\u00e5 stort som n\u00e5<\/a>&nbsp;&nbsp;folkebladet.no<\/li>\n<li><a href=\"https:\/\/news.google.com\/rss\/articles\/CBMirwFBVV95cUxOdWFtcnk5WkhfYzBYM21uVmFJMGhHOWhvM3pvc19GNFN2NUg5MFAwOTRza0hfTWp2ajNtQ3NiUE9UZWRJcjJ6NHpiWVQ5X3VHYVN2TUhKeW5sZnVZUlBobi1aNmdoWTJqYlVDZ0JCOXBiM1hMNktSbklnaXBhRjdKcTZhbU1kdjBxWXN1R3h0R1JSdld1NWpSVndUaDBoeFdmVDNCc095UklVYWNaSjJZ?oc=5\" target=\"_blank\" rel=\"nofollow noopener\">N\u00e5 er det like f\u00f8r det smeller igjen: \u2013 Aldri v\u00e6rt s\u00e5 stort som n\u00e5<\/a>&nbsp;&nbsp;Stavanger Aftenblad<\/li>\n<li><a href=\"https:\/\/news.google.com\/rss\/articles\/CBMiiAFBVV95cUxPbkRNaEE1LXFiMWYtYUg0WlVuSDVmQU5UQ3pqVVJpT2RHbk80dU5wRVluWERhNE9JVXF6N0NlYzUtQUFwRnRteEE4MWg4TzdLVkJYTWtrcVAzTDVZQjUwTzdyNTVCTWJra2o1OHZiQjJhZDdVOFpmNWpjSVRSdDdTbXJ5ek1lbWJz?oc=5\" target=\"_blank\" rel=\"nofollow noopener\">Hansen tror det blir en god turnering<\/a>&nbsp;&nbsp;Radio Nordkapp<\/li>\n<li><a href=\"https:\/\/news.google.com\/rss\/articles\/CBMikAFBVV95cUxQS3AxdF9ncVllUDZVWHJPWWlUUVZ2cmpKb3FnTWh6c0xDZHNWeGM5aGJlcm8wWF9ELTctZFdLOEdUcE83amI0VEFLYVo4dWE5UUpuOHk3dXNPUkJqcVNVX0oyQ0gwTVRxOGxKSVdLQlBnbTh6UkhaVVNDWG5iYVpuOWFxV1hsX2VUdWV3UG5LSHI?oc=5\" target=\"_blank\" rel=\"nofollow noopener\">Sport, Fotball | Ny rekord i romjula \u2013 n\u00e5 skal det avgj\u00f8res hvem som m\u00f8tes<\/a>&nbsp;&nbsp;Avisa Nordland<\/li>\n<li><a href=\"https:\/\/news.google.com\/rss\/articles\/CBMinAFBVV95cUxNTUNFUFB5TkRvOEVpM2hRYUM2OWd0S2duYWR1R1NoZTBMeFJlOXV2dU9PVVdOZGxhRW9kOFA5cjNvczd4OFQ5VmNnZy1wdzhJdTdVcm1BTVFCc0FnUV9RcV9sWGhMdnVLMk9tQWRESGdENGVKWlBtZWI3dS1fcTJNUmttNHBaLUxLUmVpaC1SV0RoeGI2YVZzbU9nSjc?oc=5\" target=\"_blank\" rel=\"nofollow noopener\">Sport, H\u00e5ndball | Tradisjonen tro: \u00c5rets siste dueller venter i Romjulsturneringen<\/a>&nbsp;&nbsp;Kronstadposten<\/li>\n<\/ol>\n","protected":false},"excerpt":{"rendered":"(+) N\u00e5 er det like f\u00f8r det smeller igjen: \u2013 Aldri v\u00e6rt s\u00e5 stort som n\u00e5&nbsp;&nbsp;folkebladet.no N\u00e5 er&hellip;\n","protected":false},"author":2,"featured_media":122207,"comment_status":"","ping_status":"","sticky":false,"template":"","format":"standard","meta":{"footnotes":""},"categories":[59],"tags":[14500,14498,30,28,29,14499,83,82],"class_list":{"0":"post-122206","1":"post","2":"type-post","3":"status-publish","4":"format-standard","5":"has-post-thumbnail","7":"category-sport","8":"tag-fk-senja","9":"tag-ik-slegga","10":"tag-no","11":"tag-norge","12":"tag-norway","13":"tag-romjulsturnering","14":"tag-sport","15":"tag-sports"},"share_on_mastodon":{"url":"https:\/\/pubeurope.com\/@no\/115786096529480737","error":""},"_links":{"self":[{"href":"https:\/\/www.europesays.com\/no\/wp-json\/wp\/v2\/posts\/122206","targetHints":{"allow":["GET"]}}],"collection":[{"href":"https:\/\/www.europesays.com\/no\/wp-json\/wp\/v2\/posts"}],"about":[{"href":"https:\/\/www.europesays.com\/no\/wp-json\/wp\/v2\/types\/post"}],"author":[{"embeddable":true,"href":"https:\/\/www.europesays.com\/no\/wp-json\/wp\/v2\/users\/2"}],"replies":[{"embeddable":true,"href":"https:\/\/www.europesays.com\/no\/wp-json\/wp\/v2\/comments?post=122206"}],"version-history":[{"count":0,"href":"https:\/\/www.europesays.com\/no\/wp-json\/wp\/v2\/posts\/122206\/revisions"}],"wp:featuredmedia":[{"embeddable":true,"href":"https:\/\/www.europesays.com\/no\/wp-json\/wp\/v2\/media\/122207"}],"wp:attachment":[{"href":"https:\/\/www.europesays.com\/no\/wp-json\/wp\/v2\/media?parent=122206"}],"wp:term":[{"taxonomy":"category","embeddable":true,"href":"https:\/\/www.europesays.com\/no\/wp-json\/wp\/v2\/categories?post=122206"},{"taxonomy":"post_tag","embeddable":true,"href":"https:\/\/www.europesays.com\/no\/wp-json\/wp\/v2\/tags?post=122206"}],"curies":[{"name":"wp","href":"https:\/\/api.w.org\/{rel}","templated":true}]}}